{"id":7597,"date":"2023-11-07T14:47:00","date_gmt":"2023-11-07T19:47:00","guid":{"rendered":"https:\/\/www.sedarauca.edu.co\/?p=7597"},"modified":"2023-11-08T10:52:12","modified_gmt":"2023-11-08T15:52:12","slug":"secretaria-de-educacion-departamental-de-arauca-realizara-nuevas-audiencias-de-adjudicacion-de-plazas-docentes","status":"publish","type":"post","link":"https:\/\/www.sedarauca.edu.co\/index.php\/2023\/11\/07\/secretaria-de-educacion-departamental-de-arauca-realizara-nuevas-audiencias-de-adjudicacion-de-plazas-docentes\/","title":{"rendered":"<strong>Secretar\u00eda de Educaci\u00f3n Departamental de Arauca realizar\u00e1 nuevas audiencias de adjudicaci\u00f3n de plazas docentes<\/strong>"},"content":{"rendered":"<p>[et_pb_section fb_built=\u00bb1&#8243; theme_builder_area=\u00bbpost_content\u00bb _builder_version=\u00bb4.23.1&#8243; _module_preset=\u00bbdefault\u00bb][et_pb_row _builder_version=\u00bb4.23.1&#8243; _module_preset=\u00bbdefault\u00bb theme_builder_area=\u00bbpost_content\u00bb][et_pb_column _builder_version=\u00bb4.23.1&#8243; _module_preset=\u00bbdefault\u00bb type=\u00bb4_4&#8243; theme_builder_area=\u00bbpost_content\u00bb][et_pb_text _builder_version=\u00bb4.23.1&#8243; _module_preset=\u00bbdefault\u00bb theme_builder_area=\u00bbpost_content\u00bb custom_margin=\u00bb-40px||||false|false\u00bb hover_enabled=\u00bb0&#8243; sticky_enabled=\u00bb0&#8243;]<\/p>\n<p style=\"text-align: center;\"><span>\u201c<em>Los aspirantes deber\u00e1n presentarse en el lugar se\u00f1alado con media hora de anticipaci\u00f3n y presentar en original la c\u00e9dula de ciudadan\u00eda o, en su defecto, la contrase\u00f1a expedida por la Registradur\u00eda Nacional del Estado Civil\u201d, indic\u00f3 Yiseth Garrido, Directora de Talento Humano de la SED.\u00a0<\/em><\/span><\/p>\n<p>[\/et_pb_text][\/et_pb_column][\/et_pb_row][et_pb_row _builder_version=\u00bb4.23.1&#8243; _module_preset=\u00bbdefault\u00bb theme_builder_area=\u00bbpost_content\u00bb][et_pb_column _builder_version=\u00bb4.23.1&#8243; _module_preset=\u00bbdefault\u00bb type=\u00bb4_4&#8243; theme_builder_area=\u00bbpost_content\u00bb][et_pb_text _builder_version=\u00bb4.23.1&#8243; _module_preset=\u00bbdefault\u00bb theme_builder_area=\u00bbpost_content\u00bb custom_margin=\u00bb-10px||||false|false\u00bb hover_enabled=\u00bb0&#8243; sticky_enabled=\u00bb0&#8243;]<\/p>\n<p class=\"x_MsoNormal\" style=\"text-align: justify;\"><b><span class=\"x_ContentPasted1\">Arauca, 07 de noviembre de 2023<\/span><\/b><span class=\"x_ContentPasted1\"><span>\u00a0<\/span>&#8211; El proceso de selecci\u00f3n de docentes y directivos docentes en el departamento de Arauca, en colaboraci\u00f3n con la Comisi\u00f3n Nacional del Servicio Civil, llega a su etapa final con las audiencias de escogencia de plaza que se llevar\u00e1n a cabo los d\u00edas 9 y 10 de noviembre de 2023 y se realizar\u00e1n en el auditorio de la Asociaci\u00f3n de Educadores de Arauca &#8211; Asedar, ubicado en el barrio La Esperanza del municipio de Arauca, a partir de las 7:30 a.m.\u00a0<\/span><\/p>\n<p class=\"x_MsoNormal\" style=\"text-align: justify;\"><span class=\"x_ContentPasted1\">La convocatoria incluye la selecci\u00f3n de elegibles para cubrir 388 plazas en las \u00e1reas de Preescolar, Primaria y Coordinador; y\u00a0<span>\u00a0<\/span>en las \u00e1reas de Ciencias Naturales \u2013 Qu\u00edmica, Ciencias Naturales \u2013 F\u00edsica, Ciencias Naturales \u2013 Educaci\u00f3n Ambiental, Ciencias Sociales, Historia, Geograf\u00eda, Constituci\u00f3n Pol\u00edtica Democracia, Educaci\u00f3n art\u00edstica \u2013 artes pl\u00e1sticas, Educaci\u00f3n F\u00edsica, Recreaci\u00f3n Deporte, Educaci\u00f3n religiosa, Humanidades Lengua Castellana, Idioma extranjero ingl\u00e9s, Matem\u00e1ticas. \u00a0<\/span><\/p>\n<p class=\"x_MsoNormal\" style=\"text-align: justify;\"><span class=\"x_ContentPasted1\">Los elegibles a los cargos de Directivo Docente y Docentes en diversas \u00e1reas tendr\u00e1n la oportunidad de tomar decisiones informadas para su futura ubicaci\u00f3n, y se llevar\u00e1n a cabo de acuerdo con la Resoluci\u00f3n 10591 del 2023 de la CNSC, que reglamenta las audiencias p\u00fablicas para la selecci\u00f3n de vacantes en instituciones educativas oficiales.\u00a0<\/span><\/p>\n<p class=\"x_MsoNormal\" style=\"text-align: justify;\"><span class=\"x_ContentPasted1\">Adem\u00e1s, estas audiencias ser\u00e1n presenciales en el auditorio de Asedar y transmitidas en vivo a trav\u00e9s del Facebook de la Secretar\u00eda de Educaci\u00f3n Departamental de Arauca, asegurando la m\u00e1xima transparencia y accesibilidad para los aspirantes. Se les recuerda a los elegibles que no puedan asistir personalmente podr\u00e1n otorgar un poder especial autenticado ante notario para ser representados en la selecci\u00f3n de plaza.\u00a0<\/span><\/p>\n<p class=\"x_MsoNormal\" style=\"text-align: justify;\"><span class=\"x_ContentPasted1\">El llamado de la Entidad Territorial Certificada es a que los aspirantes se informen sobre la localizaci\u00f3n de las sedes educativas, rutas de acceso, disponibilidad de transporte, y costos asociados antes de la audiencia, para que puedan tomar decisiones fundamentadas y conscientes.\u00a0<\/span><\/p>\n<p class=\"x_MsoNormal\" style=\"text-align: justify;\"><span class=\"x_ContentPasted1\">Este proceso de selecci\u00f3n de docentes representa un paso importante en la mejora del sistema educativo de Arauca, y se espera que los seleccionados desempe\u00f1en un papel crucial en la transformaci\u00f3n de la educaci\u00f3n en la regi\u00f3n.\u00a0<\/span><\/p>\n<p>[\/et_pb_text][\/et_pb_column][\/et_pb_row][\/et_pb_section]<\/p>\n","protected":false},"excerpt":{"rendered":"<p>\u201cLos aspirantes deber\u00e1n presentarse en el lugar se\u00f1alado con media hora de anticipaci\u00f3n y presentar en original la c\u00e9dula de ciudadan\u00eda o, en su defecto, la contrase\u00f1a expedida por la Registradur\u00eda Nacional del Estado Civil\u201d, indic\u00f3 Yiseth Garrido, Directora de Talento Humano de la SED.\u00a0Arauca, 07 de noviembre de 2023\u00a0&#8211; El proceso de selecci\u00f3n de [&hellip;]<\/p>\n","protected":false},"author":1,"featured_media":7599,"comment_status":"closed","ping_status":"closed","sticky":false,"template":"","format":"standard","meta":{"_et_pb_use_builder":"on","_et_pb_old_content":"","_et_gb_content_width":"","footnotes":""},"categories":[6],"tags":[],"class_list":["post-7597","post","type-post","status-publish","format-standard","has-post-thumbnail","hentry","category-noticias"],"_links":{"self":[{"href":"https:\/\/www.sedarauca.edu.co\/index.php\/wp-json\/wp\/v2\/posts\/7597","targetHints":{"allow":["GET"]}}],"collection":[{"href":"https:\/\/www.sedarauca.edu.co\/index.php\/wp-json\/wp\/v2\/posts"}],"about":[{"href":"https:\/\/www.sedarauca.edu.co\/index.php\/wp-json\/wp\/v2\/types\/post"}],"author":[{"embeddable":true,"href":"https:\/\/www.sedarauca.edu.co\/index.php\/wp-json\/wp\/v2\/users\/1"}],"replies":[{"embeddable":true,"href":"https:\/\/www.sedarauca.edu.co\/index.php\/wp-json\/wp\/v2\/comments?post=7597"}],"version-history":[{"count":3,"href":"https:\/\/www.sedarauca.edu.co\/index.php\/wp-json\/wp\/v2\/posts\/7597\/revisions"}],"predecessor-version":[{"id":7602,"href":"https:\/\/www.sedarauca.edu.co\/index.php\/wp-json\/wp\/v2\/posts\/7597\/revisions\/7602"}],"wp:featuredmedia":[{"embeddable":true,"href":"https:\/\/www.sedarauca.edu.co\/index.php\/wp-json\/wp\/v2\/media\/7599"}],"wp:attachment":[{"href":"https:\/\/www.sedarauca.edu.co\/index.php\/wp-json\/wp\/v2\/media?parent=7597"}],"wp:term":[{"taxonomy":"category","embeddable":true,"href":"https:\/\/www.sedarauca.edu.co\/index.php\/wp-json\/wp\/v2\/categories?post=7597"},{"taxonomy":"post_tag","embeddable":true,"href":"https:\/\/www.sedarauca.edu.co\/index.php\/wp-json\/wp\/v2\/tags?post=7597"}],"curies":[{"name":"wp","href":"https:\/\/api.w.org\/{rel}","templated":true}]}}