{"id":7583,"date":"2023-11-03T16:07:00","date_gmt":"2023-11-03T21:07:00","guid":{"rendered":"https:\/\/www.sedarauca.edu.co\/?p=7583"},"modified":"2023-11-04T10:18:38","modified_gmt":"2023-11-04T15:18:38","slug":"comienza-la-temporada-de-matriculas-2024-con-mas-de-67-mil-cupos-escolares-disponibles-en-arauca","status":"publish","type":"post","link":"https:\/\/www.sedarauca.edu.co\/index.php\/2023\/11\/03\/comienza-la-temporada-de-matriculas-2024-con-mas-de-67-mil-cupos-escolares-disponibles-en-arauca\/","title":{"rendered":"<strong>Comienza la temporada de Matr\u00edculas 2024 con m\u00e1s de 67 mil cupos escolares disponibles en Arauca<\/strong>"},"content":{"rendered":"<p>[et_pb_section fb_built=\u00bb1&#8243; theme_builder_area=\u00bbpost_content\u00bb _builder_version=\u00bb4.23&#8243; _module_preset=\u00bbdefault\u00bb][et_pb_row _builder_version=\u00bb4.23&#8243; _module_preset=\u00bbdefault\u00bb theme_builder_area=\u00bbpost_content\u00bb][et_pb_column _builder_version=\u00bb4.23&#8243; _module_preset=\u00bbdefault\u00bb type=\u00bb4_4&#8243; theme_builder_area=\u00bbpost_content\u00bb][et_pb_text _builder_version=\u00bb4.23&#8243; _module_preset=\u00bbdefault\u00bb theme_builder_area=\u00bbpost_content\u00bb custom_margin=\u00bb-40px||||false|false\u00bb hover_enabled=\u00bb0&#8243; sticky_enabled=\u00bb0&#8243;]<\/p>\n<p><em>El secretario de Educaci\u00f3n Marceliano Guerrero, indic\u00f3 que del 6 al 10 de noviembre se llevar\u00e1 a cabo una gran \u201cMATRICULATON PARA TRANSICI\u00d3N\u201d en todos los establecimientos educativos del departamento de Arauca.<\/em><\/p>\n<p><em>Para los grados b\u00e1sica primaria, secundaria y media, el proceso de matr\u00edcula iniciar\u00e1 partir del 14 de noviembre.<\/em><\/p>\n<p>[\/et_pb_text][\/et_pb_column][\/et_pb_row][et_pb_row _builder_version=\u00bb4.23&#8243; _module_preset=\u00bbdefault\u00bb theme_builder_area=\u00bbpost_content\u00bb][et_pb_column _builder_version=\u00bb4.23&#8243; _module_preset=\u00bbdefault\u00bb type=\u00bb4_4&#8243; theme_builder_area=\u00bbpost_content\u00bb][et_pb_text _builder_version=\u00bb4.23&#8243; _module_preset=\u00bbdefault\u00bb theme_builder_area=\u00bbpost_content\u00bb custom_margin=\u00bb-20px||||false|false\u00bb hover_enabled=\u00bb0&#8243; sticky_enabled=\u00bb0&#8243;]<\/p>\n<div class=\"x_ContentPasted1\">\n<p style=\"text-align: justify;\"><strong>Arauca, 03 de noviembre de 2023.-<\/strong> La Secretar\u00eda de Educaci\u00f3n Departamental de Arauca se complace en anunciar el inicio de la campa\u00f1a \u00abTodos a estudiar\u00bb para el proceso de matr\u00edcula escolar del a\u00f1o 2024. Durante los meses de noviembre y diciembre, se invita a los padres de familia y cuidadores a inscribir a ni\u00f1os, ni\u00f1as y adolescentes en las instituciones educativas. El objetivo principal es asegurar que todos los ni\u00f1os en edad escolar reciban educaci\u00f3n.<\/p>\n<p style=\"text-align: justify;\">La campa\u00f1a comienza con una \u00abMATRICULAT\u00d3N PARA TRANSICI\u00d3N\u00bb programada del 6 al 10 de noviembre en todos los establecimientos educativos oficiales de Arauca, tanto en zonas rurales como urbanas. Esta jornada se enfoca en los ni\u00f1os que iniciar\u00e1n el grado de TRANSICI\u00d3N, con el prop\u00f3sito de ampliar la cobertura de la educaci\u00f3n inicial en todo el departamento.<\/p>\n<p style=\"text-align: justify;\">\u00a0\u201cInvitamos a los padres de familia que tengan hijos o hijas con cinco a\u00f1os de edad cumplidos o que los cumplan durante los primeros seis meses del 2024, para que acudan al colegio m\u00e1s cercano a su lugar de residencia y realicen el proceso de matr\u00edcula, recuerden llevar el Registro Civil, copia del documento de identidad de los padres y\/o acudientes y copia del carnet de vacunas al d\u00eda\u201d, indic\u00f3 el secretario de Educaci\u00f3n Departamental Marceliano Guerrero Alvarado.<\/p>\n<p style=\"text-align: justify;\">Para el a\u00f1o 2024, el departamento de Arauca dispone de un total de 67,777 cupos escolares en niveles de transici\u00f3n, b\u00e1sica primaria, secundaria y media. Estos se dividen en 5,675 para el grado transici\u00f3n, 34,181 para primaria, 20,796 para bachillerato de sexto a noveno, y 7,100 para los grados d\u00e9cimo y once.<\/p>\n<\/div>\n<p>[\/et_pb_text][\/et_pb_column][\/et_pb_row][et_pb_row _builder_version=\u00bb4.23&#8243; _module_preset=\u00bbdefault\u00bb theme_builder_area=\u00bbpost_content\u00bb][et_pb_column _builder_version=\u00bb4.23&#8243; _module_preset=\u00bbdefault\u00bb type=\u00bb4_4&#8243; theme_builder_area=\u00bbpost_content\u00bb][et_pb_image src=\u00bbhttps:\/\/www.sedarauca.edu.co\/wp-content\/uploads\/2023\/11\/Matric02.jpeg\u00bb _builder_version=\u00bb4.23&#8243; _module_preset=\u00bbdefault\u00bb theme_builder_area=\u00bbpost_content\u00bb title_text=\u00bbMatric02&#8243; hover_enabled=\u00bb0&#8243; sticky_enabled=\u00bb0&#8243;][\/et_pb_image][\/et_pb_column][\/et_pb_row][et_pb_row _builder_version=\u00bb4.23&#8243; _module_preset=\u00bbdefault\u00bb theme_builder_area=\u00bbpost_content\u00bb][et_pb_column _builder_version=\u00bb4.23&#8243; _module_preset=\u00bbdefault\u00bb type=\u00bb4_4&#8243; theme_builder_area=\u00bbpost_content\u00bb][et_pb_text _builder_version=\u00bb4.23&#8243; _module_preset=\u00bbdefault\u00bb theme_builder_area=\u00bbpost_content\u00bb hover_enabled=\u00bb0&#8243; sticky_enabled=\u00bb0&#8243;]<\/p>\n<p style=\"text-align: justify;\">Es importante destacar que la educaci\u00f3n oficial es gratuita, y la Entidad Territorial Certificada de Arauca ofrece beneficios para los estudiantes, como el Programa de Alimentaci\u00f3n Escolar (PAE), transporte escolar rural, residencias escolares y otros, que estar\u00e1n disponibles desde el primer d\u00eda de clases.<\/p>\n<p style=\"text-align: justify;\">El secretario Guerrero Alvarado enfatiz\u00f3 que estos beneficios tienen como objetivo promover el acceso y la permanencia de los estudiantes en el sistema educativo oficial. \u00abLa educaci\u00f3n es el camino para transformar vidas, por eso los invitamos a TODOS A ESTUDIAR,\u00bb expres\u00f3.<\/p>\n<p style=\"text-align: justify;\">Adem\u00e1s, para fortalecer el registro de la poblaci\u00f3n afrodescendiente en el sistema educativo oficial de Arauca, la Secretar\u00eda de Educaci\u00f3n Departamental, en colaboraci\u00f3n con representantes de la poblaci\u00f3n Negra, Afrocolombiana, Raizal y Palenquera, hace un llamado a los padres y cuidadores. Se les pide que, al formalizar la matr\u00edcula escolar de sus hijos, indiquen la pertenencia \u00e9tnica de los estudiantes. Esto se hace con el fin de contar con un censo de poblaci\u00f3n autorreconocida NARP en las instituciones educativas del departamento de Arauca y promover la participaci\u00f3n de los grupos \u00e9tnicos en los beneficios ofrecidos por el Gobierno colombiano, las entidades p\u00fablicas y las instituciones privadas.<\/p>\n<p>[\/et_pb_text][\/et_pb_column][\/et_pb_row][\/et_pb_section]<\/p>\n","protected":false},"excerpt":{"rendered":"<p>El secretario de Educaci\u00f3n Marceliano Guerrero, indic\u00f3 que del 6 al 10 de noviembre se llevar\u00e1 a cabo una gran \u201cMATRICULATON PARA TRANSICI\u00d3N\u201d en todos los establecimientos educativos del departamento de Arauca. Para los grados b\u00e1sica primaria, secundaria y media, el proceso de matr\u00edcula iniciar\u00e1 partir del 14 de noviembre. Arauca, 03 de noviembre de [&hellip;]<\/p>\n","protected":false},"author":1,"featured_media":7585,"comment_status":"closed","ping_status":"closed","sticky":false,"template":"","format":"standard","meta":{"_et_pb_use_builder":"on","_et_pb_old_content":"","_et_gb_content_width":"","footnotes":""},"categories":[21,6],"tags":[],"class_list":["post-7583","post","type-post","status-publish","format-standard","has-post-thumbnail","hentry","category-boletin","category-noticias"],"_links":{"self":[{"href":"https:\/\/www.sedarauca.edu.co\/index.php\/wp-json\/wp\/v2\/posts\/7583","targetHints":{"allow":["GET"]}}],"collection":[{"href":"https:\/\/www.sedarauca.edu.co\/index.php\/wp-json\/wp\/v2\/posts"}],"about":[{"href":"https:\/\/www.sedarauca.edu.co\/index.php\/wp-json\/wp\/v2\/types\/post"}],"author":[{"embeddable":true,"href":"https:\/\/www.sedarauca.edu.co\/index.php\/wp-json\/wp\/v2\/users\/1"}],"replies":[{"embeddable":true,"href":"https:\/\/www.sedarauca.edu.co\/index.php\/wp-json\/wp\/v2\/comments?post=7583"}],"version-history":[{"count":3,"href":"https:\/\/www.sedarauca.edu.co\/index.php\/wp-json\/wp\/v2\/posts\/7583\/revisions"}],"predecessor-version":[{"id":7588,"href":"https:\/\/www.sedarauca.edu.co\/index.php\/wp-json\/wp\/v2\/posts\/7583\/revisions\/7588"}],"wp:featuredmedia":[{"embeddable":true,"href":"https:\/\/www.sedarauca.edu.co\/index.php\/wp-json\/wp\/v2\/media\/7585"}],"wp:attachment":[{"href":"https:\/\/www.sedarauca.edu.co\/index.php\/wp-json\/wp\/v2\/media?parent=7583"}],"wp:term":[{"taxonomy":"category","embeddable":true,"href":"https:\/\/www.sedarauca.edu.co\/index.php\/wp-json\/wp\/v2\/categories?post=7583"},{"taxonomy":"post_tag","embeddable":true,"href":"https:\/\/www.sedarauca.edu.co\/index.php\/wp-json\/wp\/v2\/tags?post=7583"}],"curies":[{"name":"wp","href":"https:\/\/api.w.org\/{rel}","templated":true}]}}