{"id":7571,"date":"2023-11-04T08:36:00","date_gmt":"2023-11-04T13:36:00","guid":{"rendered":"https:\/\/www.sedarauca.edu.co\/?p=7571"},"modified":"2023-11-06T09:58:46","modified_gmt":"2023-11-06T14:58:46","slug":"citacion-a-audiencia-publica-para-escogencia-de-vacante-en-establecimiento-educativo-procesos-de-seleccion-cnsc-n-2150-a-2237-de-2021-y-n-2316-y-2406-de-2022-docentes-y-directivos","status":"publish","type":"post","link":"https:\/\/www.sedarauca.edu.co\/index.php\/2023\/11\/04\/citacion-a-audiencia-publica-para-escogencia-de-vacante-en-establecimiento-educativo-procesos-de-seleccion-cnsc-n-2150-a-2237-de-2021-y-n-2316-y-2406-de-2022-docentes-y-directivos\/","title":{"rendered":"<strong>Citaci\u00f3n a audiencia p\u00fablica para escogencia de vacante en establecimiento educativo &#8211; Procesos de selecci\u00f3n &#8211; CNSC &#8211; N\u00b0 2150 a 2237 de 2021 y N\u00b0 2316 y 2406 de 2022 &#8211; Docentes y Directivos Docentes &#8211; Nov. 09 de 2023<\/strong>"},"content":{"rendered":"<p>[et_pb_section fb_built=\u00bb1&#8243; _builder_version=\u00bb4.23&#8243; _module_preset=\u00bbdefault\u00bb global_colors_info=\u00bb{}\u00bb][et_pb_row _builder_version=\u00bb4.23&#8243; _module_preset=\u00bbdefault\u00bb global_colors_info=\u00bb{}\u00bb][et_pb_column type=\u00bb4_4&#8243; _builder_version=\u00bb4.23&#8243; _module_preset=\u00bbdefault\u00bb global_colors_info=\u00bb{}\u00bb][et_pb_text _builder_version=\u00bb4.23&#8243; _module_preset=\u00bbdefault\u00bb custom_margin=\u00bb-40px||||false|false\u00bb global_colors_info=\u00bb{}\u00bb]<\/p>\n<ul>\n<li style=\"text-align: center;\"><em> En una nueva etapa del concurso docente del magisterio, la Comisi\u00f3n Nacional del Servicio Civil \u2013 CNSC autoriz\u00f3 la citaci\u00f3n a las primeras audiencias OPEC para el departamento de Arauca.<\/em><\/li>\n<li style=\"text-align: center;\"><em> Este evento se llevar\u00e1 a cabo el 09 de noviembre en el auditorio de la Asociaci\u00f3n de Educadores de Arauca \u2013 Asedar, ubicado en calle 19 No. 22-74 barrio la Esperanza del municipio de Arauca a partir de las 7:30 a.m.<\/em><\/li>\n<\/ul>\n<p>[\/et_pb_text][\/et_pb_column][\/et_pb_row][et_pb_row _builder_version=\u00bb4.23&#8243; _module_preset=\u00bbdefault\u00bb global_colors_info=\u00bb{}\u00bb][et_pb_column type=\u00bb4_4&#8243; _builder_version=\u00bb4.23&#8243; _module_preset=\u00bbdefault\u00bb global_colors_info=\u00bb{}\u00bb][et_pb_text _builder_version=\u00bb4.23&#8243; _module_preset=\u00bbdefault\u00bb custom_margin=\u00bb-30px||||false|false\u00bb global_colors_info=\u00bb{}\u00bb]<\/p>\n<p><strong>Arauca, 04 de noviembre de 2023.<\/strong>\u00a0En el marco del proceso de selecci\u00f3n de docentes y directivos docentes llevado a cabo por la Comisi\u00f3n Nacional del Servicio Civil, en articulaci\u00f3n con la Secretar\u00eda de Educaci\u00f3n del departamento de Arauca, se ha programado para el jueves 09 de noviembre de 2023, audiencia p\u00fablica de escogencia de plaza para los elegibles que desempe\u00f1ar\u00e1n funciones en establecimientos educativos urbanos y rurales.<\/p>\n<p>A esta audiencia est\u00e1n convocados los elegibles a los cargos de Directivo Docente y Docentes \u2013 Poblaci\u00f3n Mayoritaria \u2013 2150 a 2237 de 2021 y 2316 y 2406 de 2022, en las \u00e1reas de Preescolar, Primaria y Coordinador.<\/p>\n<p>En total son 222 plazas las que ser\u00e1n provistas en esta audiencia de escogencia de establecimiento educativo.<\/p>\n<p>Cabe destacar que las audiencias se har\u00e1n acatando lo dictado por la Resoluci\u00f3n 10591 del 2023 de la CNSC que reglament\u00f3 las audiencias p\u00fablicas para selecci\u00f3n de vacantes en instituciones educativas oficiales \u201cde conformidad con las listas de elegibles para proveer que se rigen por el sistema especial de carrera docente\u201d. <a href=\"https:\/\/www.sedarauca.edu.co\/wp-content\/uploads\/2023\/10\/Resolucion-10591-de-2023.pdf\" title=\"Resoluci\u00f3n 10591 de 2023\">(Consulte aqu\u00ed)<\/a><\/p>\n<p>La Entidad Territorial Certificada hace un llamado a cada uno de los elegibles para que, verifiquen antes de la audiencia, la localizaci\u00f3n de las sedes educativas, sus distancias, rutas de acceso, disponibilidad de medios de transporte, recorridos y costos de ubicaci\u00f3n y de permanencia, entre otras caracter\u00edsticas; para que la decisi\u00f3n sobre la escogencia de la plaza se tome de manera consciente e informada.<\/p>\n<p><strong>Las audiencias<\/strong><\/p>\n<p>Las audiencias iniciar\u00e1n a las 7:30 de la ma\u00f1ana y se har\u00e1n de manera presencial en el auditorio de la Asociaci\u00f3n de Educadores de Arauca \u2013 Asedar, precisando que, adem\u00e1s ser\u00e1n transmitidas en vivo a trav\u00e9s del Facebook de la Secretar\u00eda de Educaci\u00f3n Departamental de Arauca.<\/p>\n<p>\u201cLos aspirantes deber\u00e1n presentarse en el lugar se\u00f1alado con media hora de anticipaci\u00f3n y presentar en original la c\u00e9dula de ciudadan\u00eda o, en su defecto, la contrase\u00f1a expedida por la Registradur\u00eda Nacional del Estado Civil. El aspirante que no pueda asistir a la audiencia podr\u00e1 otorgar poder especial debidamente autenticado ante notario, donde autorice expresamente a otra persona para que lo represente y firme el acta de selecci\u00f3n de plaza\u201d, explic\u00f3 Yiseth Garrido, Directora de Talento Humano\u00a0de\u00a0la\u00a0SED.<\/p>\n<p>[\/et_pb_text][\/et_pb_column][\/et_pb_row][et_pb_row _builder_version=\u00bb4.23&#8243; _module_preset=\u00bbdefault\u00bb global_colors_info=\u00bb{}\u00bb][et_pb_column type=\u00bb4_4&#8243; _builder_version=\u00bb4.23&#8243; _module_preset=\u00bbdefault\u00bb global_colors_info=\u00bb{}\u00bb][et_pb_divider _builder_version=\u00bb4.23&#8243; _module_preset=\u00bbdefault\u00bb hover_enabled=\u00bb0&#8243; global_colors_info=\u00bb{}\u00bb sticky_enabled=\u00bb0&#8243;][\/et_pb_divider][\/et_pb_column][\/et_pb_row][et_pb_row _builder_version=\u00bb4.23&#8243; _module_preset=\u00bbdefault\u00bb custom_margin=\u00bb-30px||-30px||false|false\u00bb global_colors_info=\u00bb{}\u00bb][et_pb_column type=\u00bb4_4&#8243; _builder_version=\u00bb4.23&#8243; _module_preset=\u00bbdefault\u00bb global_colors_info=\u00bb{}\u00bb][et_pb_text _builder_version=\u00bb4.23&#8243; _module_preset=\u00bbdefault\u00bb custom_margin=\u00bb||||false|false\u00bb hover_enabled=\u00bb0&#8243; global_colors_info=\u00bb{}\u00bb sticky_enabled=\u00bb0&#8243;]<\/p>\n<h5><strong>Citados<\/strong><\/h5>\n<p>[\/et_pb_text][\/et_pb_column][\/et_pb_row][et_pb_row _builder_version=\u00bb4.23&#8243; _module_preset=\u00bbdefault\u00bb link_option_url=\u00bbhttps:\/\/www.sedarauca.edu.co\/wp-content\/uploads\/2023\/11\/09_11_2023_audiencia_docente_departamento_de_arauca.pdf\u00bb link_option_url_new_window=\u00bbon\u00bb hover_enabled=\u00bb0&#8243; global_colors_info=\u00bb{}\u00bb sticky_enabled=\u00bb0&#8243;][et_pb_column type=\u00bb4_4&#8243; _builder_version=\u00bb4.23&#8243; _module_preset=\u00bbdefault\u00bb global_colors_info=\u00bb{}\u00bb][et_pb_code _builder_version=\u00bb4.23&#8243; _module_preset=\u00bbdefault\u00bb hover_enabled=\u00bb0&#8243; global_colors_info=\u00bb{}\u00bb sticky_enabled=\u00bb0&#8243;]<a href=\"https:\/\/www.sedarauca.edu.co\/wp-content\/uploads\/2023\/11\/09_11_2023_audiencia_docente_departamento_de_arauca.pdf\" class=\"pdfemb-viewer\" style=\"\" data-width=\"max\" data-height=\"max\" data-toolbar=\"bottom\" data-toolbar-fixed=\"on\">09_11_2023_audiencia_docente_departamento_de_arauca<\/a>[\/et_pb_code][\/et_pb_column][\/et_pb_row][et_pb_row _builder_version=\u00bb4.23&#8243; _module_preset=\u00bbdefault\u00bb custom_margin=\u00bb20px||||false|false\u00bb global_colors_info=\u00bb{}\u00bb][et_pb_column type=\u00bb4_4&#8243; _builder_version=\u00bb4.23&#8243; _module_preset=\u00bbdefault\u00bb global_colors_info=\u00bb{}\u00bb][et_pb_divider _builder_version=\u00bb4.23&#8243; _module_preset=\u00bbdefault\u00bb global_colors_info=\u00bb{}\u00bb][\/et_pb_divider][\/et_pb_column][\/et_pb_row][et_pb_row _builder_version=\u00bb4.23&#8243; _module_preset=\u00bbdefault\u00bb custom_margin=\u00bb-30px||-20px||false|false\u00bb global_colors_info=\u00bb{}\u00bb][et_pb_column type=\u00bb4_4&#8243; _builder_version=\u00bb4.23&#8243; _module_preset=\u00bbdefault\u00bb global_colors_info=\u00bb{}\u00bb][et_pb_text _builder_version=\u00bb4.23&#8243; _module_preset=\u00bbdefault\u00bb custom_margin=\u00bb||-10px||false|false\u00bb hover_enabled=\u00bb0&#8243; global_colors_info=\u00bb{}\u00bb sticky_enabled=\u00bb0&#8243;]<\/p>\n<h5><strong>Plazas<\/strong><\/h5>\n<p>[\/et_pb_text][\/et_pb_column][\/et_pb_row][et_pb_row _builder_version=\u00bb4.23&#8243; _module_preset=\u00bbdefault\u00bb link_option_url=\u00bbhttps:\/\/www.sedarauca.edu.co\/wp-content\/uploads\/2023\/11\/09_11_2023_opec_docente_departamento_de_arauca.pdf\u00bb link_option_url_new_window=\u00bbon\u00bb hover_enabled=\u00bb0&#8243; global_colors_info=\u00bb{}\u00bb sticky_enabled=\u00bb0&#8243;][et_pb_column type=\u00bb4_4&#8243; _builder_version=\u00bb4.23&#8243; _module_preset=\u00bbdefault\u00bb global_colors_info=\u00bb{}\u00bb][et_pb_code _builder_version=\u00bb4.23&#8243; _module_preset=\u00bbdefault\u00bb hover_enabled=\u00bb0&#8243; global_colors_info=\u00bb{}\u00bb sticky_enabled=\u00bb0&#8243;]<a href=\"https:\/\/www.sedarauca.edu.co\/wp-content\/uploads\/2023\/11\/09_11_2023_opec_docente_departamento_de_arauca.pdf\" class=\"pdfemb-viewer\" style=\"\" data-width=\"max\" data-height=\"max\" data-toolbar=\"bottom\" data-toolbar-fixed=\"on\">09_11_2023_opec_docente_departamento_de_arauca<\/a>[\/et_pb_code][\/et_pb_column][\/et_pb_row][\/et_pb_section]<\/p>\n","protected":false},"excerpt":{"rendered":"<p>En una nueva etapa del concurso docente del magisterio, la Comisi\u00f3n Nacional del Servicio Civil \u2013 CNSC autoriz\u00f3 la citaci\u00f3n a las primeras audiencias OPEC para el departamento de Arauca. Este evento se llevar\u00e1 a cabo el 09 de noviembre en el auditorio de la Asociaci\u00f3n de Educadores de Arauca \u2013 Asedar, ubicado en calle [&hellip;]<\/p>\n","protected":false},"author":1,"featured_media":7578,"comment_status":"closed","ping_status":"closed","sticky":false,"template":"","format":"standard","meta":{"_et_pb_use_builder":"on","_et_pb_old_content":"","_et_gb_content_width":"","footnotes":""},"categories":[20,36,25],"tags":[],"class_list":["post-7571","post","type-post","status-publish","format-standard","has-post-thumbnail","hentry","category-citacion","category-concurso","category-publicacion"],"_links":{"self":[{"href":"https:\/\/www.sedarauca.edu.co\/index.php\/wp-json\/wp\/v2\/posts\/7571","targetHints":{"allow":["GET"]}}],"collection":[{"href":"https:\/\/www.sedarauca.edu.co\/index.php\/wp-json\/wp\/v2\/posts"}],"about":[{"href":"https:\/\/www.sedarauca.edu.co\/index.php\/wp-json\/wp\/v2\/types\/post"}],"author":[{"embeddable":true,"href":"https:\/\/www.sedarauca.edu.co\/index.php\/wp-json\/wp\/v2\/users\/1"}],"replies":[{"embeddable":true,"href":"https:\/\/www.sedarauca.edu.co\/index.php\/wp-json\/wp\/v2\/comments?post=7571"}],"version-history":[{"count":10,"href":"https:\/\/www.sedarauca.edu.co\/index.php\/wp-json\/wp\/v2\/posts\/7571\/revisions"}],"predecessor-version":[{"id":7596,"href":"https:\/\/www.sedarauca.edu.co\/index.php\/wp-json\/wp\/v2\/posts\/7571\/revisions\/7596"}],"wp:featuredmedia":[{"embeddable":true,"href":"https:\/\/www.sedarauca.edu.co\/index.php\/wp-json\/wp\/v2\/media\/7578"}],"wp:attachment":[{"href":"https:\/\/www.sedarauca.edu.co\/index.php\/wp-json\/wp\/v2\/media?parent=7571"}],"wp:term":[{"taxonomy":"category","embeddable":true,"href":"https:\/\/www.sedarauca.edu.co\/index.php\/wp-json\/wp\/v2\/categories?post=7571"},{"taxonomy":"post_tag","embeddable":true,"href":"https:\/\/www.sedarauca.edu.co\/index.php\/wp-json\/wp\/v2\/tags?post=7571"}],"curies":[{"name":"wp","href":"https:\/\/api.w.org\/{rel}","templated":true}]}}