{"id":7518,"date":"2023-10-24T11:40:00","date_gmt":"2023-10-24T16:40:00","guid":{"rendered":"https:\/\/www.sedarauca.edu.co\/?p=7518"},"modified":"2023-11-01T15:21:55","modified_gmt":"2023-11-01T20:21:55","slug":"la-secretaria-de-educacion-departamental-de-arauca-da-a-conocer-el-calendario-academico-para-el-ano-2024","status":"publish","type":"post","link":"https:\/\/www.sedarauca.edu.co\/index.php\/2023\/10\/24\/la-secretaria-de-educacion-departamental-de-arauca-da-a-conocer-el-calendario-academico-para-el-ano-2024\/","title":{"rendered":"<strong>La Secretar\u00eda de Educaci\u00f3n Departamental de Arauca da a conocer el calendario acad\u00e9mico para el a\u00f1o 2024<\/strong>"},"content":{"rendered":"\n\n\n[et_pb_section fb_built=\u00bb1&#8243; _builder_version=\u00bb4.23&#8243; _module_preset=\u00bbdefault\u00bb global_colors_info=\u00bb{}\u00bb][et_pb_row _builder_version=\u00bb4.23&#8243; _module_preset=\u00bbdefault\u00bb global_colors_info=\u00bb{}\u00bb][et_pb_column type=\u00bb4_4&#8243; _builder_version=\u00bb4.23&#8243; _module_preset=\u00bbdefault\u00bb global_colors_info=\u00bb{}\u00bb][et_pb_text _builder_version=\u00bb4.23&#8243; _module_preset=\u00bbdefault\u00bb custom_margin=\u00bb-40px||||false|false\u00bb hover_enabled=\u00bb0&#8243; global_colors_info=\u00bb{}\u00bb sticky_enabled=\u00bb0&#8243;]<ul>\n<li style=\"text-align: center;\"><i><span lang=\"es-MX\">La Resoluci\u00f3n No 3067 de 2023 puede ser consultada en la p\u00e1gina de la Entidad Territorial Certificada de Arauca en<span>\u00a0<\/span><span><a href=\"http:\/\/www.arauca.gov.co\/\" target=\"_blank\" rel=\"noopener noreferrer\" data-auth=\"NotApplicable\" id=\"OWA5aad190e-2a03-6aa4-a190-0af50bb03b2c\" data-linkindex=\"0\">www.arauca.gov.co<\/a><\/span><span>\u00a0<\/span>y<span>\u00a0<\/span><span><a href=\"https:\/\/www.sedarauca.edu.co\/\" target=\"_blank\" rel=\"noopener noreferrer\" data-auth=\"NotApplicable\" id=\"OWAedaa452b-8760-8190-1519-bcafb4ffa1d4\" data-linkindex=\"1\">www.sedarauca.edu.co<\/a><\/span>\u00a0<\/span><\/i><\/li>\n<li style=\"text-align: center;\"><i><span lang=\"es-MX\">El calendario plantea el cumplimiento de las 40 semanas lectivas.\u00a0<\/span><\/i><\/li>\n<\/ul>[\/et_pb_text][\/et_pb_column][\/et_pb_row][et_pb_row _builder_version=\u00bb4.23&#8243; _module_preset=\u00bbdefault\u00bb global_colors_info=\u00bb{}\u00bb][et_pb_column type=\u00bb4_4&#8243; _builder_version=\u00bb4.23&#8243; _module_preset=\u00bbdefault\u00bb global_colors_info=\u00bb{}\u00bb][et_pb_text _builder_version=\u00bb4.23&#8243; _module_preset=\u00bbdefault\u00bb custom_margin=\u00bb-20px||||false|false\u00bb global_colors_info=\u00bb{}\u00bb]<div style=\"text-align: justify;\">\n<p><b><span lang=\"es-MX\">Arauca, 01 de noviembre de 2023.<span>\u00a0<\/span><span>\u00a0<\/span><\/span><\/b><span lang=\"es-MX\">La Administraci\u00f3n Departamental \u201cConstruyendo Futuro\u201d a trav\u00e9s de la Secretar\u00eda de Educaci\u00f3n Departamental estableci\u00f3 mediante Resoluci\u00f3n No. 3067 de 2023, el calendario escolar y acad\u00e9mico general del 2024, para los Establecimientos Educativos Oficiales y No Oficiales de los municipios no certificados del departamento de Arauca, que prestan el servicio p\u00fablico educativo en los niveles de Preescolar, B\u00e1sica y Media.\u00a0<\/span><\/p>\n<\/div>\n<p style=\"text-align: justify;\"><span lang=\"es-MX\">El calendario plantea el cumplimiento de las 40 semanas lectivas, distribuidas en dos per\u00edodos semestrales, as\u00ed:\u00a0<\/span><\/p>\n<p style=\"text-align: justify;\"><b><span lang=\"es-MX\">PRIMER PERIODO SEMESTRAL LECTIVO<\/span><\/b><span lang=\"es-MX\">: Del 22 de enero al 16 de junio de 2024. Veinte (20) semanas lectivas, excluyendo la Semana Santa que va del 25 de marzo de 2024 al 31 de marzo de 2024. \u00a0<\/span><\/p>\n<p style=\"text-align: justify;\"><b><span lang=\"es-MX\">SEGUNDO PERIODO SEMESTRAL LECTIVO:<\/span><\/b><span lang=\"es-MX\"><span>\u00a0<\/span>Del 08 de julio al 01 de diciembre de 2024. Veinte (20) semanas lectivas. Excluyendo la Cuarta Semana de Desarrollo Institucional comprendida del 07 al 13 de octubre de 2024.\u00a0<\/span><\/p>\n<p style=\"text-align: justify;\"><b><u><span lang=\"es-MX\">Vacaciones estudiantes\u00a0<\/span><\/u><\/b><\/p>\n<p style=\"text-align: justify;\"><span lang=\"es-MX\">El receso estudiantil tendr\u00eda un total de 12 semanas para los establecimientos educativos oficiales, en el que podr\u00e1n disfrutar en las fechas establecidas.\u00a0<\/span><\/p>\n<p style=\"text-align: justify;\"><span lang=\"es-MX\">Tres (3) semanas: Del 01 al 21 de enero de 2024 \u00a0<\/span><\/p>\n<p style=\"text-align: justify;\"><span lang=\"es-MX\">Una (1) semana: Del 25 al 31 de marzo de 2024 \u00a0<\/span><\/p>\n<p style=\"text-align: justify;\"><span lang=\"es-MX\">Tres (3) semanas: Del 17 de junio a 07 de julio de 2024 \u00a0<\/span><\/p>\n<p style=\"text-align: justify;\"><span lang=\"es-MX\">Una (1) semana: Del 07 al 13 de octubre de 2024 \u00a0<\/span><\/p>\n<p style=\"text-align: justify;\"><span lang=\"es-MX\">Cuatro (4) semanas: Del 02 al 29 diciembre de 2024\u00a0<\/span><\/p>\n<p style=\"text-align: justify;\"><b><u><span lang=\"es-MX\">Vacaciones para directivos docentes y docentes\u00a0<\/span><\/u><\/b><\/p>\n<p style=\"text-align: justify;\"><span lang=\"es-MX\">En este calendario escolar 2024, directivos docentes y docentes tendr\u00e1n derecho a siete (7) semanas, se dar\u00e1n en las siguientes fechas:\u00a0<\/span><\/p>\n<p style=\"text-align: justify;\"><span lang=\"es-MX\">Dos (2) semanas: Del 01 al 14 de enero 2024. \u00a0<\/span><\/p>\n<p style=\"text-align: justify;\"><span lang=\"es-MX\">Dos (2) semanas: Del 24 de junio al 07 de julio 2024.\u00a0<\/span><\/p>\n<p style=\"text-align: justify;\"><span lang=\"es-MX\">Tres (3) semanas: del 09 al 29 de diciembre de 2024.\u00a0<\/span><\/p>\n<p style=\"text-align: justify;\"><span lang=\"es-MX\">Los Establecimientos Educativos incluir\u00e1n y desarrollar\u00e1n dentro de su CALENDARIO ACADEMICO el \u00bb D\u00cdA DE LA EXCELENCIA y D\u00cdA E, DE LA FAMILIA\u00bb, seg\u00fan la fecha que establezca el Ministerio de Educaci\u00f3n Nacional para la vigencia 2024.\u00a0<\/span><\/p>\n<p style=\"text-align: justify;\"><b><u><span lang=\"es-MX\">Calendario acad\u00e9mico para colegios privados\u00a0<\/span><\/u><\/b><\/p>\n<p style=\"text-align: justify;\"><span lang=\"es-MX\">Para el caso de los Establecimientos Educativos no oficiales (privados), deber\u00e1n adoptar las medidas administrativas necesarias para organizar calendarios acad\u00e9micos que den cumplimiento a las cuarenta (40) semanas de duraci\u00f3n m\u00ednima establecida, y reportar esta informaci\u00f3n a la Direcci\u00f3n de Inspecci\u00f3n y Vigilancia de la Secretar\u00eda de Educaci\u00f3n Departamental de Arauca, a m\u00e1s tardar en la primera semana de inicio de trabajo acad\u00e9mico con los estudiantes.\u00a0<\/span><\/p>\n<p style=\"text-align: justify;\"><span lang=\"es-MX\">El secretario de Educaci\u00f3n Departamental Marceliano Guerrero Alvarado, indic\u00f3 que se espera para el pr\u00f3ximo a\u00f1o el cumplimiento exitoso del calendario acad\u00e9mico 2024 e invit\u00f3 a padres de familia y\/o cuidadores para que matriculen a sus hijos e hijas en los establecimientos educativos p\u00fablicos en donde contar\u00e1n con Programas que facilitan su acceso y permanencia en las aulas de clase, como lo son los servicios de alimentaci\u00f3n y transporte Escolar, los cuales se garantizar\u00e1n desde el primer d\u00eda de clases.\u00a0<\/span><\/p>\n<p style=\"text-align: justify;\"><span><span lang=\"es-MX\">\u201cImportante a que todos nuestros ni\u00f1os, ni\u00f1as y adolescentes en el departamento de Arauca se les garantice el derecho a la educaci\u00f3n, nosotros desde el gobierno departamental hacemos el llamado a los padres de familia y cuidadores de menores para que los matriculen con tiempo y ellos puedan desde el primer d\u00eda cumplir con las 40 semanas lectivas y se disfruten toda temporada escolar\u201d, manifest\u00f3 el secretario de Educaci\u00f3n Departamental.\u00a0<\/span><\/span><\/p>[\/et_pb_text][\/et_pb_column][\/et_pb_row][et_pb_row _builder_version=\u00bb4.23&#8243; _module_preset=\u00bbdefault\u00bb global_colors_info=\u00bb{}\u00bb][et_pb_column type=\u00bb4_4&#8243; _builder_version=\u00bb4.23&#8243; _module_preset=\u00bbdefault\u00bb global_colors_info=\u00bb{}\u00bb][et_pb_video src=\u00bbhttps:\/\/youtu.be\/RuUhZJ6k4qQ\u00bb _builder_version=\u00bb4.23&#8243; _module_preset=\u00bbdefault\u00bb border_radii=\u00bbon|30px|30px|30px|30px\u00bb global_colors_info=\u00bb{}\u00bb][\/et_pb_video][\/et_pb_column][\/et_pb_row][et_pb_row _builder_version=\u00bb4.23&#8243; _module_preset=\u00bbdefault\u00bb link_option_url=\u00bbhttps:\/\/www.sedarauca.edu.co\/wp-content\/uploads\/2023\/11\/RESOLUCION-3067-DE-2023-CALENDARIO-ACADEMICO-ANO-2024.pdf\u00bb link_option_url_new_window=\u00bbon\u00bb hover_enabled=\u00bb0&#8243; sticky_enabled=\u00bb0&#8243;][et_pb_column _builder_version=\u00bb4.23&#8243; _module_preset=\u00bbdefault\u00bb type=\u00bb4_4&#8243;][et_pb_code _builder_version=\u00bb4.23&#8243; _module_preset=\u00bbdefault\u00bb hover_enabled=\u00bb0&#8243; sticky_enabled=\u00bb0&#8243;]<a href=\"https:\/\/www.sedarauca.edu.co\/wp-content\/uploads\/2023\/11\/RESOLUCION-3067-DE-2023-CALENDARIO-ACADEMICO-ANO-2024.pdf\" class=\"pdfemb-viewer\" style=\"\" data-width=\"max\" data-height=\"max\" data-toolbar=\"bottom\" data-toolbar-fixed=\"on\">RESOLUCION-3067-DE-2023-CALENDARIO-ACADEMICO-ANO-2024<\/a>[\/et_pb_code][\/et_pb_column][\/et_pb_row][\/et_pb_section]\n\n\n","protected":false},"excerpt":{"rendered":"<p>La Resoluci\u00f3n No 3067 de 2023 puede ser consultada en la p\u00e1gina de la Entidad Territorial Certificada de Arauca en\u00a0www.arauca.gov.co\u00a0y\u00a0www.sedarauca.edu.co\u00a0 El calendario plantea el cumplimiento de las 40 semanas lectivas.\u00a0 Arauca, 01 de noviembre de 2023.\u00a0\u00a0La Administraci\u00f3n Departamental \u201cConstruyendo Futuro\u201d a trav\u00e9s de la Secretar\u00eda de Educaci\u00f3n Departamental estableci\u00f3 mediante Resoluci\u00f3n No. 3067 de 2023, [&hellip;]<\/p>\n","protected":false},"author":1,"featured_media":7530,"comment_status":"closed","ping_status":"closed","sticky":false,"template":"","format":"standard","meta":{"_et_pb_use_builder":"on","_et_pb_old_content":"","_et_gb_content_width":"","footnotes":""},"categories":[19,25,24],"tags":[],"class_list":["post-7518","post","type-post","status-publish","format-standard","has-post-thumbnail","hentry","category-construye-con-nosotros","category-publicacion","category-resolucion"],"_links":{"self":[{"href":"https:\/\/www.sedarauca.edu.co\/index.php\/wp-json\/wp\/v2\/posts\/7518","targetHints":{"allow":["GET"]}}],"collection":[{"href":"https:\/\/www.sedarauca.edu.co\/index.php\/wp-json\/wp\/v2\/posts"}],"about":[{"href":"https:\/\/www.sedarauca.edu.co\/index.php\/wp-json\/wp\/v2\/types\/post"}],"author":[{"embeddable":true,"href":"https:\/\/www.sedarauca.edu.co\/index.php\/wp-json\/wp\/v2\/users\/1"}],"replies":[{"embeddable":true,"href":"https:\/\/www.sedarauca.edu.co\/index.php\/wp-json\/wp\/v2\/comments?post=7518"}],"version-history":[{"count":12,"href":"https:\/\/www.sedarauca.edu.co\/index.php\/wp-json\/wp\/v2\/posts\/7518\/revisions"}],"predecessor-version":[{"id":7540,"href":"https:\/\/www.sedarauca.edu.co\/index.php\/wp-json\/wp\/v2\/posts\/7518\/revisions\/7540"}],"wp:featuredmedia":[{"embeddable":true,"href":"https:\/\/www.sedarauca.edu.co\/index.php\/wp-json\/wp\/v2\/media\/7530"}],"wp:attachment":[{"href":"https:\/\/www.sedarauca.edu.co\/index.php\/wp-json\/wp\/v2\/media?parent=7518"}],"wp:term":[{"taxonomy":"category","embeddable":true,"href":"https:\/\/www.sedarauca.edu.co\/index.php\/wp-json\/wp\/v2\/categories?post=7518"},{"taxonomy":"post_tag","embeddable":true,"href":"https:\/\/www.sedarauca.edu.co\/index.php\/wp-json\/wp\/v2\/tags?post=7518"}],"curies":[{"name":"wp","href":"https:\/\/api.w.org\/{rel}","templated":true}]}}