{"id":7325,"date":"2023-10-09T07:40:00","date_gmt":"2023-10-09T12:40:00","guid":{"rendered":"https:\/\/www.sedarauca.edu.co\/?p=7325"},"modified":"2023-10-23T09:21:45","modified_gmt":"2023-10-23T14:21:45","slug":"el-17-de-octubre-sera-la-primera-audiencia-publica-para-escoger-las-plazas-de-los-docentes-y-directivos-en-el-departamento-de-arauca","status":"publish","type":"post","link":"https:\/\/www.sedarauca.edu.co\/index.php\/2023\/10\/09\/el-17-de-octubre-sera-la-primera-audiencia-publica-para-escoger-las-plazas-de-los-docentes-y-directivos-en-el-departamento-de-arauca\/","title":{"rendered":"<strong>El 17 de octubre ser\u00e1 la primera audiencia p\u00fablica para escoger las plazas de los docentes y directivos en el departamento de Arauca<\/strong>"},"content":{"rendered":"\n[et_pb_section fb_built=\u00bb1&#8243; theme_builder_area=\u00bbpost_content\u00bb _builder_version=\u00bb4.22.2&#8243; _module_preset=\u00bbdefault\u00bb][et_pb_row _builder_version=\u00bb4.22.2&#8243; _module_preset=\u00bbdefault\u00bb theme_builder_area=\u00bbpost_content\u00bb][et_pb_column _builder_version=\u00bb4.22.2&#8243; _module_preset=\u00bbdefault\u00bb type=\u00bb4_4&#8243; theme_builder_area=\u00bbpost_content\u00bb][et_pb_text _builder_version=\u00bb4.22.2&#8243; _module_preset=\u00bbdefault\u00bb theme_builder_area=\u00bbpost_content\u00bb custom_margin=\u00bb-40px||||false|false\u00bb hover_enabled=\u00bb0&#8243; sticky_enabled=\u00bb0&#8243;]<p style=\"text-align: center;\"><em>\u2022 En una nueva etapa del concurso docente del magisterio, la Comisi\u00f3n Nacional del Servicio Civil &#8211; CNSC autoriz\u00f3 la citaci\u00f3n a las primeras audiencias OPEC para el departamento de Arauca.<\/em><\/p>\n<p style=\"text-align: center;\"><em>\u2022 Este evento se llevar\u00e1 a cabo el 17 de octubre en el auditorio de la Asociaci\u00f3n de Educadores de Arauca \u2013 Asedar, ubicado en calle 19 No. 22-74 barrio la Esperanza del municipio de Arauca a partir de las 8:30 a.m.<\/em><\/p>[\/et_pb_text][\/et_pb_column][\/et_pb_row][et_pb_row _builder_version=\u00bb4.22.2&#8243; _module_preset=\u00bbdefault\u00bb theme_builder_area=\u00bbpost_content\u00bb][et_pb_column _builder_version=\u00bb4.22.2&#8243; _module_preset=\u00bbdefault\u00bb type=\u00bb4_4&#8243; theme_builder_area=\u00bbpost_content\u00bb][et_pb_text _builder_version=\u00bb4.22.2&#8243; _module_preset=\u00bbdefault\u00bb theme_builder_area=\u00bbpost_content\u00bb custom_margin=\u00bb-10px||||false|false\u00bb hover_enabled=\u00bb0&#8243; sticky_enabled=\u00bb0&#8243;]<p style=\"text-align: justify;\"><strong>Arauca, 06 de octubre de 2023.<\/strong> En el marco del proceso de selecci\u00f3n de docentes y directivos docentes llevado a cabo por la Comisi\u00f3n Nacional del Servicio Civil, en articulaci\u00f3n con la Secretar\u00eda de Educaci\u00f3n del departamento de Arauca, se ha programado para el martes 17 de octubre de 2023, la primera audiencia p\u00fablica de escogencia de plaza para los elegibles que desempe\u00f1ar\u00e1n funciones en establecimientos educativos urbanos y rurales.<\/p>\n<p style=\"text-align: justify;\">A esta primera audiencia est\u00e1n convocados los elegibles a los cargos de Docente Orientador, Directivos Docentes y Docentes \u2013 Poblaci\u00f3n Mayoritaria \u2013 2150 a 2237 de 2021 y 2316 y 2406 de 2022, en las \u00e1reas de Ciencias Naturales \u2013 Qu\u00edmica, Ciencias Naturales \u2013 F\u00edsica, Ciencias Naturales &#8211; Educaci\u00f3n Ambiental, Ciencias Sociales, Historia, Geograf\u00eda, Constituci\u00f3n Pol\u00edtica, Educaci\u00f3n Religiosa, Filosof\u00eda, Humanidades Lengua Castellana, Ingl\u00e9s, Matem\u00e1ticas, Tecnolog\u00eda e inform\u00e1tica, Educaci\u00f3n Art\u00edstica \u2013 M\u00fasica, Educaci\u00f3n \u00c9tica y en Valores.<\/p>\n<p style=\"text-align: justify;\">En total son 71 plazas las que ser\u00e1n provistas en esta primera audiencia de escogencia de establecimiento educativo. Posteriormente se ir\u00e1 informando la programaci\u00f3n de nuevas audiencias en el marco del Concurso Docente 2022.<\/p>\n<p style=\"text-align: justify;\">Cabe destacar que las audiencias se har\u00e1n acatando lo dictado por la Resoluci\u00f3n 10591 del 2023 de la CNSC que reglament\u00f3 las audiencias p\u00fablicas para selecci\u00f3n de vacantes en instituciones educativas oficiales \u201cde conformidad con las listas de elegibles para proveer que se rigen por el sistema especial de carrera docente\u201d. (Consulte aqu\u00ed)<\/p>\n<p style=\"text-align: justify;\">La Entidad Territorial Certificada hace un llamado a cada uno de los elegibles para que, verifiquen antes de la audiencia, la localizaci\u00f3n de las sedes educativas, sus distancias, rutas de acceso, disponibilidad de medios de transporte, recorridos y costos de ubicaci\u00f3n y de permanencia, entre otras caracter\u00edsticas; para que la decisi\u00f3n sobre la escogencia de la plaza se tome de manera consciente e informada.<\/p>\n<p style=\"text-align: justify;\"><strong>Las audiencias<\/strong><\/p>\n<p style=\"text-align: justify;\">Las audiencias iniciar\u00e1n a las 8:30 de la ma\u00f1ana y se har\u00e1n de manera presencial en el auditorio de la Asociaci\u00f3n de Educadores de Arauca &#8211; Asedar, precisando que, adem\u00e1s ser\u00e1n transmitidas en vivo a trav\u00e9s del Facebook de la Secretar\u00eda de Educaci\u00f3n Departamental de Arauca.<\/p>\n<p style=\"text-align: justify;\">\u201cLos aspirantes deber\u00e1n presentarse en el lugar se\u00f1alado con media hora de anticipaci\u00f3n y presentar en original la c\u00e9dula de ciudadan\u00eda o, en su defecto, la contrase\u00f1a expedida por la Registradur\u00eda Nacional del Estado Civil. El aspirante que no pueda asistir a la audiencia podr\u00e1 otorgar poder especial debidamente autenticado ante notario, donde autorice expresamente a otra persona para que lo represente y firme el acta de selecci\u00f3n de plaza\u201d, explic\u00f3 Yiseth Garrido, Directora de Talento Humano\u00a0de\u00a0la\u00a0SED.<\/p>[\/et_pb_text][\/et_pb_column][\/et_pb_row][et_pb_row _builder_version=\u00bb4.22.2&#8243; _module_preset=\u00bbdefault\u00bb theme_builder_area=\u00bbpost_content\u00bb][et_pb_column _builder_version=\u00bb4.22.2&#8243; _module_preset=\u00bbdefault\u00bb type=\u00bb4_4&#8243; theme_builder_area=\u00bbpost_content\u00bb][et_pb_code _builder_version=\u00bb4.22.2&#8243; _module_preset=\u00bbdefault\u00bb theme_builder_area=\u00bbpost_content\u00bb hover_enabled=\u00bb0&#8243; sticky_enabled=\u00bb0&#8243;]<a href=\"https:\/\/www.sedarauca.edu.co\/wp-content\/uploads\/2023\/10\/Resolucion-10591-de-2023.pdf\" class=\"pdfemb-viewer\" style=\"\" data-width=\"max\" data-height=\"max\" data-toolbar=\"bottom\" data-toolbar-fixed=\"on\">Resolucion-10591-de-2023<\/a>[\/et_pb_code][\/et_pb_column][\/et_pb_row][et_pb_row _builder_version=\u00bb4.22.2&#8243; _module_preset=\u00bbdefault\u00bb theme_builder_area=\u00bbpost_content\u00bb][et_pb_column _builder_version=\u00bb4.22.2&#8243; _module_preset=\u00bbdefault\u00bb type=\u00bb4_4&#8243; theme_builder_area=\u00bbpost_content\u00bb][et_pb_code _builder_version=\u00bb4.22.2&#8243; _module_preset=\u00bbdefault\u00bb theme_builder_area=\u00bbpost_content\u00bb hover_enabled=\u00bb0&#8243; sticky_enabled=\u00bb0&#8243;]<a href=\"https:\/\/www.sedarauca.edu.co\/wp-content\/uploads\/2023\/10\/17_10_2023_Audiencia_docente_y_directivo_docente_departamento_de_arauca.pdf\" class=\"pdfemb-viewer\" style=\"\" data-width=\"max\" data-height=\"max\" data-toolbar=\"bottom\" data-toolbar-fixed=\"on\">17_10_2023_Audiencia_docente_y_directivo_docente_departamento_de_arauca<\/a>[\/et_pb_code][\/et_pb_column][\/et_pb_row][et_pb_row _builder_version=\u00bb4.22.2&#8243; _module_preset=\u00bbdefault\u00bb theme_builder_area=\u00bbpost_content\u00bb][et_pb_column _builder_version=\u00bb4.22.2&#8243; _module_preset=\u00bbdefault\u00bb type=\u00bb4_4&#8243; theme_builder_area=\u00bbpost_content\u00bb][et_pb_code _builder_version=\u00bb4.22.2&#8243; _module_preset=\u00bbdefault\u00bb theme_builder_area=\u00bbpost_content\u00bb hover_enabled=\u00bb0&#8243; sticky_enabled=\u00bb0&#8243;]<a href=\"https:\/\/www.sedarauca.edu.co\/wp-content\/uploads\/2023\/10\/17_10_2023_Audiencia_docentes_y_directivos_docentes_No_Rural_departamento_de_arauca.pdf\" class=\"pdfemb-viewer\" style=\"\" data-width=\"max\" data-height=\"max\" data-toolbar=\"bottom\" data-toolbar-fixed=\"on\">17_10_2023_Audiencia_docentes_y_directivos_docentes_No_Rural_departamento_de_arauca<\/a>[\/et_pb_code][\/et_pb_column][\/et_pb_row][et_pb_row _builder_version=\u00bb4.22.2&#8243; _module_preset=\u00bbdefault\u00bb theme_builder_area=\u00bbpost_content\u00bb][et_pb_column _builder_version=\u00bb4.22.2&#8243; _module_preset=\u00bbdefault\u00bb type=\u00bb4_4&#8243; theme_builder_area=\u00bbpost_content\u00bb][et_pb_code _builder_version=\u00bb4.22.2&#8243; _module_preset=\u00bbdefault\u00bb theme_builder_area=\u00bbpost_content\u00bb hover_enabled=\u00bb0&#8243; sticky_enabled=\u00bb0&#8243;]<a href=\"https:\/\/www.sedarauca.edu.co\/wp-content\/uploads\/2023\/10\/17_10_2023_OPEC_docentes_y_directivos_docentes_No_Rural_departamento_de_arauca.pdf\" class=\"pdfemb-viewer\" style=\"\" data-width=\"max\" data-height=\"max\" data-toolbar=\"bottom\" data-toolbar-fixed=\"on\">17_10_2023_OPEC_docentes_y_directivos_docentes_No_Rural_departamento_de_arauca<\/a>[\/et_pb_code][\/et_pb_column][\/et_pb_row][et_pb_row _builder_version=\u00bb4.22.2&#8243; _module_preset=\u00bbdefault\u00bb theme_builder_area=\u00bbpost_content\u00bb][et_pb_column _builder_version=\u00bb4.22.2&#8243; _module_preset=\u00bbdefault\u00bb type=\u00bb4_4&#8243; theme_builder_area=\u00bbpost_content\u00bb][et_pb_code _builder_version=\u00bb4.22.2&#8243; _module_preset=\u00bbdefault\u00bb theme_builder_area=\u00bbpost_content\u00bb hover_enabled=\u00bb0&#8243; sticky_enabled=\u00bb0&#8243;]<a href=\"https:\/\/www.sedarauca.edu.co\/wp-content\/uploads\/2023\/10\/17_10_2023_OPEC_docentes_y_directivos_docentes_Rural_departamento_de_arauca.pdf\" class=\"pdfemb-viewer\" style=\"\" data-width=\"max\" data-height=\"max\" data-toolbar=\"bottom\" data-toolbar-fixed=\"on\">17_10_2023_OPEC_docentes_y_directivos_docentes_Rural_departamento_de_arauca<\/a>[\/et_pb_code][\/et_pb_column][\/et_pb_row][\/et_pb_section]\n","protected":false},"excerpt":{"rendered":"<p>\u2022 En una nueva etapa del concurso docente del magisterio, la Comisi\u00f3n Nacional del Servicio Civil &#8211; CNSC autoriz\u00f3 la citaci\u00f3n a las primeras audiencias OPEC para el departamento de Arauca. \u2022 Este evento se llevar\u00e1 a cabo el 17 de octubre en el auditorio de la Asociaci\u00f3n de Educadores de Arauca \u2013 Asedar, ubicado [&hellip;]<\/p>\n","protected":false},"author":1,"featured_media":7326,"comment_status":"closed","ping_status":"closed","sticky":false,"template":"","format":"standard","meta":{"_et_pb_use_builder":"on","_et_pb_old_content":"","_et_gb_content_width":"","footnotes":""},"categories":[45,36,6],"tags":[],"class_list":["post-7325","post","type-post","status-publish","format-standard","has-post-thumbnail","hentry","category-audiencia-publica","category-concurso","category-noticias"],"_links":{"self":[{"href":"https:\/\/www.sedarauca.edu.co\/index.php\/wp-json\/wp\/v2\/posts\/7325","targetHints":{"allow":["GET"]}}],"collection":[{"href":"https:\/\/www.sedarauca.edu.co\/index.php\/wp-json\/wp\/v2\/posts"}],"about":[{"href":"https:\/\/www.sedarauca.edu.co\/index.php\/wp-json\/wp\/v2\/types\/post"}],"author":[{"embeddable":true,"href":"https:\/\/www.sedarauca.edu.co\/index.php\/wp-json\/wp\/v2\/users\/1"}],"replies":[{"embeddable":true,"href":"https:\/\/www.sedarauca.edu.co\/index.php\/wp-json\/wp\/v2\/comments?post=7325"}],"version-history":[{"count":6,"href":"https:\/\/www.sedarauca.edu.co\/index.php\/wp-json\/wp\/v2\/posts\/7325\/revisions"}],"predecessor-version":[{"id":7386,"href":"https:\/\/www.sedarauca.edu.co\/index.php\/wp-json\/wp\/v2\/posts\/7325\/revisions\/7386"}],"wp:featuredmedia":[{"embeddable":true,"href":"https:\/\/www.sedarauca.edu.co\/index.php\/wp-json\/wp\/v2\/media\/7326"}],"wp:attachment":[{"href":"https:\/\/www.sedarauca.edu.co\/index.php\/wp-json\/wp\/v2\/media?parent=7325"}],"wp:term":[{"taxonomy":"category","embeddable":true,"href":"https:\/\/www.sedarauca.edu.co\/index.php\/wp-json\/wp\/v2\/categories?post=7325"},{"taxonomy":"post_tag","embeddable":true,"href":"https:\/\/www.sedarauca.edu.co\/index.php\/wp-json\/wp\/v2\/tags?post=7325"}],"curies":[{"name":"wp","href":"https:\/\/api.w.org\/{rel}","templated":true}]}}