{"id":6903,"date":"2023-08-09T17:08:00","date_gmt":"2023-08-09T22:08:00","guid":{"rendered":"https:\/\/www.sedarauca.edu.co\/?p=6903"},"modified":"2023-08-10T17:48:42","modified_gmt":"2023-08-10T22:48:42","slug":"resolucion-no-2065-de-2023-por-la-cual-se-asocia-la-sede-educativa-ei-vivero-a-la-institucion-educativa-francisco-jose-de-caldas-del-municipio-de-arauquita","status":"publish","type":"post","link":"https:\/\/www.sedarauca.edu.co\/index.php\/2023\/08\/09\/resolucion-no-2065-de-2023-por-la-cual-se-asocia-la-sede-educativa-ei-vivero-a-la-institucion-educativa-francisco-jose-de-caldas-del-municipio-de-arauquita\/","title":{"rendered":"<strong>Resoluci\u00f3n No.2065 de 2023. Por la cual se asocia la Sede Educativa EI Vivero a la Instituci\u00f3n Educativa Francisco Jos\u00e9 de Caldas del municipio de Arauquita<\/strong>"},"content":{"rendered":"\n[et_pb_section fb_built=\u00bb1&#8243; theme_builder_area=\u00bbpost_content\u00bb _builder_version=\u00bb4.22.0&#8243; _module_preset=\u00bbdefault\u00bb][et_pb_row _builder_version=\u00bb4.22.0&#8243; _module_preset=\u00bbdefault\u00bb theme_builder_area=\u00bbpost_content\u00bb][et_pb_column _builder_version=\u00bb4.22.0&#8243; _module_preset=\u00bbdefault\u00bb type=\u00bb4_4&#8243; theme_builder_area=\u00bbpost_content\u00bb][et_pb_text _builder_version=\u00bb4.22.0&#8243; _module_preset=\u00bbdefault\u00bb theme_builder_area=\u00bbpost_content\u00bb custom_margin=\u00bb-40px||||false|false\u00bb hover_enabled=\u00bb0&#8243; sticky_enabled=\u00bb0&#8243;]<p style=\"text-align: justify;\"><strong>La Secretar\u00eda de Educaci\u00f3n Departamental de Arauca resuelve:<\/strong><\/p>\n<p style=\"text-align: justify;\"><em><strong>ART\u00cdCULO PRIMERO:<\/strong><\/em> As\u00f3ciese la sede Educativa EI Vivero con c\u00f3digo DANE 281065800046 a la Instituci\u00f3n Educativa Francisco Jos\u00e9 de Caldas del municipio de Arauquita.<\/p>\n<p style=\"text-align: justify;\"><em><strong>ARTICULO SEGUNDO:<\/strong> <\/em>Ret\u00edrese la sede Educativa EI Vivero de la Instituci\u00f3n Educativa Jos\u00e9 Acevedo y G\u00f3mez del municipio de Arauquita.<\/p>\n<p style=\"text-align: justify;\"><em><strong>ART\u00cdCULO TERCERO:<\/strong> <\/em>La presente Resoluci\u00f3n se dar\u00e1 a conocer a la Subdirecci\u00f3n de Fortalecimiento Institucional del MEN, para su correspondiente actualizaci\u00f3n en el DIJE y publicarse en la P\u00e1gina de la Secretar\u00eda de Educaci\u00f3n de Arauca.<\/p>\n<p style=\"text-align: justify;\"><em><strong>ART\u00cdCULO CUARTO:<\/strong> <\/em>Actualizar en Talento Humano, las respectivas reubicaciones de los\/las docentes asignados\/as a la Sede Educativa EI Vivero, de ahora en adelpnte, perteneciente a la Instituci\u00f3n Educativa Francisco Jos\u00e9 de Caldas del municipio de Arauquita.<\/p>\n<p style=\"text-align: justify;\"><em><strong>ART\u00cdCULO QUINTO:<\/strong><\/em> La presente Resoluci\u00f3n rige a partir de la fecha de su expedici\u00f3n.<\/p>\n<p style=\"text-align: justify;\"><em>Dada en la ciudad de Arauca, a los 08 d\u00edas del mes de agosto de 2023<\/em>.<\/p>[\/et_pb_text][\/et_pb_column][\/et_pb_row][et_pb_row _builder_version=\u00bb4.22.0&#8243; _module_preset=\u00bbdefault\u00bb theme_builder_area=\u00bbpost_content\u00bb link_option_url=\u00bbhttps:\/\/www.sedarauca.edu.co\/wp-content\/uploads\/2023\/08\/RESOLUCION-N\u00b0-2065-DE-2023-ASOCIESE-LA-I.E-EL-VIVERO-A-LA-I.E-FRANCISCO-JOSE-DE-CALDAS-DE-ARAUQUITA.pdf\u00bb link_option_url_new_window=\u00bbon\u00bb admin_label=\u00bbDescargar Resoluci\u00f3n 2065 de 2023&#8243; hover_enabled=\u00bb0&#8243; sticky_enabled=\u00bb0&#8243;][et_pb_column _builder_version=\u00bb4.22.0&#8243; _module_preset=\u00bbdefault\u00bb type=\u00bb4_4&#8243; theme_builder_area=\u00bbpost_content\u00bb][et_pb_code _builder_version=\u00bb4.22.0&#8243; _module_preset=\u00bbdefault\u00bb theme_builder_area=\u00bbpost_content\u00bb hover_enabled=\u00bb0&#8243; sticky_enabled=\u00bb0&#8243;]<a href=\"https:\/\/www.sedarauca.edu.co\/wp-content\/uploads\/2023\/08\/RESOLUCION-N\u00b0-2065-DE-2023-ASOCIESE-LA-I.E-EL-VIVERO-A-LA-I.E-FRANCISCO-JOSE-DE-CALDAS-DE-ARAUQUITA.pdf\" class=\"pdfemb-viewer\" style=\"\" data-width=\"max\" data-height=\"max\" data-toolbar=\"bottom\" data-toolbar-fixed=\"on\">RESOLUCION-N\u00b0-2065-DE-2023-ASOCIESE-LA-I.E-EL-VIVERO-A-LA-I.E-FRANCISCO-JOSE-DE-CALDAS-DE-ARAUQUITA<\/a>[\/et_pb_code][\/et_pb_column][\/et_pb_row][\/et_pb_section]\n","protected":false},"excerpt":{"rendered":"<p>La Secretar\u00eda de Educaci\u00f3n Departamental de Arauca resuelve: ART\u00cdCULO PRIMERO: As\u00f3ciese la sede Educativa EI Vivero con c\u00f3digo DANE 281065800046 a la Instituci\u00f3n Educativa Francisco Jos\u00e9 de Caldas del municipio de Arauquita. ARTICULO SEGUNDO: Ret\u00edrese la sede Educativa EI Vivero de la Instituci\u00f3n Educativa Jos\u00e9 Acevedo y G\u00f3mez del municipio de Arauquita. ART\u00cdCULO TERCERO: La [&hellip;]<\/p>\n","protected":false},"author":1,"featured_media":6904,"comment_status":"closed","ping_status":"closed","sticky":false,"template":"","format":"standard","meta":{"_et_pb_use_builder":"on","_et_pb_old_content":"","_et_gb_content_width":"","footnotes":""},"categories":[25,24],"tags":[],"class_list":["post-6903","post","type-post","status-publish","format-standard","has-post-thumbnail","hentry","category-publicacion","category-resolucion"],"_links":{"self":[{"href":"https:\/\/www.sedarauca.edu.co\/index.php\/wp-json\/wp\/v2\/posts\/6903","targetHints":{"allow":["GET"]}}],"collection":[{"href":"https:\/\/www.sedarauca.edu.co\/index.php\/wp-json\/wp\/v2\/posts"}],"about":[{"href":"https:\/\/www.sedarauca.edu.co\/index.php\/wp-json\/wp\/v2\/types\/post"}],"author":[{"embeddable":true,"href":"https:\/\/www.sedarauca.edu.co\/index.php\/wp-json\/wp\/v2\/users\/1"}],"replies":[{"embeddable":true,"href":"https:\/\/www.sedarauca.edu.co\/index.php\/wp-json\/wp\/v2\/comments?post=6903"}],"version-history":[{"count":3,"href":"https:\/\/www.sedarauca.edu.co\/index.php\/wp-json\/wp\/v2\/posts\/6903\/revisions"}],"predecessor-version":[{"id":6909,"href":"https:\/\/www.sedarauca.edu.co\/index.php\/wp-json\/wp\/v2\/posts\/6903\/revisions\/6909"}],"wp:featuredmedia":[{"embeddable":true,"href":"https:\/\/www.sedarauca.edu.co\/index.php\/wp-json\/wp\/v2\/media\/6904"}],"wp:attachment":[{"href":"https:\/\/www.sedarauca.edu.co\/index.php\/wp-json\/wp\/v2\/media?parent=6903"}],"wp:term":[{"taxonomy":"category","embeddable":true,"href":"https:\/\/www.sedarauca.edu.co\/index.php\/wp-json\/wp\/v2\/categories?post=6903"},{"taxonomy":"post_tag","embeddable":true,"href":"https:\/\/www.sedarauca.edu.co\/index.php\/wp-json\/wp\/v2\/tags?post=6903"}],"curies":[{"name":"wp","href":"https:\/\/api.w.org\/{rel}","templated":true}]}}