{"id":6802,"date":"2023-07-26T09:59:00","date_gmt":"2023-07-26T14:59:00","guid":{"rendered":"https:\/\/www.sedarauca.edu.co\/?p=6802"},"modified":"2023-08-02T10:30:09","modified_gmt":"2023-08-02T15:30:09","slug":"instituciones-educativas-celebraron-por-lo-alto-el-dia-departamental-del-llanero","status":"publish","type":"post","link":"https:\/\/www.sedarauca.edu.co\/index.php\/2023\/07\/26\/instituciones-educativas-celebraron-por-lo-alto-el-dia-departamental-del-llanero\/","title":{"rendered":"<strong>Instituciones Educativas celebraron por lo alto el D\u00eda Departamental del Llanero\u00a0<\/strong>"},"content":{"rendered":"<p>[et_pb_section fb_built=\u00bb1&#8243; _builder_version=\u00bb4.21.2&#8243; _module_preset=\u00bbdefault\u00bb global_colors_info=\u00bb{}\u00bb][et_pb_row _builder_version=\u00bb4.21.2&#8243; _module_preset=\u00bbdefault\u00bb global_colors_info=\u00bb{}\u00bb][et_pb_column type=\u00bb4_4&#8243; _builder_version=\u00bb4.21.2&#8243; _module_preset=\u00bbdefault\u00bb global_colors_info=\u00bb{}\u00bb][et_pb_text _builder_version=\u00bb4.21.2&#8243; _module_preset=\u00bbdefault\u00bb custom_margin=\u00bb-60px||||false|false\u00bb global_colors_info=\u00bb{}\u00bb]<\/p>\n<p style=\"text-align: center;\"><i><span class=\"x_ContentPasted1\">De manera simult\u00e1nea, las instituciones educativas oficiales y no oficiales en los siete Municipios celebraron junto con la Gobernaci\u00f3n de Arauca, el d\u00eda que evoca el reconocimiento de la raza y las costumbres llaneras.<\/span><\/i><\/p>\n<p>[\/et_pb_text][\/et_pb_column][\/et_pb_row][et_pb_row _builder_version=\u00bb4.21.2&#8243; _module_preset=\u00bbdefault\u00bb global_colors_info=\u00bb{}\u00bb][et_pb_column type=\u00bb4_4&#8243; _builder_version=\u00bb4.21.2&#8243; _module_preset=\u00bbdefault\u00bb global_colors_info=\u00bb{}\u00bb][et_pb_text _builder_version=\u00bb4.21.2&#8243; _module_preset=\u00bbdefault\u00bb hover_enabled=\u00bb0&#8243; global_colors_info=\u00bb{}\u00bb custom_margin=\u00bb-30px||||false|false\u00bb sticky_enabled=\u00bb0&#8243;]<\/p>\n<p class=\"x_MsoNormal\" style=\"text-align: justify;\"><b><span class=\"x_ContentPasted1\">Arauca, 26 de julio de 2023.<span>\u00a0<\/span><\/span><\/b><span class=\"x_ContentPasted1\">Dando cumplimiento a la Ordenanza 038 de 2001, las comunidades educativas del departamento de Arauca se unieron a la conmemoraci\u00f3n del D\u00eda Departamental del Llanero. Al ritmo de arpas, cuatro y maracas vivieron una fiesta llena de alegr\u00eda y tradici\u00f3n, en la que ni\u00f1os, ni\u00f1as, adolescentes y adultos rememoraron los valores, cultura y tradiciones de la raza llanera.\u00a0<\/span><\/p>\n<p class=\"x_MsoNormal\" style=\"text-align: justify;\"><span class=\"x_ContentPasted1\">El secretario de Educaci\u00f3n Departamental Marceliano Guerrero acompa\u00f1\u00f3 la celebraci\u00f3n en las instituciones educativas del municipio capital, y exalt\u00f3 el compromiso y dedicaci\u00f3n de los directivos docentes, maestros y estudiantes del departamento de Arauca por hacer de esta fecha un verdadero escenario para vivenciar lo mejor de la cultura llanera, incentivando en las nuevas generaciones el amor, la apropiaci\u00f3n y el sentido de pertenencia por la idiosincrasia llanera.\u00a0<\/span><\/p>\n<p class=\"x_MsoNormal\" style=\"text-align: justify;\"><span class=\"x_ContentPasted1\">Aqu\u00ed les compartimos algunas im\u00e1genes de lo que fue esta gran fiesta en las instituciones educativas.\u00a0<\/span><\/p>\n<p>[\/et_pb_text][\/et_pb_column][\/et_pb_row][et_pb_row column_structure=\u00bb1_2,1_2&#8243; _builder_version=\u00bb4.21.2&#8243; _module_preset=\u00bbdefault\u00bb global_colors_info=\u00bb{}\u00bb][et_pb_column type=\u00bb1_2&#8243; _builder_version=\u00bb4.21.2&#8243; _module_preset=\u00bbdefault\u00bb global_colors_info=\u00bb{}\u00bb][et_pb_image src=\u00bbhttps:\/\/www.sedarauca.edu.co\/wp-content\/uploads\/2023\/08\/I.E.-Agropecuario-Municipio-de-Arauca.jpg\u00bb title_text=\u00bbI.E. Agropecuario &#8211; Municipio de Arauca\u00bb _builder_version=\u00bb4.21.2&#8243; _module_preset=\u00bbdefault\u00bb global_colors_info=\u00bb{}\u00bb][\/et_pb_image][\/et_pb_column][et_pb_column type=\u00bb1_2&#8243; _builder_version=\u00bb4.21.2&#8243; _module_preset=\u00bbdefault\u00bb global_colors_info=\u00bb{}\u00bb][et_pb_image src=\u00bbhttps:\/\/www.sedarauca.edu.co\/wp-content\/uploads\/2023\/08\/I.E-Francisco-Jose-de-Caldas-Municipio-de-Arauca.jpg\u00bb title_text=\u00bbI.E Francisco Jos\u00e9 de Caldas &#8211; Municipio de Arauca\u00bb _builder_version=\u00bb4.21.2&#8243; _module_preset=\u00bbdefault\u00bb global_colors_info=\u00bb{}\u00bb][\/et_pb_image][\/et_pb_column][\/et_pb_row][et_pb_row column_structure=\u00bb1_2,1_2&#8243; _builder_version=\u00bb4.21.2&#8243; _module_preset=\u00bbdefault\u00bb global_colors_info=\u00bb{}\u00bb][et_pb_column type=\u00bb1_2&#8243; _builder_version=\u00bb4.21.2&#8243; _module_preset=\u00bbdefault\u00bb global_colors_info=\u00bb{}\u00bb][et_pb_image src=\u00bbhttps:\/\/www.sedarauca.edu.co\/wp-content\/uploads\/2023\/08\/Institucion-Educativa-Parmenio-Bonilla-Municipio-de-Tame-1.jpg\u00bb title_text=\u00bbInstituci\u00f3n Educativa Parmenio Bonilla &#8211; Municipio de Tame\u00bb _builder_version=\u00bb4.21.2&#8243; _module_preset=\u00bbdefault\u00bb global_colors_info=\u00bb{}\u00bb][\/et_pb_image][\/et_pb_column][et_pb_column type=\u00bb1_2&#8243; _builder_version=\u00bb4.21.2&#8243; _module_preset=\u00bbdefault\u00bb global_colors_info=\u00bb{}\u00bb][et_pb_image src=\u00bbhttps:\/\/www.sedarauca.edu.co\/wp-content\/uploads\/2023\/08\/Institucion-Educativa-Santa-Teresita-Municipio-de-Arauca.jpg\u00bb title_text=\u00bbInstituci\u00f3n Educativa Santa Teresita &#8211; Municipio de Arauca\u00bb _builder_version=\u00bb4.21.2&#8243; _module_preset=\u00bbdefault\u00bb global_colors_info=\u00bb{}\u00bb][\/et_pb_image][\/et_pb_column][\/et_pb_row][et_pb_row column_structure=\u00bb1_2,1_2&#8243; _builder_version=\u00bb4.21.2&#8243; _module_preset=\u00bbdefault\u00bb global_colors_info=\u00bb{}\u00bb][et_pb_column type=\u00bb1_2&#8243; _builder_version=\u00bb4.21.2&#8243; _module_preset=\u00bbdefault\u00bb global_colors_info=\u00bb{}\u00bb][et_pb_image src=\u00bbhttps:\/\/www.sedarauca.edu.co\/wp-content\/uploads\/2023\/08\/WhatsApp-Image-2023-08-02-at-10.09.21.jpeg\u00bb title_text=\u00bbWhatsApp Image 2023-08-02 at 10.09.21&#8243; _builder_version=\u00bb4.21.2&#8243; _module_preset=\u00bbdefault\u00bb global_colors_info=\u00bb{}\u00bb][\/et_pb_image][\/et_pb_column][et_pb_column type=\u00bb1_2&#8243; _builder_version=\u00bb4.21.2&#8243; _module_preset=\u00bbdefault\u00bb global_colors_info=\u00bb{}\u00bb][et_pb_image src=\u00bbhttps:\/\/www.sedarauca.edu.co\/wp-content\/uploads\/2023\/08\/Colegio-Privado-Comfiar-Municipio-de-Arauca-1.jpg\u00bb title_text=\u00bbColegio Privado Comfiar &#8211; Municipio de Arauca\u00bb _builder_version=\u00bb4.21.2&#8243; _module_preset=\u00bbdefault\u00bb global_colors_info=\u00bb{}\u00bb][\/et_pb_image][\/et_pb_column][\/et_pb_row][et_pb_row column_structure=\u00bb1_2,1_2&#8243; _builder_version=\u00bb4.21.2&#8243; _module_preset=\u00bbdefault\u00bb global_colors_info=\u00bb{}\u00bb][et_pb_column type=\u00bb1_2&#8243; _builder_version=\u00bb4.21.2&#8243; _module_preset=\u00bbdefault\u00bb global_colors_info=\u00bb{}\u00bb][et_pb_image src=\u00bbhttps:\/\/www.sedarauca.edu.co\/wp-content\/uploads\/2023\/08\/I.E.-La-Inmaculada-Municipio-de-Puerto-Rondon.jpg\u00bb title_text=\u00bbI.E. La Inmaculada &#8211; Municipio de Puerto Rond\u00f3n\u00bb _builder_version=\u00bb4.21.2&#8243; _module_preset=\u00bbdefault\u00bb global_colors_info=\u00bb{}\u00bb][\/et_pb_image][\/et_pb_column][et_pb_column type=\u00bb1_2&#8243; _builder_version=\u00bb4.21.2&#8243; _module_preset=\u00bbdefault\u00bb global_colors_info=\u00bb{}\u00bb][et_pb_image src=\u00bbhttps:\/\/www.sedarauca.edu.co\/wp-content\/uploads\/2023\/08\/I.E.-Jose-Odel-Lizarazo-Municipio-de-Saravena.jpg\u00bb title_text=\u00bbI.E. Jos\u00e9 Odel Lizarazo &#8211; Municipio de Saravena\u00bb _builder_version=\u00bb4.21.2&#8243; _module_preset=\u00bbdefault\u00bb global_colors_info=\u00bb{}\u00bb][\/et_pb_image][\/et_pb_column][\/et_pb_row][\/et_pb_section]<\/p>\n","protected":false},"excerpt":{"rendered":"<p>De manera simult\u00e1nea, las instituciones educativas oficiales y no oficiales en los siete Municipios celebraron junto con la Gobernaci\u00f3n de Arauca, el d\u00eda que evoca el reconocimiento de la raza y las costumbres llaneras.Arauca, 26 de julio de 2023.\u00a0Dando cumplimiento a la Ordenanza 038 de 2001, las comunidades educativas del departamento de Arauca se unieron [&hellip;]<\/p>\n","protected":false},"author":1,"featured_media":6818,"comment_status":"closed","ping_status":"closed","sticky":false,"template":"","format":"standard","meta":{"_et_pb_use_builder":"on","_et_pb_old_content":"","_et_gb_content_width":"","footnotes":""},"categories":[6],"tags":[],"class_list":["post-6802","post","type-post","status-publish","format-standard","has-post-thumbnail","hentry","category-noticias"],"_links":{"self":[{"href":"https:\/\/www.sedarauca.edu.co\/index.php\/wp-json\/wp\/v2\/posts\/6802","targetHints":{"allow":["GET"]}}],"collection":[{"href":"https:\/\/www.sedarauca.edu.co\/index.php\/wp-json\/wp\/v2\/posts"}],"about":[{"href":"https:\/\/www.sedarauca.edu.co\/index.php\/wp-json\/wp\/v2\/types\/post"}],"author":[{"embeddable":true,"href":"https:\/\/www.sedarauca.edu.co\/index.php\/wp-json\/wp\/v2\/users\/1"}],"replies":[{"embeddable":true,"href":"https:\/\/www.sedarauca.edu.co\/index.php\/wp-json\/wp\/v2\/comments?post=6802"}],"version-history":[{"count":5,"href":"https:\/\/www.sedarauca.edu.co\/index.php\/wp-json\/wp\/v2\/posts\/6802\/revisions"}],"predecessor-version":[{"id":6820,"href":"https:\/\/www.sedarauca.edu.co\/index.php\/wp-json\/wp\/v2\/posts\/6802\/revisions\/6820"}],"wp:featuredmedia":[{"embeddable":true,"href":"https:\/\/www.sedarauca.edu.co\/index.php\/wp-json\/wp\/v2\/media\/6818"}],"wp:attachment":[{"href":"https:\/\/www.sedarauca.edu.co\/index.php\/wp-json\/wp\/v2\/media?parent=6802"}],"wp:term":[{"taxonomy":"category","embeddable":true,"href":"https:\/\/www.sedarauca.edu.co\/index.php\/wp-json\/wp\/v2\/categories?post=6802"},{"taxonomy":"post_tag","embeddable":true,"href":"https:\/\/www.sedarauca.edu.co\/index.php\/wp-json\/wp\/v2\/tags?post=6802"}],"curies":[{"name":"wp","href":"https:\/\/api.w.org\/{rel}","templated":true}]}}