{"id":6769,"date":"2023-07-31T10:30:00","date_gmt":"2023-07-31T15:30:00","guid":{"rendered":"https:\/\/www.sedarauca.edu.co\/?p=6769"},"modified":"2023-08-01T10:45:56","modified_gmt":"2023-08-01T15:45:56","slug":"resolucion-905-de-2023-secretaria-de-educacion-departamental-de-arauca","status":"publish","type":"post","link":"https:\/\/www.sedarauca.edu.co\/index.php\/2023\/07\/31\/resolucion-905-de-2023-secretaria-de-educacion-departamental-de-arauca\/","title":{"rendered":"<strong>Resoluci\u00f3n 905 de 2023. Secretar\u00eda de Educaci\u00f3n Departamental de Arauca.<\/strong>"},"content":{"rendered":"<p>[et_pb_section fb_built=\u00bb1&#8243; theme_builder_area=\u00bbpost_content\u00bb _builder_version=\u00bb4.21.0&#8243; _module_preset=\u00bbdefault\u00bb][et_pb_row _builder_version=\u00bb4.21.0&#8243; _module_preset=\u00bbdefault\u00bb theme_builder_area=\u00bbpost_content\u00bb][et_pb_column _builder_version=\u00bb4.21.0&#8243; _module_preset=\u00bbdefault\u00bb type=\u00bb4_4&#8243; theme_builder_area=\u00bbpost_content\u00bb][et_pb_text _builder_version=\u00bb4.21.0&#8243; _module_preset=\u00bbdefault\u00bb theme_builder_area=\u00bbpost_content\u00bb custom_margin=\u00bb-50px||||false|false\u00bb hover_enabled=\u00bb0&#8243; sticky_enabled=\u00bb0&#8243;]<\/p>\n<p style=\"text-align: justify;\">Por medio de la cual se establece el proceso de gesti\u00f3n de la cobertura educativa en la entidad certificada en los niveles de Preescolar, B\u00e1sica Primaria, B\u00e1sica Secundaria y Media del Sistema Educativo Oficial, del Departamento de Arauca para el a\u00f1o 2024, y se dictan otras disposiciones.<\/p>\n<p>[\/et_pb_text][\/et_pb_column][\/et_pb_row][et_pb_row _builder_version=\u00bb4.21.0&#8243; _module_preset=\u00bbdefault\u00bb theme_builder_area=\u00bbpost_content\u00bb link_option_url=\u00bbhttps:\/\/www.sedarauca.edu.co\/wp-content\/uploads\/2023\/08\/RESOLUCION-N\u00b0-905-DE-2023-PROCESO-GESTION-DE-COBERTURA-EDUCATIVA-ANO-2024.pdf\u00bb link_option_url_new_window=\u00bbon\u00bb hover_enabled=\u00bb0&#8243; sticky_enabled=\u00bb0&#8243; admin_label=\u00bbDescargar Resoluci\u00f3n 905 de 2023&#8243;][et_pb_column _builder_version=\u00bb4.21.0&#8243; _module_preset=\u00bbdefault\u00bb type=\u00bb4_4&#8243; theme_builder_area=\u00bbpost_content\u00bb][et_pb_code _builder_version=\u00bb4.21.0&#8243; _module_preset=\u00bbdefault\u00bb theme_builder_area=\u00bbpost_content\u00bb hover_enabled=\u00bb0&#8243; sticky_enabled=\u00bb0&#8243;]<a href=\"https:\/\/www.sedarauca.edu.co\/wp-content\/uploads\/2023\/08\/RESOLUCION-N\u00b0-905-DE-2023-PROCESO-GESTION-DE-COBERTURA-EDUCATIVA-ANO-2024.pdf\" class=\"pdfemb-viewer\" style=\"\" data-width=\"max\" data-height=\"max\" data-toolbar=\"bottom\" data-toolbar-fixed=\"on\">RESOLUCION-N\u00b0-905-DE-2023-PROCESO-GESTION-DE-COBERTURA-EDUCATIVA-ANO-2024<\/a>[\/et_pb_code][\/et_pb_column][\/et_pb_row][\/et_pb_section]<\/p>\n","protected":false},"excerpt":{"rendered":"<p>Por medio de la cual se establece el proceso de gesti\u00f3n de la cobertura educativa en la entidad certificada en los niveles de Preescolar, B\u00e1sica Primaria, B\u00e1sica Secundaria y Media del Sistema Educativo Oficial, del Departamento de Arauca para el a\u00f1o 2024, y se dictan otras disposiciones.<a href=\"https:\/\/www.sedarauca.edu.co\/wp-content\/uploads\/2023\/08\/RESOLUCION-N\u00b0-905-DE-2023-PROCESO-GESTION-DE-COBERTURA-EDUCATIVA-ANO-2024.pdf\" class=\"pdfemb-viewer\" style=\"\" data-width=\"max\" data-height=\"max\" data-toolbar=\"bottom\" data-toolbar-fixed=\"on\">RESOLUCION-N\u00b0-905-DE-2023-PROCESO-GESTION-DE-COBERTURA-EDUCATIVA-ANO-2024<\/a><\/p>\n","protected":false},"author":1,"featured_media":6770,"comment_status":"closed","ping_status":"closed","sticky":false,"template":"","format":"standard","meta":{"_et_pb_use_builder":"on","_et_pb_old_content":"","_et_gb_content_width":"","footnotes":""},"categories":[25,24],"tags":[],"class_list":["post-6769","post","type-post","status-publish","format-standard","has-post-thumbnail","hentry","category-publicacion","category-resolucion"],"_links":{"self":[{"href":"https:\/\/www.sedarauca.edu.co\/index.php\/wp-json\/wp\/v2\/posts\/6769","targetHints":{"allow":["GET"]}}],"collection":[{"href":"https:\/\/www.sedarauca.edu.co\/index.php\/wp-json\/wp\/v2\/posts"}],"about":[{"href":"https:\/\/www.sedarauca.edu.co\/index.php\/wp-json\/wp\/v2\/types\/post"}],"author":[{"embeddable":true,"href":"https:\/\/www.sedarauca.edu.co\/index.php\/wp-json\/wp\/v2\/users\/1"}],"replies":[{"embeddable":true,"href":"https:\/\/www.sedarauca.edu.co\/index.php\/wp-json\/wp\/v2\/comments?post=6769"}],"version-history":[{"count":3,"href":"https:\/\/www.sedarauca.edu.co\/index.php\/wp-json\/wp\/v2\/posts\/6769\/revisions"}],"predecessor-version":[{"id":6775,"href":"https:\/\/www.sedarauca.edu.co\/index.php\/wp-json\/wp\/v2\/posts\/6769\/revisions\/6775"}],"wp:featuredmedia":[{"embeddable":true,"href":"https:\/\/www.sedarauca.edu.co\/index.php\/wp-json\/wp\/v2\/media\/6770"}],"wp:attachment":[{"href":"https:\/\/www.sedarauca.edu.co\/index.php\/wp-json\/wp\/v2\/media?parent=6769"}],"wp:term":[{"taxonomy":"category","embeddable":true,"href":"https:\/\/www.sedarauca.edu.co\/index.php\/wp-json\/wp\/v2\/categories?post=6769"},{"taxonomy":"post_tag","embeddable":true,"href":"https:\/\/www.sedarauca.edu.co\/index.php\/wp-json\/wp\/v2\/tags?post=6769"}],"curies":[{"name":"wp","href":"https:\/\/api.w.org\/{rel}","templated":true}]}}