{"id":6752,"date":"2023-07-17T10:33:00","date_gmt":"2023-07-17T15:33:00","guid":{"rendered":"https:\/\/www.sedarauca.edu.co\/?p=6752"},"modified":"2023-07-28T11:16:15","modified_gmt":"2023-07-28T16:16:15","slug":"becas-con-el-50-para-maestrias-con-la-universidad-unir","status":"publish","type":"post","link":"https:\/\/www.sedarauca.edu.co\/index.php\/2023\/07\/17\/becas-con-el-50-para-maestrias-con-la-universidad-unir\/","title":{"rendered":"<strong>Becas con el 50% para maestr\u00edas con la universidad UNIR<strong>"},"content":{"rendered":"<p>[et_pb_section fb_built=\u00bb1&#8243; theme_builder_area=\u00bbpost_content\u00bb _builder_version=\u00bb4.21.0&#8243; _module_preset=\u00bbdefault\u00bb][et_pb_row _builder_version=\u00bb4.21.0&#8243; _module_preset=\u00bbdefault\u00bb theme_builder_area=\u00bbpost_content\u00bb][et_pb_column _builder_version=\u00bb4.21.0&#8243; _module_preset=\u00bbdefault\u00bb type=\u00bb4_4&#8243; theme_builder_area=\u00bbpost_content\u00bb][et_pb_text _builder_version=\u00bb4.21.0&#8243; _module_preset=\u00bbdefault\u00bb theme_builder_area=\u00bbpost_content\u00bb custom_margin=\u00bb-50px||||false|false\u00bb hover_enabled=\u00bb0&#8243; sticky_enabled=\u00bb0&#8243;]<\/p>\n<div class=\"x_ContentPasted1\" style=\"text-align: justify;\">\ud83d\uddde\ufe0fCompartimos esta excelente oportunidad para seguir construyendo tu futuro con educaci\u00f3n.<\/div>\n<div style=\"text-align: justify;\"><\/div>\n<div class=\"x_ContentPasted1\" style=\"text-align: justify;\">\ud83d\udccc Dirigido a Rectores, Directivos Rurales, Docentes, Orientadores y personal Administrativo de la planta de personal de la Secretar\u00eda de Educaci\u00f3n Departamental.<\/div>\n<div class=\"x_ContentPasted1\" style=\"text-align: justify;\"><\/div>\n<div class=\"x_ContentPasted1\" style=\"text-align: justify;\">\ud83d\udcccLos cupos son limitados.<\/div>\n<div style=\"text-align: justify;\"><\/div>\n<div class=\"x_ContentPasted1\" style=\"text-align: justify;\">\u261d\ud83c\udffcLos interesados podr\u00e1n ampliar la informaci\u00f3n en una charla virtual que se llevar\u00e1 a cabo el pr\u00f3ximo lunes 24 de julio a las 5:00 p.m.<\/div>\n<div style=\"text-align: justify;\"><\/div>\n<div class=\"x_ContentPasted1\" style=\"text-align: justify;\">\ud83d\udd17Link de inscripci\u00f3n para la charla \ud83d\udc49\ud83c\udffdhttps:\/\/bit.ly\/3olnP7d<\/div>\n<div style=\"text-align: justify;\"><\/div>\n<p style=\"text-align: justify;\"><span>\ud83d\udcdeO al celular 316 444 0470<\/span><\/p>\n<p>[\/et_pb_text][\/et_pb_column][\/et_pb_row][et_pb_row _builder_version=\u00bb4.21.0&#8243; _module_preset=\u00bbdefault\u00bb theme_builder_area=\u00bbpost_content\u00bb link_option_url=\u00bbhttps:\/\/www.sedarauca.edu.co\/wp-content\/uploads\/2023\/07\/CIRCULAR-200-MAESTRIAS.pdf\u00bb link_option_url_new_window=\u00bbon\u00bb admin_label=\u00bbDescargue documento\u00bb hover_enabled=\u00bb0&#8243; sticky_enabled=\u00bb0&#8243;][et_pb_column _builder_version=\u00bb4.21.0&#8243; _module_preset=\u00bbdefault\u00bb type=\u00bb4_4&#8243; theme_builder_area=\u00bbpost_content\u00bb][et_pb_code _builder_version=\u00bb4.21.0&#8243; _module_preset=\u00bbdefault\u00bb theme_builder_area=\u00bbpost_content\u00bb hover_enabled=\u00bb0&#8243; sticky_enabled=\u00bb0&#8243;]<a href=\"https:\/\/www.sedarauca.edu.co\/wp-content\/uploads\/2023\/07\/CIRCULAR-200-MAESTRIAS.pdf\" class=\"pdfemb-viewer\" style=\"\" data-width=\"max\" data-height=\"max\" data-toolbar=\"bottom\" data-toolbar-fixed=\"on\">CIRCULAR-200-MAESTRIAS<\/a>[\/et_pb_code][\/et_pb_column][\/et_pb_row][\/et_pb_section]<\/p>\n","protected":false},"excerpt":{"rendered":"<p>\ud83d\uddde\ufe0fCompartimos esta excelente oportunidad para seguir construyendo tu futuro con educaci\u00f3n. \ud83d\udccc Dirigido a Rectores, Directivos Rurales, Docentes, Orientadores y personal Administrativo de la planta de personal de la Secretar\u00eda de Educaci\u00f3n Departamental. \ud83d\udcccLos cupos son limitados. \u261d\ud83c\udffcLos interesados podr\u00e1n ampliar la informaci\u00f3n en una charla virtual que se llevar\u00e1 a cabo el pr\u00f3ximo lunes [&hellip;]<\/p>\n","protected":false},"author":1,"featured_media":6753,"comment_status":"closed","ping_status":"closed","sticky":false,"template":"","format":"standard","meta":{"_et_pb_use_builder":"on","_et_pb_old_content":"","_et_gb_content_width":"","footnotes":""},"categories":[6],"tags":[],"class_list":["post-6752","post","type-post","status-publish","format-standard","has-post-thumbnail","hentry","category-noticias"],"_links":{"self":[{"href":"https:\/\/www.sedarauca.edu.co\/index.php\/wp-json\/wp\/v2\/posts\/6752","targetHints":{"allow":["GET"]}}],"collection":[{"href":"https:\/\/www.sedarauca.edu.co\/index.php\/wp-json\/wp\/v2\/posts"}],"about":[{"href":"https:\/\/www.sedarauca.edu.co\/index.php\/wp-json\/wp\/v2\/types\/post"}],"author":[{"embeddable":true,"href":"https:\/\/www.sedarauca.edu.co\/index.php\/wp-json\/wp\/v2\/users\/1"}],"replies":[{"embeddable":true,"href":"https:\/\/www.sedarauca.edu.co\/index.php\/wp-json\/wp\/v2\/comments?post=6752"}],"version-history":[{"count":2,"href":"https:\/\/www.sedarauca.edu.co\/index.php\/wp-json\/wp\/v2\/posts\/6752\/revisions"}],"predecessor-version":[{"id":6756,"href":"https:\/\/www.sedarauca.edu.co\/index.php\/wp-json\/wp\/v2\/posts\/6752\/revisions\/6756"}],"wp:featuredmedia":[{"embeddable":true,"href":"https:\/\/www.sedarauca.edu.co\/index.php\/wp-json\/wp\/v2\/media\/6753"}],"wp:attachment":[{"href":"https:\/\/www.sedarauca.edu.co\/index.php\/wp-json\/wp\/v2\/media?parent=6752"}],"wp:term":[{"taxonomy":"category","embeddable":true,"href":"https:\/\/www.sedarauca.edu.co\/index.php\/wp-json\/wp\/v2\/categories?post=6752"},{"taxonomy":"post_tag","embeddable":true,"href":"https:\/\/www.sedarauca.edu.co\/index.php\/wp-json\/wp\/v2\/tags?post=6752"}],"curies":[{"name":"wp","href":"https:\/\/api.w.org\/{rel}","templated":true}]}}