{"id":6737,"date":"2023-07-21T09:27:00","date_gmt":"2023-07-21T14:27:00","guid":{"rendered":"https:\/\/www.sedarauca.edu.co\/?p=6737"},"modified":"2023-07-28T09:33:19","modified_gmt":"2023-07-28T14:33:19","slug":"estudiantes-engalanaron-las-calles-de-arauca-en-conmemoracion-de-los-213-anos-del-grito-de-independencia","status":"publish","type":"post","link":"https:\/\/www.sedarauca.edu.co\/index.php\/2023\/07\/21\/estudiantes-engalanaron-las-calles-de-arauca-en-conmemoracion-de-los-213-anos-del-grito-de-independencia\/","title":{"rendered":"<strong>Estudiantes engalanaron las calles de Arauca en conmemoraci\u00f3n de los 213 a\u00f1os del Grito de Independencia<\/strong>"},"content":{"rendered":"<p>[et_pb_section fb_built=\u00bb1&#8243; theme_builder_area=\u00bbpost_content\u00bb _builder_version=\u00bb4.21.0&#8243; _module_preset=\u00bbdefault\u00bb][et_pb_row _builder_version=\u00bb4.21.0&#8243; _module_preset=\u00bbdefault\u00bb theme_builder_area=\u00bbpost_content\u00bb][et_pb_column _builder_version=\u00bb4.21.0&#8243; _module_preset=\u00bbdefault\u00bb type=\u00bb4_4&#8243; theme_builder_area=\u00bbpost_content\u00bb][et_pb_text _builder_version=\u00bb4.21.0&#8243; _module_preset=\u00bbdefault\u00bb theme_builder_area=\u00bbpost_content\u00bb custom_margin=\u00bb-60px||||false|false\u00bb hover_enabled=\u00bb0&#8243; sticky_enabled=\u00bb0&#8243;]<\/p>\n<p style=\"text-align: center;\"><i><span class=\"x_ContentPasted1\">Como es habitual cada 20 de julio, las\u00a0<\/span><\/i><strong><i><span class=\"x_ContentPasted1\">Instituciones Educativas oficiales y no oficiales del departamento de Arauca<\/span><\/i><\/strong><b><i><span class=\"x_ContentPasted1\">\u00a0<\/span><\/i><\/b><i><span class=\"x_ContentPasted1\">desarrollan actividades pedag\u00f3gicas que contribuyen a preservar la fecha conmemorativa m\u00e1s importante en la<\/span><\/i><strong><i><span class=\"x_ContentPasted1\">\u00a0historia de Colombia\u00a0<\/span><\/i><\/strong><i><span class=\"x_ContentPasted1\">como es su Independencia. Aqu\u00ed les compartimos im\u00e1genes de c\u00f3mo se vivi\u00f3 este d\u00eda.<\/span><\/i><\/p>\n<p>[\/et_pb_text][\/et_pb_column][\/et_pb_row][et_pb_row _builder_version=\u00bb4.21.0&#8243; _module_preset=\u00bbdefault\u00bb theme_builder_area=\u00bbpost_content\u00bb custom_margin=\u00bb-20px||||false|false\u00bb hover_enabled=\u00bb0&#8243; sticky_enabled=\u00bb0&#8243;][et_pb_column _builder_version=\u00bb4.21.0&#8243; _module_preset=\u00bbdefault\u00bb type=\u00bb4_4&#8243; theme_builder_area=\u00bbpost_content\u00bb][et_pb_image src=\u00bbhttps:\/\/www.sedarauca.edu.co\/wp-content\/uploads\/2023\/07\/VeinteJulio-02.jpg\u00bb _builder_version=\u00bb4.21.0&#8243; _module_preset=\u00bbdefault\u00bb theme_builder_area=\u00bbpost_content\u00bb title_text=\u00bbVeinteJulio 02&#8243; hover_enabled=\u00bb0&#8243; sticky_enabled=\u00bb0&#8243;][\/et_pb_image][\/et_pb_column][\/et_pb_row][et_pb_row _builder_version=\u00bb4.21.0&#8243; _module_preset=\u00bbdefault\u00bb theme_builder_area=\u00bbpost_content\u00bb][et_pb_column _builder_version=\u00bb4.21.0&#8243; _module_preset=\u00bbdefault\u00bb type=\u00bb4_4&#8243; theme_builder_area=\u00bbpost_content\u00bb][et_pb_text _builder_version=\u00bb4.21.0&#8243; _module_preset=\u00bbdefault\u00bb theme_builder_area=\u00bbpost_content\u00bb hover_enabled=\u00bb0&#8243; sticky_enabled=\u00bb0&#8243;]<\/p>\n<p style=\"text-align: justify;\"><b><span class=\"x_ContentPasted1\">Arauca, 21 de julio de 2023.<\/span><\/b><span class=\"x_ContentPasted1\"><span>\u00a0<\/span>En la celebraci\u00f3n de las fiestas patrias, se llevaron a cabo en los Municipios, los tradicionales desfiles c\u00edvico &#8211; militares, donde los Directivos, Docentes y Estudiantes marcharon con carteleras alusivas a la fecha, banderas y mensajes de paz. \u00a0Adem\u00e1s, al interior de los establecimientos educativos tambi\u00e9n se desarrollaron actividades pedag\u00f3gicas entorno a este hito de nuestra historia.<\/span><\/p>\n<p style=\"text-align: justify;\"><span class=\"x_ContentPasted1\">\u201cPara nosotros, es muy importante que estas conmemoraciones no se pierdan y que tanto ni\u00f1os, adolescentes y j\u00f3venes tengan presente lo que significa en el contexto hist\u00f3rico, cultural, religioso y de civismo el D\u00eda de la Independencia\u201d. Marceliano Guerrero, secretario de Educaci\u00f3n Departamental.\u00a0<\/span><\/p>\n<p>[\/et_pb_text][\/et_pb_column][\/et_pb_row][et_pb_row _builder_version=\u00bb4.21.0&#8243; _module_preset=\u00bbdefault\u00bb column_structure=\u00bb1_2,1_2&#8243; theme_builder_area=\u00bbpost_content\u00bb][et_pb_column _builder_version=\u00bb4.21.0&#8243; _module_preset=\u00bbdefault\u00bb type=\u00bb1_2&#8243; theme_builder_area=\u00bbpost_content\u00bb][et_pb_image src=\u00bbhttps:\/\/www.sedarauca.edu.co\/wp-content\/uploads\/2023\/07\/VeinteJuliox4-03.jpg\u00bb _builder_version=\u00bb4.21.0&#8243; _module_preset=\u00bbdefault\u00bb theme_builder_area=\u00bbpost_content\u00bb title_text=\u00bbVeinteJuliox4-03&#8243; hover_enabled=\u00bb0&#8243; sticky_enabled=\u00bb0&#8243;][\/et_pb_image][\/et_pb_column][et_pb_column _builder_version=\u00bb4.21.0&#8243; _module_preset=\u00bbdefault\u00bb type=\u00bb1_2&#8243; theme_builder_area=\u00bbpost_content\u00bb][et_pb_image src=\u00bbhttps:\/\/www.sedarauca.edu.co\/wp-content\/uploads\/2023\/07\/VeinteJuliox4-02.jpg\u00bb _builder_version=\u00bb4.21.0&#8243; _module_preset=\u00bbdefault\u00bb theme_builder_area=\u00bbpost_content\u00bb title_text=\u00bbVeinteJuliox4-02&#8243; hover_enabled=\u00bb0&#8243; sticky_enabled=\u00bb0&#8243;][\/et_pb_image][\/et_pb_column][\/et_pb_row][et_pb_row _builder_version=\u00bb4.21.0&#8243; _module_preset=\u00bbdefault\u00bb column_structure=\u00bb1_2,1_2&#8243; theme_builder_area=\u00bbpost_content\u00bb][et_pb_column _builder_version=\u00bb4.21.0&#8243; _module_preset=\u00bbdefault\u00bb type=\u00bb1_2&#8243; theme_builder_area=\u00bbpost_content\u00bb][et_pb_image src=\u00bbhttps:\/\/www.sedarauca.edu.co\/wp-content\/uploads\/2023\/07\/VeinteJuliox4-01.jpg\u00bb _builder_version=\u00bb4.21.0&#8243; _module_preset=\u00bbdefault\u00bb theme_builder_area=\u00bbpost_content\u00bb title_text=\u00bbVeinteJuliox4-01&#8243; hover_enabled=\u00bb0&#8243; sticky_enabled=\u00bb0&#8243;][\/et_pb_image][\/et_pb_column][et_pb_column _builder_version=\u00bb4.21.0&#8243; _module_preset=\u00bbdefault\u00bb type=\u00bb1_2&#8243; theme_builder_area=\u00bbpost_content\u00bb][et_pb_image src=\u00bbhttps:\/\/www.sedarauca.edu.co\/wp-content\/uploads\/2023\/07\/VeinteJuliox4-04.jpg\u00bb _builder_version=\u00bb4.21.0&#8243; _module_preset=\u00bbdefault\u00bb theme_builder_area=\u00bbpost_content\u00bb title_text=\u00bbVeinteJuliox4-04&#8243; hover_enabled=\u00bb0&#8243; sticky_enabled=\u00bb0&#8243;][\/et_pb_image][\/et_pb_column][\/et_pb_row][\/et_pb_section]<\/p>\n","protected":false},"excerpt":{"rendered":"<p>Como es habitual cada 20 de julio, las\u00a0Instituciones Educativas oficiales y no oficiales del departamento de Arauca\u00a0desarrollan actividades pedag\u00f3gicas que contribuyen a preservar la fecha conmemorativa m\u00e1s importante en la\u00a0historia de Colombia\u00a0como es su Independencia. Aqu\u00ed les compartimos im\u00e1genes de c\u00f3mo se vivi\u00f3 este d\u00eda.Arauca, 21 de julio de 2023.\u00a0En la celebraci\u00f3n de las fiestas [&hellip;]<\/p>\n","protected":false},"author":1,"featured_media":6738,"comment_status":"closed","ping_status":"closed","sticky":false,"template":"","format":"standard","meta":{"_et_pb_use_builder":"on","_et_pb_old_content":"","_et_gb_content_width":"","footnotes":""},"categories":[21,6],"tags":[],"class_list":["post-6737","post","type-post","status-publish","format-standard","has-post-thumbnail","hentry","category-boletin","category-noticias"],"_links":{"self":[{"href":"https:\/\/www.sedarauca.edu.co\/index.php\/wp-json\/wp\/v2\/posts\/6737","targetHints":{"allow":["GET"]}}],"collection":[{"href":"https:\/\/www.sedarauca.edu.co\/index.php\/wp-json\/wp\/v2\/posts"}],"about":[{"href":"https:\/\/www.sedarauca.edu.co\/index.php\/wp-json\/wp\/v2\/types\/post"}],"author":[{"embeddable":true,"href":"https:\/\/www.sedarauca.edu.co\/index.php\/wp-json\/wp\/v2\/users\/1"}],"replies":[{"embeddable":true,"href":"https:\/\/www.sedarauca.edu.co\/index.php\/wp-json\/wp\/v2\/comments?post=6737"}],"version-history":[{"count":2,"href":"https:\/\/www.sedarauca.edu.co\/index.php\/wp-json\/wp\/v2\/posts\/6737\/revisions"}],"predecessor-version":[{"id":6746,"href":"https:\/\/www.sedarauca.edu.co\/index.php\/wp-json\/wp\/v2\/posts\/6737\/revisions\/6746"}],"wp:featuredmedia":[{"embeddable":true,"href":"https:\/\/www.sedarauca.edu.co\/index.php\/wp-json\/wp\/v2\/media\/6738"}],"wp:attachment":[{"href":"https:\/\/www.sedarauca.edu.co\/index.php\/wp-json\/wp\/v2\/media?parent=6737"}],"wp:term":[{"taxonomy":"category","embeddable":true,"href":"https:\/\/www.sedarauca.edu.co\/index.php\/wp-json\/wp\/v2\/categories?post=6737"},{"taxonomy":"post_tag","embeddable":true,"href":"https:\/\/www.sedarauca.edu.co\/index.php\/wp-json\/wp\/v2\/tags?post=6737"}],"curies":[{"name":"wp","href":"https:\/\/api.w.org\/{rel}","templated":true}]}}