{"id":6721,"date":"2023-07-18T11:50:00","date_gmt":"2023-07-18T16:50:00","guid":{"rendered":"https:\/\/www.sedarauca.edu.co\/?p=6721"},"modified":"2023-07-18T18:07:29","modified_gmt":"2023-07-18T23:07:29","slug":"a-dar-cumplimiento-a-ordenanza-que-institucionaliza-dia-departamental-del-llanero-este-25-de-julio-invita-secretaria-de-educacion","status":"publish","type":"post","link":"https:\/\/www.sedarauca.edu.co\/index.php\/2023\/07\/18\/a-dar-cumplimiento-a-ordenanza-que-institucionaliza-dia-departamental-del-llanero-este-25-de-julio-invita-secretaria-de-educacion\/","title":{"rendered":"<strong>A dar cumplimiento a Ordenanza que institucionaliza D\u00eda Departamental del Llanero, este 25 de julio, invita Secretar\u00eda de Educaci\u00f3n<\/strong>"},"content":{"rendered":"\n[et_pb_section fb_built=\u00bb1&#8243; theme_builder_area=\u00bbpost_content\u00bb _builder_version=\u00bb4.21.0&#8243; _module_preset=\u00bbdefault\u00bb][et_pb_row _builder_version=\u00bb4.21.0&#8243; _module_preset=\u00bbdefault\u00bb theme_builder_area=\u00bbpost_content\u00bb][et_pb_column _builder_version=\u00bb4.21.0&#8243; _module_preset=\u00bbdefault\u00bb type=\u00bb4_4&#8243; theme_builder_area=\u00bbpost_content\u00bb][et_pb_text _builder_version=\u00bb4.21.0&#8243; _module_preset=\u00bbdefault\u00bb theme_builder_area=\u00bbpost_content\u00bb custom_margin=\u00bb-30px||||false|false\u00bb hover_enabled=\u00bb0&#8243; sticky_enabled=\u00bb0&#8243;]<p style=\"text-align: center;\"><em>Todas las instituciones educativas y culturales del Departamento deben celebrar el acto p\u00fablico como reconocimiento a la raza llanera.<\/em><\/p>[\/et_pb_text][\/et_pb_column][\/et_pb_row][et_pb_row _builder_version=\u00bb4.21.0&#8243; _module_preset=\u00bbdefault\u00bb theme_builder_area=\u00bbpost_content\u00bb][et_pb_column _builder_version=\u00bb4.21.0&#8243; _module_preset=\u00bbdefault\u00bb type=\u00bb4_4&#8243; theme_builder_area=\u00bbpost_content\u00bb][et_pb_text _builder_version=\u00bb4.21.0&#8243; _module_preset=\u00bbdefault\u00bb theme_builder_area=\u00bbpost_content\u00bb hover_enabled=\u00bb0&#8243; sticky_enabled=\u00bb0&#8243; custom_padding=\u00bb||60px|||\u00bb]<p style=\"text-align: justify;\"><strong>Arauca, 17 de julio de 2023.-<\/strong> Un efusivo llamado a todas las instituciones p\u00fablicas y privadas para que se sumen a la celebraci\u00f3n del D\u00eda departamental del Llanero, este 25 de julio, hizo la Administraci\u00f3n seccional, a trav\u00e9s del secretario de Educaci\u00f3n, Marceliano Guerrero Alvarado.<\/p>\n<p style=\"text-align: justify;\">El funcionario record\u00f3 que mediante la Ordenanza 38 del 2001 se institucionaliz\u00f3 dicha fecha y se reconoci\u00f3 a la raza Llanera con todas sus particularidades como pionera de la formaci\u00f3n hist\u00f3rica cultural, econ\u00f3mica, cient\u00edfica y dem\u00e1s elementos propios de la idiosincrasia cultural araucana.<\/p>\n<p style=\"text-align: justify;\">All\u00ed se destaca que \u201clos llaneros comandados por el coronel Juan Jos\u00e9 Rond\u00f3n y al grito de esperanza del libertador Sim\u00f3n Bol\u00edvar de \u2018coronel salve usted la patria\u2019 dio el aliento y \u00e1nimo al Ej\u00e9rcito Libertador para derrotar al Ej\u00e9rcito espa\u00f1ol en la batalla del Pantano de Vargas el d\u00eda 25 de julio de 1819.<\/p>\n<p style=\"text-align: justify;\">En su Art\u00edculo 4, se denomina como Plaza del Llanero la plazoleta de la Asamblea como s\u00edmbolo de la Llaneridad, lugar en donde cada a\u00f1o la Duma en asoci\u00f3 con la Academia de Historia de Arauca, la Casa departamental de Cultura, las secretar\u00edas de Educaci\u00f3n departamental y municipales, instituciones educativas y culturales celebrar\u00e1n el acto p\u00fablico como reconocimiento a la raza llanera y cuyos invitados especiales ser\u00e1n las familias llaneras raizales del departamento.<\/p>[\/et_pb_text][et_pb_image src=\u00bbhttps:\/\/www.sedarauca.edu.co\/wp-content\/uploads\/2023\/07\/DiaLlanero02.jpeg\u00bb _builder_version=\u00bb4.21.0&#8243; _module_preset=\u00bbdefault\u00bb theme_builder_area=\u00bbpost_content\u00bb title_text=\u00bbDiaLlanero02&#8243; hover_enabled=\u00bb0&#8243; sticky_enabled=\u00bb0&#8243; custom_margin=\u00bb-40px||||false|false\u00bb][\/et_pb_image][et_pb_text _builder_version=\u00bb4.21.0&#8243; _module_preset=\u00bbdefault\u00bb theme_builder_area=\u00bbpost_content\u00bb hover_enabled=\u00bb0&#8243; sticky_enabled=\u00bb0&#8243;]<p style=\"text-align: justify;\"><\/p>\n<p style=\"text-align: justify;\">Asimismo, se determina izar la bandera de Arauca o en su defecto la de Colombia en todos y cada uno de los establecimientos p\u00fablicos, al igual que en todos y cada uno de los hogares de los per\u00edmetros urbanos y \u00e1reas rurales como homenaje a la raza llanera<\/p>\n<p style=\"text-align: justify;\">\u201cEste 25 de julio rendiremos tributo a nuestra raza, a nuestro ser, a nuestro ancestro, a nuestra cultura. Por eso invito a toda la comunidad del departamento de Arauca para que visiten todas las instituciones y miren c\u00f3mo nuestros directivos docentes, docentes y estudiantes han hecho de este d\u00eda la mejor fiesta cultural.<\/p>\n<p style=\"text-align: justify;\">El llanero trocha en su caballo con Dios de compa\u00f1ero y va trochando ajilaiiito a celebrar el D\u00eda departamental del Llanero\u201d, expres\u00f3 el titular de la secretar\u00eda de asuntos docentes.<\/p>[\/et_pb_text][\/et_pb_column][\/et_pb_row][et_pb_row _builder_version=\u00bb4.21.0&#8243; _module_preset=\u00bbdefault\u00bb theme_builder_area=\u00bbpost_content\u00bb][et_pb_column _builder_version=\u00bb4.21.0&#8243; _module_preset=\u00bbdefault\u00bb type=\u00bb4_4&#8243; theme_builder_area=\u00bbpost_content\u00bb][et_pb_video src=\u00bbhttps:\/\/youtu.be\/mCEiQxjFG20&#8243; _builder_version=\u00bb4.21.0&#8243; _module_preset=\u00bbdefault\u00bb theme_builder_area=\u00bbpost_content\u00bb hover_enabled=\u00bb0&#8243; sticky_enabled=\u00bb0&#8243;][\/et_pb_video][\/et_pb_column][\/et_pb_row][\/et_pb_section]\n","protected":false},"excerpt":{"rendered":"<p>Todas las instituciones educativas y culturales del Departamento deben celebrar el acto p\u00fablico como reconocimiento a la raza llanera.Arauca, 17 de julio de 2023.- Un efusivo llamado a todas las instituciones p\u00fablicas y privadas para que se sumen a la celebraci\u00f3n del D\u00eda departamental del Llanero, este 25 de julio, hizo la Administraci\u00f3n seccional, a [&hellip;]<\/p>\n","protected":false},"author":1,"featured_media":6723,"comment_status":"closed","ping_status":"closed","sticky":false,"template":"","format":"standard","meta":{"_et_pb_use_builder":"on","_et_pb_old_content":"","_et_gb_content_width":"","footnotes":""},"categories":[21,6],"tags":[],"class_list":["post-6721","post","type-post","status-publish","format-standard","has-post-thumbnail","hentry","category-boletin","category-noticias"],"_links":{"self":[{"href":"https:\/\/www.sedarauca.edu.co\/index.php\/wp-json\/wp\/v2\/posts\/6721","targetHints":{"allow":["GET"]}}],"collection":[{"href":"https:\/\/www.sedarauca.edu.co\/index.php\/wp-json\/wp\/v2\/posts"}],"about":[{"href":"https:\/\/www.sedarauca.edu.co\/index.php\/wp-json\/wp\/v2\/types\/post"}],"author":[{"embeddable":true,"href":"https:\/\/www.sedarauca.edu.co\/index.php\/wp-json\/wp\/v2\/users\/1"}],"replies":[{"embeddable":true,"href":"https:\/\/www.sedarauca.edu.co\/index.php\/wp-json\/wp\/v2\/comments?post=6721"}],"version-history":[{"count":6,"href":"https:\/\/www.sedarauca.edu.co\/index.php\/wp-json\/wp\/v2\/posts\/6721\/revisions"}],"predecessor-version":[{"id":6730,"href":"https:\/\/www.sedarauca.edu.co\/index.php\/wp-json\/wp\/v2\/posts\/6721\/revisions\/6730"}],"wp:featuredmedia":[{"embeddable":true,"href":"https:\/\/www.sedarauca.edu.co\/index.php\/wp-json\/wp\/v2\/media\/6723"}],"wp:attachment":[{"href":"https:\/\/www.sedarauca.edu.co\/index.php\/wp-json\/wp\/v2\/media?parent=6721"}],"wp:term":[{"taxonomy":"category","embeddable":true,"href":"https:\/\/www.sedarauca.edu.co\/index.php\/wp-json\/wp\/v2\/categories?post=6721"},{"taxonomy":"post_tag","embeddable":true,"href":"https:\/\/www.sedarauca.edu.co\/index.php\/wp-json\/wp\/v2\/tags?post=6721"}],"curies":[{"name":"wp","href":"https:\/\/api.w.org\/{rel}","templated":true}]}}