{"id":6680,"date":"2023-07-10T14:50:00","date_gmt":"2023-07-10T19:50:00","guid":{"rendered":"https:\/\/www.sedarauca.edu.co\/?p=6680"},"modified":"2023-08-04T16:16:38","modified_gmt":"2023-08-04T21:16:38","slug":"foro-educativo-nacional-2023-hacia-una-educacion-de-calidad-que-potencia-el-reconocimiento-de-la-diversidad","status":"publish","type":"post","link":"https:\/\/www.sedarauca.edu.co\/index.php\/2023\/07\/10\/foro-educativo-nacional-2023-hacia-una-educacion-de-calidad-que-potencia-el-reconocimiento-de-la-diversidad\/","title":{"rendered":"<strong>Convocatoria para participar con experiencias significativas en convivencia escolar en el Foro Educativo Nacional 2023<\/strong>"},"content":{"rendered":"\n\n\n\n\n\n\n\n[et_pb_section fb_built=\u00bb1&#8243; _builder_version=\u00bb4.21.0&#8243; _module_preset=\u00bbdefault\u00bb global_colors_info=\u00bb{}\u00bb][et_pb_row _builder_version=\u00bb4.21.0&#8243; _module_preset=\u00bbdefault\u00bb custom_margin=\u00bb-40px||||false|false\u00bb global_colors_info=\u00bb{}\u00bb][et_pb_column type=\u00bb4_4&#8243; _builder_version=\u00bb4.21.0&#8243; _module_preset=\u00bbdefault\u00bb global_colors_info=\u00bb{}\u00bb][et_pb_text _builder_version=\u00bb4.21.0&#8243; _module_preset=\u00bbdefault\u00bb global_colors_info=\u00bb{}\u00bb]<p style=\"text-align: justify;\">El Ministerio de Educaci\u00f3n Nacional invita a docentes, directivos\u00a0 docentes, y orientadores escolares vinculados a los establecimientos educativos oficiales y no oficiales de todo el territorio nacional a participar y dar a conocer sus experiencias significativas de\u00a0 Convivencia Escolar, en el marco del Foro Educativo Nacional 2023 <strong>\u201cHacia una educaci\u00f3n de calidad que potencia el reconocimiento de la diversidad\u201d,<\/strong>\u00a0 en cumplimiento de lo establecido en el\u00a0 art\u00edculo 39 de la Ley 1620 de 2013\u00a0 y del art\u00edculo 2.3.5.5.1 del Decreto 1075 de 2015, \u00a0para evidenciar \u00a0experiencias pedag\u00f3gicas innovadoras con\u00a0 una \u00a0implementaci\u00f3n de estrategias de mejoramiento, orientadas a cualificar la convivencia escolar, la educaci\u00f3n para los derechos humanos, la educaci\u00f3n para la sexualidad,\u00a0 la prevenci\u00f3n y mitigaci\u00f3n de la violencia escolar.<\/p>\n<p style=\"text-align: justify;\">El Ministerio de Educaci\u00f3n Nacional junto con el equipo evaluador seleccionar\u00e1 10 experiencias significativas de acuerdo con los criterios establecidos en el presente documento.<\/p>\n<p style=\"text-align: justify;\"><\/p>\n<h5><strong>\u00bfC\u00f3mo dar a conocer sus experiencias significativas? <\/strong><\/h5>\n<p style=\"text-align: justify;\">Las comunidades educativas interesadas en dar a conocer sus experiencias significativas de convivencia escolar ante el Ministerio de Educaci\u00f3n Nacional deber\u00e1n tener en cuenta lo siguientes pasos:<\/p>\n<ol style=\"text-align: justify;\">\n<li><strong> <\/strong><strong>Registro de la Experiencia:<\/strong><\/li>\n<\/ol>\n<p style=\"text-align: justify;\">Diligenciar la informaci\u00f3n de la experiencia significativa en el siguiente enlace electr\u00f3nico: <strong>Ficha de registro de experiencias significativas en Convivencia Escolar 2023 <\/strong>\u00a0\u00a0<a href=\"https:\/\/forms.office.com\/r\/HvqMPY7N6P\">https:\/\/forms.office.com\/r\/HvqMPY7N6P<\/a><\/p>\n<p style=\"text-align: justify;\"><strong>Nota:<\/strong> Este formato digital se constituye en el \u00fanico medio de registro de la informaci\u00f3n de la experiencia.\u00a0 No es necesario adjuntar documentos o enviar en f\u00edsico la experiencia al MEN.<\/p>\n<ol start=\"2\" style=\"text-align: justify;\">\n<li><strong> <\/strong><strong>Registro audiovisual:<\/strong><\/li>\n<\/ol>\n<p style=\"text-align: justify;\">La experiencia debe estar acompa\u00f1ada de un video de m\u00e1ximo 3 minutos donde se indique en qu\u00e9 consiste la experiencia de convivencia escolar. El video lo debe relacionar con un link o enlace en el formato de inscripci\u00f3n. Recuerde al momento de publicar su video en su canal privado dar permiso de acceso \u00fanicamente para quien se le comparta el enlace. Adem\u00e1s, deber\u00e1 relacionar el link donde se puede verificar los consentimientos informados de los padres para el uso de imagen de los menores que aparezcan en videos o material fotogr\u00e1fico de la experiencia.<\/p>\n<ol start=\"3\" style=\"text-align: justify;\">\n<li><strong> <\/strong><strong>Valoraci\u00f3n de las experiencias:<\/strong><\/li>\n<\/ol>\n<p style=\"text-align: justify;\">Una vez registradas las experiencias se realizar\u00e1 el proceso de valoraci\u00f3n de estas, por parte un comit\u00e9 evaluador, quienes seleccionar\u00e1n 10 experiencias, de acuerdo con los criterios establecidos en el presente documento. Las 10 experiencias seleccionadas participar\u00e1n en el evento central del FEN 2023, en el espacio de Reconocimiento de Experiencias Significativas y Buenas Pr\u00e1cticas.<\/p>\n<p style=\"text-align: justify;\">El Comit\u00e9 Evaluador estar\u00e1 conformado por:<\/p>\n<ul style=\"text-align: justify;\">\n<li>Equipo MEN Programas Transversales.<\/li>\n<li>Delegados de la Mesa T\u00e9cnica del Comit\u00e9 Nacional de Convivencia Escolar.<\/li>\n<li>Representantes de Secretar\u00edas de Educaci\u00f3n con mayor avance en temas de convivencia escolar<\/li>\n<li>Mar\u00eda Clara Cuevas, experta en Convivencia Escolar &#8211; COLSPIC<\/li>\n<li>Natalia C\u00e1rdenas, experta en Convivencia Escolar- Universidad CES<\/li>\n<\/ul>\n<h5 style=\"text-align: justify;\"><strong>Criterios de Participaci\u00f3n:<\/strong><\/h5>\n<ol style=\"text-align: justify;\">\n<li>La postulaci\u00f3n debe corresponder a una experiencia significativa presentada por establecimientos educativos oficial o no oficiales.<\/li>\n<\/ol>\n<ol start=\"2\" style=\"text-align: justify;\">\n<li><span> <\/span>La experiencia significativa debe promover la formaci\u00f3n para el ejercicio de los derechos humanos, la educaci\u00f3n para la sexualidad y la prevenci\u00f3n y mitigaci\u00f3n de la violencia escolar, donde se evidencie la implementaci\u00f3n de acciones pedag\u00f3gicas en los siguientes ejes tem\u00e1ticos: \u00a0(i) <span>Resoluci\u00f3n pac\u00edfica de conflictos<\/span> (ii) <span>Prevenci\u00f3n del acoso escolar<\/span> (iii) <span>Diversidad y pluralidad<\/span> (iv) <span>Justicia y Derechos Humanos\u00a0<\/span> (v) <span>Sexualidad\u00a0<\/span> (vi) <span>Justicia restaurativa.<\/span><\/li>\n<\/ol>\n<ol start=\"3\" style=\"text-align: justify;\">\n<li>La experiencia significativa debe ser coherente con la Ley 1620 de 2013 y evidenciar como se articula con los componentes de promoci\u00f3n, prevenci\u00f3n, atenci\u00f3n y seguimiento de la Ruta de Atenci\u00f3n Integral para la Convivencia Escolar.<\/li>\n<\/ol>\n<ol start=\"4\" style=\"text-align: justify;\">\n<li>La experiencia significativa de convivencia escolar debe evidenciar que lleva al menos 9 a\u00f1os de implementaci\u00f3n y que esta se haya venido consolidando y transformando hasta la fecha.<\/li>\n<\/ol>\n<ol start=\"5\" style=\"text-align: justify;\">\n<li>La experiencia significativa de convivencia escolar debe evidenciar la participaci\u00f3n activa de los integrantes de la comunidad educativa (estudiantes, docentes, directivos, familia, sociedad y escuela), siendo un proceso constante en las acciones desarrolladas por el establecimiento educativo por tanto, no se tendr\u00e1n en cuenta las experiencias que evidencien una sola acci\u00f3n o actividad al a\u00f1o o semestre.<\/li>\n<\/ol>\n<h5 style=\"text-align: justify;\"><strong>Criterios de evaluaci\u00f3n de la experiencia: <\/strong><\/h5>\n<p style=\"text-align: justify;\">El proceso de valoraci\u00f3n se realizar\u00e1 tomando en consideraci\u00f3n los siguientes criterios:<\/p>\n<table width=\"105%\">\n<tbody>\n<tr>\n<td colspan=\"2\" width=\"23%\">CRITERIOS<\/td>\n<td width=\"65%\">DESCRIPTORES<\/td>\n<td width=\"11%\">PUNTAJE<\/td>\n<\/tr>\n<tr>\n<td width=\"3%\">\n<p><strong>\u00a0<\/strong><\/p>\n<p><strong>\u00a0<\/strong><\/p>\n<p><strong>1<\/strong><\/p>\n<p><strong>\u00a0<\/strong><\/p>\n<\/td>\n<td width=\"19%\">PERTINENCIA<\/td>\n<td width=\"65%\">La experiencia significativa evidencia acciones de prevenci\u00f3n de situaciones de violencia escolar y promoci\u00f3n de competencias ciudadanas y ejercicio de derechos humanos, derechos sexuales y reproductivos.<\/td>\n<td width=\"11%\">(Asignar entre 1 a 15 puntos)<\/td>\n<\/tr>\n<tr>\n<td width=\"3%\">\n<p><strong>\u00a0<\/strong><\/p>\n<p><strong>2<\/strong><\/p>\n<\/td>\n<td width=\"19%\">COHERENCIA<\/td>\n<td width=\"65%\">Se evidencia consistencia entre los problemas de convivencia escolar identificados por SIUCE o por el an\u00e1lisis de contexto, y los objetivos, las acciones, las estrategias pedag\u00f3gicas y los resultados de la experiencia acorde a los componentes de prevenci\u00f3n y promoci\u00f3n de la Ruta de Atenci\u00f3n Integral de la ley 1620 de 2013 en los \u00faltimos 5 a\u00f1os.<\/td>\n<td width=\"11%\">(Asignar entre 1 a 10 puntos)<\/td>\n<\/tr>\n<tr>\n<td width=\"3%\">\n<p><strong>\u00a0<\/strong><\/p>\n<p><strong>3<\/strong><\/p>\n<\/td>\n<td width=\"19%\">INNOVACI\u00d3N<\/td>\n<td width=\"65%\">De acuerdo con la ficha de la experiencia se hace evidentes maneras novedosas de implementar acciones pedag\u00f3gicas, por ejemplo usando el juego, la l\u00fadica, la tecnolog\u00eda en el uso de materiales, m\u00e9todos, contenidos, entre otros, en un marco de derechos.<\/td>\n<td width=\"11%\">(Asignar entre 1 a 10 puntos)<\/td>\n<\/tr>\n<tr>\n<td width=\"3%\"><strong>4<\/strong><\/td>\n<td width=\"19%\">TRANSFORMACI\u00d3N<\/td>\n<td width=\"65%\">Se informa y da evidencia de los cambios que han logrado por la experiencia respecto de las situaciones problema de convivencia escolar y el an\u00e1lisis del contexto comparando c\u00f3mo estaban en 2014 y c\u00f3mo est\u00e1n en 2023.<\/td>\n<td width=\"11%\">(Asignar entre 1 a 15 puntos)<\/td>\n<\/tr>\n<tr>\n<td width=\"3%\">\n<p><strong>\u00a0<\/strong><\/p>\n<p><strong>5<\/strong><\/p>\n<\/td>\n<td width=\"19%\">EMPODERAMIENTO<\/td>\n<td width=\"65%\">Se evidencia que, en las distintas fases del desarrollo de la experiencia participan y lideran actividades docentes de diversas \u00e1reas, estudiantes y familias.<\/td>\n<td width=\"11%\">(Asignar entre 1 a 20 puntos)<\/td>\n<\/tr>\n<tr>\n<td width=\"3%\">\n<p><strong>\u00a0<\/strong><\/p>\n<p><strong>6<\/strong><\/p>\n<\/td>\n<td width=\"19%\">SEGUIMIENTO Y EVALUACI\u00d3N<\/td>\n<td width=\"65%\">Describe la utilizaci\u00f3n de una metodolog\u00eda de seguimiento y demuestra resultados de cambio entre 2014 y 2023<\/td>\n<td width=\"11%\">(Asignar entre 1 a 10 puntos)<\/td>\n<\/tr>\n<tr>\n<td width=\"3%\"><strong>7<\/strong><\/td>\n<td width=\"19%\">SOSTENIBILIDAD<\/td>\n<td width=\"65%\">La experiencia, cuenta con apoyo de aliados en el territorio y ellos realizan acciones de acuerdo con las necesidades del establecimiento educativo.<\/td>\n<td width=\"11%\">(Asignar entre 1 a 20 puntos)<\/td>\n<\/tr>\n<tr>\n<td colspan=\"3\" width=\"88%\">\n<p><strong>\u00a0<\/strong><\/p>\n<p><strong>SUMATORIA TOTAL<\/strong><\/p>\n<\/td>\n<td width=\"11%\">M\u00e1ximo 100 puntos.<\/td>\n<\/tr>\n<\/tbody>\n<\/table>\n<p style=\"text-align: justify;\"><strong><\/strong><\/p>\n<h5 style=\"text-align: justify;\"><strong>Cronograma:<\/strong><\/h5>\n<table width=\"529\">\n<tbody>\n<tr>\n<td width=\"274\"><strong>Actividad<\/strong><\/td>\n<td width=\"76\"><strong>Junio<\/strong><\/td>\n<td width=\"76\"><strong>Julio<\/strong><\/td>\n<td width=\"104\"><strong>Agosto<\/strong><\/td>\n<\/tr>\n<tr>\n<td width=\"274\">Apertura de la convocatoria MEN<\/td>\n<td width=\"76\">30 de junio<\/td>\n<td width=\"76\">\u00a0<\/td>\n<td width=\"104\">\u00a0<\/td>\n<\/tr>\n<tr>\n<td width=\"274\">\u00a0Cierre de la convocatoria<\/td>\n<td width=\"76\">\u00a0<\/td>\n<td width=\"76\">21<\/td>\n<td width=\"104\">\u00a0<\/td>\n<\/tr>\n<tr>\n<td width=\"274\">\u00a0Evaluaci\u00f3n por parte de expertos<\/td>\n<td width=\"76\">\u00a0<\/td>\n<td width=\"76\">24 al 31<\/td>\n<td width=\"104\">\u00a0<\/td>\n<\/tr>\n<tr>\n<td width=\"274\">\u00a0Publicaci\u00f3n de Resultados<\/td>\n<td width=\"76\">\u00a0<\/td>\n<td width=\"76\"><\/td>\n<td width=\"104\">\u00a02<\/td>\n<\/tr>\n<\/tbody>\n<\/table>\n<p style=\"text-align: justify;\"><strong><\/strong><\/p>\n<h5 style=\"text-align: justify;\"><strong><\/strong><\/h5>\n<h5 style=\"text-align: justify;\"><strong><\/strong><\/h5>\n<h5 style=\"text-align: justify;\"><strong>Para finalizar tenga en cuenta: <\/strong><\/h5>\n<ul style=\"text-align: justify;\">\n<li>Los resultados se dar\u00e1n a conocer a trav\u00e9s de la p\u00e1gina web del Ministerio de Educaci\u00f3n Nacional y mediante comunicaci\u00f3n directa a cada experiencia seleccionada, con copia a la ETC.<\/li>\n<\/ul>\n<ul style=\"text-align: justify;\">\n<li>Tal como establece la Ley 1620 de 2013 los lideres de la experiencia significativa en convivencia escolar seleccionada participar\u00e1n en el Foro Educativo Nacional con los gastos asumidos por MEN.<\/li>\n<\/ul>\n<ul>\n<li style=\"text-align: justify;\">Cualquier duda o informaci\u00f3n favor comunicarse con la profesional de la Subdirecci\u00f3n de Fomento de Competencias del Ministerio de Educaci\u00f3n Nacional Claudia Clavijo <a href=\"mailto:cclavijor@mineducacion.gov.co\">cclavijor@mineducacion.gov.co<\/a><\/li>\n<\/ul>[\/et_pb_text][\/et_pb_column][\/et_pb_row][et_pb_row _builder_version=\u00bb4.21.0&#8243; _module_preset=\u00bbdefault\u00bb custom_margin=\u00bb-30px||||false|false\u00bb global_colors_info=\u00bb{}\u00bb][et_pb_column type=\u00bb4_4&#8243; _builder_version=\u00bb4.21.0&#8243; _module_preset=\u00bbdefault\u00bb global_colors_info=\u00bb{}\u00bb][et_pb_button button_url=\u00bbhttps:\/\/forms.office.com\/r\/HvqMPY7N6P\u00bb url_new_window=\u00bbon\u00bb button_text=\u00bbRegistre su experiencia significativa aqu\u00ed\u00bb button_alignment=\u00bbcenter\u00bb _builder_version=\u00bb4.21.0&#8243; _module_preset=\u00bbdefault\u00bb custom_button=\u00bbon\u00bb button_text_color=\u00bb#FFFFFF\u00bb button_bg_color=\u00bb#0C71C3&#8243; button_border_radius=\u00bb30px\u00bb button_icon=\u00bb&#xf25a;||fa||400&#8243; global_colors_info=\u00bb{}\u00bb][\/et_pb_button][\/et_pb_column][\/et_pb_row][et_pb_row _builder_version=\u00bb4.21.0&#8243; _module_preset=\u00bbdefault\u00bb link_option_url=\u00bbhttps:\/\/www.sedarauca.edu.co\/wp-content\/uploads\/2023\/07\/CIRCULAR-EXTERNA-203-2023-EXPERIENCIAS-SIGNIFICATIVAS.pdf\u00bb link_option_url_new_window=\u00bbon\u00bb admin_label=\u00bbCIRCULAR EXTERNA 203 2023 EXPERIENCIAS SIGNIFICATIVAS DE CONVIVENCIA ESCOLAR.pdf\u00bb hover_enabled=\u00bb0&#8243; sticky_enabled=\u00bb0&#8243;][et_pb_column _builder_version=\u00bb4.21.0&#8243; _module_preset=\u00bbdefault\u00bb type=\u00bb4_4&#8243;][et_pb_code _builder_version=\u00bb4.21.0&#8243; _module_preset=\u00bbdefault\u00bb hover_enabled=\u00bb0&#8243; sticky_enabled=\u00bb0&#8243;]<a href=\"https:\/\/www.sedarauca.edu.co\/wp-content\/uploads\/2023\/07\/CIRCULAR-EXTERNA-203-2023-EXPERIENCIAS-SIGNIFICATIVAS.pdf\" class=\"pdfemb-viewer\" style=\"\" data-width=\"max\" data-height=\"max\" data-toolbar=\"bottom\" data-toolbar-fixed=\"on\">CIRCULAR-EXTERNA-203-2023-EXPERIENCIAS-SIGNIFICATIVAS<\/a>[\/et_pb_code][\/et_pb_column][\/et_pb_row][\/et_pb_section]\n\n\n\n\n\n\n\n","protected":false},"excerpt":{"rendered":"<p>El Ministerio de Educaci\u00f3n Nacional invita a docentes, directivos\u00a0 docentes, y orientadores escolares vinculados a los establecimientos educativos oficiales y no oficiales de todo el territorio nacional a participar y dar a conocer sus experiencias significativas de\u00a0 Convivencia Escolar, en el marco del Foro Educativo Nacional 2023 \u201cHacia una educaci\u00f3n de calidad que potencia el [&hellip;]<\/p>\n","protected":false},"author":1,"featured_media":6736,"comment_status":"closed","ping_status":"closed","sticky":true,"template":"","format":"standard","meta":{"_et_pb_use_builder":"on","_et_pb_old_content":"","_et_gb_content_width":"","footnotes":""},"categories":[42,6],"tags":[],"class_list":["post-6680","post","type-post","status-publish","format-standard","has-post-thumbnail","hentry","category-men","category-noticias"],"_links":{"self":[{"href":"https:\/\/www.sedarauca.edu.co\/index.php\/wp-json\/wp\/v2\/posts\/6680","targetHints":{"allow":["GET"]}}],"collection":[{"href":"https:\/\/www.sedarauca.edu.co\/index.php\/wp-json\/wp\/v2\/posts"}],"about":[{"href":"https:\/\/www.sedarauca.edu.co\/index.php\/wp-json\/wp\/v2\/types\/post"}],"author":[{"embeddable":true,"href":"https:\/\/www.sedarauca.edu.co\/index.php\/wp-json\/wp\/v2\/users\/1"}],"replies":[{"embeddable":true,"href":"https:\/\/www.sedarauca.edu.co\/index.php\/wp-json\/wp\/v2\/comments?post=6680"}],"version-history":[{"count":13,"href":"https:\/\/www.sedarauca.edu.co\/index.php\/wp-json\/wp\/v2\/posts\/6680\/revisions"}],"predecessor-version":[{"id":6845,"href":"https:\/\/www.sedarauca.edu.co\/index.php\/wp-json\/wp\/v2\/posts\/6680\/revisions\/6845"}],"wp:featuredmedia":[{"embeddable":true,"href":"https:\/\/www.sedarauca.edu.co\/index.php\/wp-json\/wp\/v2\/media\/6736"}],"wp:attachment":[{"href":"https:\/\/www.sedarauca.edu.co\/index.php\/wp-json\/wp\/v2\/media?parent=6680"}],"wp:term":[{"taxonomy":"category","embeddable":true,"href":"https:\/\/www.sedarauca.edu.co\/index.php\/wp-json\/wp\/v2\/categories?post=6680"},{"taxonomy":"post_tag","embeddable":true,"href":"https:\/\/www.sedarauca.edu.co\/index.php\/wp-json\/wp\/v2\/tags?post=6680"}],"curies":[{"name":"wp","href":"https:\/\/api.w.org\/{rel}","templated":true}]}}