{"id":6669,"date":"2022-12-29T09:01:00","date_gmt":"2022-12-29T14:01:00","guid":{"rendered":"https:\/\/www.sedarauca.edu.co\/?p=6669"},"modified":"2023-07-11T09:05:09","modified_gmt":"2023-07-11T14:05:09","slug":"resolucion-3727-de-2022-secretaria-de-educacion-departamental-de-arauca-2","status":"publish","type":"post","link":"https:\/\/www.sedarauca.edu.co\/index.php\/2022\/12\/29\/resolucion-3727-de-2022-secretaria-de-educacion-departamental-de-arauca-2\/","title":{"rendered":"<strong>Resoluci\u00f3n 3727 de 2022 &#8211; Secretar\u00eda de Educaci\u00f3n Departamental de Arauca<\/strong>"},"content":{"rendered":"<p>[et_pb_section fb_built=\u00bb1&#8243; theme_builder_area=\u00bbpost_content\u00bb _builder_version=\u00bb4.21.0&#8243; _module_preset=\u00bbdefault\u00bb][et_pb_row _builder_version=\u00bb4.21.0&#8243; _module_preset=\u00bbdefault\u00bb theme_builder_area=\u00bbpost_content\u00bb][et_pb_column _builder_version=\u00bb4.21.0&#8243; _module_preset=\u00bbdefault\u00bb type=\u00bb4_4&#8243; theme_builder_area=\u00bbpost_content\u00bb][et_pb_text _builder_version=\u00bb4.21.0&#8243; _module_preset=\u00bbdefault\u00bb theme_builder_area=\u00bbpost_content\u00bb custom_margin=\u00bb-40px||||false|false\u00bb hover_enabled=\u00bb0&#8243; sticky_enabled=\u00bb0&#8243;]<\/p>\n<p style=\"text-align: justify;\"><strong>Arauca, 28 de diciembre de 2022.<\/strong> Resoluci\u00f3n 3727 de 2022 por la cual se autoriza la Estrategia de Ampliaci\u00f3n del Tiempo escolar (antes Jornada \u00danica) en los Establecimientos Educativos Oficiales del Departamento de Arauca.<\/p>\n<p>[\/et_pb_text][\/et_pb_column][\/et_pb_row][et_pb_row _builder_version=\u00bb4.21.0&#8243; _module_preset=\u00bbdefault\u00bb theme_builder_area=\u00bbpost_content\u00bb link_option_url=\u00bbhttps:\/\/www.sedarauca.edu.co\/wp-content\/uploads\/2023\/07\/Resolucion-3727-de-28-de-diciembre-de-2022-AMPLIACION-DEL-TIEMPO-ESCOLAR.pdf\u00bb link_option_url_new_window=\u00bbon\u00bb admin_label=\u00bbhttps:\/\/www.sResolucion-3727-de-28-de-diciembre-de-2022-AMPLIACION-DEL-TIEMPO-ESCOLAR.pdf\u00bb hover_enabled=\u00bb0&#8243; sticky_enabled=\u00bb0&#8243;][et_pb_column _builder_version=\u00bb4.21.0&#8243; _module_preset=\u00bbdefault\u00bb type=\u00bb4_4&#8243; theme_builder_area=\u00bbpost_content\u00bb][et_pb_code _builder_version=\u00bb4.21.0&#8243; _module_preset=\u00bbdefault\u00bb theme_builder_area=\u00bbpost_content\u00bb hover_enabled=\u00bb0&#8243; sticky_enabled=\u00bb0&#8243;]<a href=\"https:\/\/www.sedarauca.edu.co\/wp-content\/uploads\/2023\/07\/Resolucion-3727-de-28-de-diciembre-de-2022-AMPLIACION-DEL-TIEMPO-ESCOLAR.pdf\" class=\"pdfemb-viewer\" style=\"\" data-width=\"max\" data-height=\"max\" data-toolbar=\"bottom\" data-toolbar-fixed=\"on\">Resolucion-3727-de-28-de-diciembre-de-2022-AMPLIACION-DEL-TIEMPO-ESCOLAR<\/a>[\/et_pb_code][\/et_pb_column][\/et_pb_row][\/et_pb_section]<\/p>\n","protected":false},"excerpt":{"rendered":"<p>Arauca, 28 de diciembre de 2022. Resoluci\u00f3n 3727 de 2022 por la cual se autoriza la Estrategia de Ampliaci\u00f3n del Tiempo escolar (antes Jornada \u00danica) en los Establecimientos Educativos Oficiales del Departamento de Arauca.<a href=\"https:\/\/www.sedarauca.edu.co\/wp-content\/uploads\/2023\/07\/Resolucion-3727-de-28-de-diciembre-de-2022-AMPLIACION-DEL-TIEMPO-ESCOLAR.pdf\" class=\"pdfemb-viewer\" style=\"\" data-width=\"max\" data-height=\"max\" data-toolbar=\"bottom\" data-toolbar-fixed=\"on\">Resolucion-3727-de-28-de-diciembre-de-2022-AMPLIACION-DEL-TIEMPO-ESCOLAR<\/a><\/p>\n","protected":false},"author":1,"featured_media":6665,"comment_status":"closed","ping_status":"closed","sticky":false,"template":"","format":"standard","meta":{"_et_pb_use_builder":"on","_et_pb_old_content":"","_et_gb_content_width":"","footnotes":""},"categories":[25,24],"tags":[],"class_list":["post-6669","post","type-post","status-publish","format-standard","has-post-thumbnail","hentry","category-publicacion","category-resolucion"],"_links":{"self":[{"href":"https:\/\/www.sedarauca.edu.co\/index.php\/wp-json\/wp\/v2\/posts\/6669","targetHints":{"allow":["GET"]}}],"collection":[{"href":"https:\/\/www.sedarauca.edu.co\/index.php\/wp-json\/wp\/v2\/posts"}],"about":[{"href":"https:\/\/www.sedarauca.edu.co\/index.php\/wp-json\/wp\/v2\/types\/post"}],"author":[{"embeddable":true,"href":"https:\/\/www.sedarauca.edu.co\/index.php\/wp-json\/wp\/v2\/users\/1"}],"replies":[{"embeddable":true,"href":"https:\/\/www.sedarauca.edu.co\/index.php\/wp-json\/wp\/v2\/comments?post=6669"}],"version-history":[{"count":2,"href":"https:\/\/www.sedarauca.edu.co\/index.php\/wp-json\/wp\/v2\/posts\/6669\/revisions"}],"predecessor-version":[{"id":6672,"href":"https:\/\/www.sedarauca.edu.co\/index.php\/wp-json\/wp\/v2\/posts\/6669\/revisions\/6672"}],"wp:featuredmedia":[{"embeddable":true,"href":"https:\/\/www.sedarauca.edu.co\/index.php\/wp-json\/wp\/v2\/media\/6665"}],"wp:attachment":[{"href":"https:\/\/www.sedarauca.edu.co\/index.php\/wp-json\/wp\/v2\/media?parent=6669"}],"wp:term":[{"taxonomy":"category","embeddable":true,"href":"https:\/\/www.sedarauca.edu.co\/index.php\/wp-json\/wp\/v2\/categories?post=6669"},{"taxonomy":"post_tag","embeddable":true,"href":"https:\/\/www.sedarauca.edu.co\/index.php\/wp-json\/wp\/v2\/tags?post=6669"}],"curies":[{"name":"wp","href":"https:\/\/api.w.org\/{rel}","templated":true}]}}