{"id":6576,"date":"2023-07-04T12:36:00","date_gmt":"2023-07-04T17:36:00","guid":{"rendered":"https:\/\/www.sedarauca.edu.co\/?p=6576"},"modified":"2023-07-06T12:47:24","modified_gmt":"2023-07-06T17:47:24","slug":"convocatoria-interna-para-proveer-un-encargo-en-la-vacante-de-profesional-universitario-en-la-sed","status":"publish","type":"post","link":"https:\/\/www.sedarauca.edu.co\/index.php\/2023\/07\/04\/convocatoria-interna-para-proveer-un-encargo-en-la-vacante-de-profesional-universitario-en-la-sed\/","title":{"rendered":"<strong>Convocatoria interna para proveer un encargo en la vacante de Profesional Universitario en el \u00c1rea de Planeaci\u00f3n de la SED<\/strong>"},"content":{"rendered":"\n[et_pb_section fb_built=\u00bb1&#8243; theme_builder_area=\u00bbpost_content\u00bb _builder_version=\u00bb4.21.0&#8243; _module_preset=\u00bbdefault\u00bb][et_pb_row _builder_version=\u00bb4.21.0&#8243; _module_preset=\u00bbdefault\u00bb theme_builder_area=\u00bbpost_content\u00bb][et_pb_column _builder_version=\u00bb4.21.0&#8243; _module_preset=\u00bbdefault\u00bb type=\u00bb4_4&#8243; theme_builder_area=\u00bbpost_content\u00bb][et_pb_text _builder_version=\u00bb4.21.0&#8243; _module_preset=\u00bbdefault\u00bb theme_builder_area=\u00bbpost_content\u00bb hover_enabled=\u00bb0&#8243; sticky_enabled=\u00bb0&#8243; custom_margin=\u00bb-40px||||false|false\u00bb]<p style=\"text-align: justify;\"><span><strong>Arauca, 04 de julio de 2023.\u00a0<\/strong><\/span><span>A trav\u00e9s de la convocatoria laboral interna No. 016 de 2023, l<\/span>a Secretar\u00eda de Educaci\u00f3n departamental de la conformidad con el art\u00edculo 1\u00b0 de la Ley 1960 de 2019, Ley 909 de 2004, informa a los servidores p\u00fablicos (administrativos) de los Establecimientos Educativos del Departamento de Arauca, Financiada con Recursos del Sistema General de Participaciones \u2014 Educaci\u00f3n y Gobernaci\u00f3n de Arauca o que hayan superado el Periodo de Prueba<br \/>en forma satisfactoria que se encuentren interesados en ocupar por encargo el Empleo de Profesional Universitario C\u00f3digo 219, Grado 01, de la PLANTA DE CARGOS DE LA SECRETAR\u00cdA DE EDUCACI\u00d3N DEPARTAMENTAL DE ARAUCA, NIVEL CENTRAL, FINANCIADA CON RECURSOS DEL SISTEMA GENERAL DE PARTICIPACIONES \u2014 EDUCACI\u00d3N \u2014 \u00c1REA PLANEACI\u00d3N.<\/p>\n<p style=\"text-align: justify;\"><span>Consulte los detalles y requisitos de la convocatoria en www.sedarauca.edu.co<\/span><\/p>[\/et_pb_text][\/et_pb_column][\/et_pb_row][et_pb_row _builder_version=\u00bb4.21.0&#8243; _module_preset=\u00bbdefault\u00bb theme_builder_area=\u00bbpost_content\u00bb][et_pb_column _builder_version=\u00bb4.21.0&#8243; _module_preset=\u00bbdefault\u00bb type=\u00bb4_4&#8243; theme_builder_area=\u00bbpost_content\u00bb][et_pb_text _builder_version=\u00bb4.21.0&#8243; _module_preset=\u00bbdefault\u00bb theme_builder_area=\u00bbpost_content\u00bb hover_enabled=\u00bb0&#8243; sticky_enabled=\u00bb0&#8243;]<a href=\"https:\/\/www.sedarauca.edu.co\/wp-content\/uploads\/2023\/07\/Convocatoria-No.-016-de-2023-Profesional-Universitario-01-Planeacion-SED.pdf\" class=\"pdfemb-viewer\" style=\"\" data-width=\"max\" data-height=\"max\" data-toolbar=\"bottom\" data-toolbar-fixed=\"on\">Convocatoria-No.-016-de-2023-Profesional-Universitario-01-Planeacion-SED<\/a>[\/et_pb_text][\/et_pb_column][\/et_pb_row][et_pb_row _builder_version=\u00bb4.21.0&#8243; _module_preset=\u00bbdefault\u00bb theme_builder_area=\u00bbpost_content\u00bb][et_pb_column _builder_version=\u00bb4.21.0&#8243; _module_preset=\u00bbdefault\u00bb type=\u00bb4_4&#8243; theme_builder_area=\u00bbpost_content\u00bb][et_pb_button button_text=\u00bbDescargar Convocatoria Interna 016 de 2023 \u00bb _builder_version=\u00bb4.21.0&#8243; _module_preset=\u00bbdefault\u00bb theme_builder_area=\u00bbpost_content\u00bb button_url=\u00bbhttps:\/\/www.sedarauca.edu.co\/wp-content\/uploads\/2023\/07\/Convocatoria-No.-016-de-2023-Profesional-Universitario-01-Planeacion-SED.pdf\u00bb url_new_window=\u00bbon\u00bb button_alignment=\u00bbcenter\u00bb custom_button=\u00bbon\u00bb button_text_color=\u00bb#FFFFFF\u00bb button_bg_color=\u00bb#0C71C3&#8243; button_bg_enable_color=\u00bbon\u00bb button_border_radius=\u00bb30px\u00bb button_icon=\u00bb&#xf1c1;||fa||900&#8243; hover_enabled=\u00bb0&#8243; sticky_enabled=\u00bb0&#8243;][\/et_pb_button][\/et_pb_column][\/et_pb_row][\/et_pb_section]\n","protected":false},"excerpt":{"rendered":"<p>Arauca, 04 de julio de 2023.\u00a0A trav\u00e9s de la convocatoria laboral interna No. 016 de 2023, la Secretar\u00eda de Educaci\u00f3n departamental de la conformidad con el art\u00edculo 1\u00b0 de la Ley 1960 de 2019, Ley 909 de 2004, informa a los servidores p\u00fablicos (administrativos) de los Establecimientos Educativos del Departamento de Arauca, Financiada con Recursos [&hellip;]<\/p>\n","protected":false},"author":1,"featured_media":6580,"comment_status":"closed","ping_status":"closed","sticky":false,"template":"","format":"standard","meta":{"_et_pb_use_builder":"on","_et_pb_old_content":"","_et_gb_content_width":"","footnotes":""},"categories":[7,25],"tags":[],"class_list":["post-6576","post","type-post","status-publish","format-standard","has-post-thumbnail","hentry","category-convocatoria","category-publicacion"],"_links":{"self":[{"href":"https:\/\/www.sedarauca.edu.co\/index.php\/wp-json\/wp\/v2\/posts\/6576","targetHints":{"allow":["GET"]}}],"collection":[{"href":"https:\/\/www.sedarauca.edu.co\/index.php\/wp-json\/wp\/v2\/posts"}],"about":[{"href":"https:\/\/www.sedarauca.edu.co\/index.php\/wp-json\/wp\/v2\/types\/post"}],"author":[{"embeddable":true,"href":"https:\/\/www.sedarauca.edu.co\/index.php\/wp-json\/wp\/v2\/users\/1"}],"replies":[{"embeddable":true,"href":"https:\/\/www.sedarauca.edu.co\/index.php\/wp-json\/wp\/v2\/comments?post=6576"}],"version-history":[{"count":5,"href":"https:\/\/www.sedarauca.edu.co\/index.php\/wp-json\/wp\/v2\/posts\/6576\/revisions"}],"predecessor-version":[{"id":6583,"href":"https:\/\/www.sedarauca.edu.co\/index.php\/wp-json\/wp\/v2\/posts\/6576\/revisions\/6583"}],"wp:featuredmedia":[{"embeddable":true,"href":"https:\/\/www.sedarauca.edu.co\/index.php\/wp-json\/wp\/v2\/media\/6580"}],"wp:attachment":[{"href":"https:\/\/www.sedarauca.edu.co\/index.php\/wp-json\/wp\/v2\/media?parent=6576"}],"wp:term":[{"taxonomy":"category","embeddable":true,"href":"https:\/\/www.sedarauca.edu.co\/index.php\/wp-json\/wp\/v2\/categories?post=6576"},{"taxonomy":"post_tag","embeddable":true,"href":"https:\/\/www.sedarauca.edu.co\/index.php\/wp-json\/wp\/v2\/tags?post=6576"}],"curies":[{"name":"wp","href":"https:\/\/api.w.org\/{rel}","templated":true}]}}