{"id":6553,"date":"2023-07-04T16:51:00","date_gmt":"2023-07-04T21:51:00","guid":{"rendered":"https:\/\/www.sedarauca.edu.co\/?p=6553"},"modified":"2023-07-05T16:01:14","modified_gmt":"2023-07-05T21:01:14","slug":"manana-nuestro-departamento-de-arauca-cumple-32-anos","status":"publish","type":"post","link":"https:\/\/www.sedarauca.edu.co\/index.php\/2023\/07\/04\/manana-nuestro-departamento-de-arauca-cumple-32-anos\/","title":{"rendered":"<strong>Ma\u00f1ana nuestro departamento de Arauca cumple 32 a\u00f1os<\/strong>"},"content":{"rendered":"<p>[et_pb_section fb_built=\u00bb1&#8243; _builder_version=\u00bb4.21.0&#8243; _module_preset=\u00bbdefault\u00bb global_colors_info=\u00bb{}\u00bb][et_pb_row _builder_version=\u00bb4.21.0&#8243; _module_preset=\u00bbdefault\u00bb global_colors_info=\u00bb{}\u00bb][et_pb_column type=\u00bb4_4&#8243; _builder_version=\u00bb4.21.0&#8243; _module_preset=\u00bbdefault\u00bb global_colors_info=\u00bb{}\u00bb][et_pb_text _builder_version=\u00bb4.21.0&#8243; _module_preset=\u00bbdefault\u00bb custom_margin=\u00bb-60px||||false|false\u00bb hover_enabled=\u00bb0&#8243; global_colors_info=\u00bb{}\u00bb sticky_enabled=\u00bb0&#8243;]<\/p>\n<p style=\"text-align: center;\"><em>En sus 32 a\u00f1os, el departamento de Arauca ha incrementado, en continuo avance, la inversi\u00f3n y el fortalecimiento institucional basado en la autonom\u00eda territorial.<\/em><\/p>\n<p style=\"text-align: center;\"><em>D\u00eda para izar las banderas de la Rep\u00fablica de Colombia y del departamento de Arauca.<\/em><\/p>\n<p>[\/et_pb_text][\/et_pb_column][\/et_pb_row][et_pb_row _builder_version=\u00bb4.21.0&#8243; _module_preset=\u00bbdefault\u00bb global_colors_info=\u00bb{}\u00bb][et_pb_column type=\u00bb4_4&#8243; _builder_version=\u00bb4.21.0&#8243; _module_preset=\u00bbdefault\u00bb global_colors_info=\u00bb{}\u00bb][et_pb_text _builder_version=\u00bb4.21.0&#8243; _module_preset=\u00bbdefault\u00bb custom_margin=\u00bb-40px||||false|false\u00bb hover_enabled=\u00bb0&#8243; global_colors_info=\u00bb{}\u00bb sticky_enabled=\u00bb0&#8243;]<\/p>\n<p style=\"text-align: justify;\"><strong>Arauca, 4 de julio de 2023.<\/strong> Con la promulgaci\u00f3n de la Constituci\u00f3n Pol\u00edtica de 1991, Arauca se convirti\u00f3 en departamento. En virtud de ello, quien hoy en d\u00eda es el gobernador: <span>el abogado y especialista en derecho administrativo, Wilinton Rodr\u00edguez Benavidez,<\/span> siendo diputado, fue autor de la <strong>Ordenanza 060 de 2021<\/strong> donde se declara el 5 de julio como d\u00eda del departamento de Arauca; adicionalmente se promulg\u00f3 el departamento como la \u201c<strong><em>Tierra del Joropo<\/em><\/strong>\u201d y la \u201c<strong><em>Puerta de la Libertad<\/em><\/strong>\u201d.<\/p>\n<p style=\"text-align: justify;\">\u00abInvitamos a todos los habitantes del departamento de Arauca a que, con orgullo, icemos nuestra bandera y digamos: <strong>\u00a1Yo amo a mi departamento!\u00bb<\/strong><\/p>\n<p>[\/et_pb_text][\/et_pb_column][\/et_pb_row][et_pb_row _builder_version=\u00bb4.21.0&#8243; _module_preset=\u00bbdefault\u00bb global_colors_info=\u00bb{}\u00bb][et_pb_column type=\u00bb4_4&#8243; _builder_version=\u00bb4.21.0&#8243; _module_preset=\u00bbdefault\u00bb global_colors_info=\u00bb{}\u00bb][et_pb_video src=\u00bbhttps:\/\/youtu.be\/3T7oljE70QM\u00bb image_src=\u00bb\/\/i.ytimg.com\/vi\/3T7oljE70QM\/hqdefault.jpg\u00bb admin_label=\u00bbCumplea\u00f1os 32 Arauca Departamento\u00bb _builder_version=\u00bb4.21.0&#8243; _module_preset=\u00bbdefault\u00bb custom_margin=\u00bb-10px||||false|false\u00bb global_colors_info=\u00bb{}\u00bb][\/et_pb_video][\/et_pb_column][\/et_pb_row][et_pb_row _builder_version=\u00bb4.21.0&#8243; _module_preset=\u00bbdefault\u00bb][et_pb_column _builder_version=\u00bb4.21.0&#8243; _module_preset=\u00bbdefault\u00bb type=\u00bb4_4&#8243;][et_pb_button button_text=\u00bbDescargar Ordenanza 060 de 2021 &#8211; D\u00eda del departamento de Arauca\u00bb _builder_version=\u00bb4.21.0&#8243; _module_preset=\u00bbdefault\u00bb url_new_window=\u00bbon\u00bb button_url=\u00bbhttps:\/\/www.sedarauca.edu.co\/wp-content\/uploads\/2023\/07\/ORDENANZA-No-060-DE-2021.pdf\u00bb button_alignment=\u00bbcenter\u00bb custom_button=\u00bbon\u00bb button_text_color=\u00bb#FFFFFF\u00bb button_bg_color=\u00bb#0C71C3&#8243; button_bg_enable_color=\u00bbon\u00bb button_border_radius=\u00bb30px\u00bb button_icon=\u00bb&#xf1c1;||fa||900&#8243; hover_enabled=\u00bb0&#8243; sticky_enabled=\u00bb0&#8243;][\/et_pb_button][\/et_pb_column][\/et_pb_row][\/et_pb_section]<\/p>\n","protected":false},"excerpt":{"rendered":"<p>En sus 32 a\u00f1os, el departamento de Arauca ha incrementado, en continuo avance, la inversi\u00f3n y el fortalecimiento institucional basado en la autonom\u00eda territorial. D\u00eda para izar las banderas de la Rep\u00fablica de Colombia y del departamento de Arauca.Arauca, 4 de julio de 2023. Con la promulgaci\u00f3n de la Constituci\u00f3n Pol\u00edtica de 1991, Arauca se [&hellip;]<\/p>\n","protected":false},"author":1,"featured_media":6554,"comment_status":"closed","ping_status":"closed","sticky":false,"template":"","format":"standard","meta":{"_et_pb_use_builder":"on","_et_pb_old_content":"","_et_gb_content_width":"","footnotes":""},"categories":[6],"tags":[],"class_list":["post-6553","post","type-post","status-publish","format-standard","has-post-thumbnail","hentry","category-noticias"],"_links":{"self":[{"href":"https:\/\/www.sedarauca.edu.co\/index.php\/wp-json\/wp\/v2\/posts\/6553","targetHints":{"allow":["GET"]}}],"collection":[{"href":"https:\/\/www.sedarauca.edu.co\/index.php\/wp-json\/wp\/v2\/posts"}],"about":[{"href":"https:\/\/www.sedarauca.edu.co\/index.php\/wp-json\/wp\/v2\/types\/post"}],"author":[{"embeddable":true,"href":"https:\/\/www.sedarauca.edu.co\/index.php\/wp-json\/wp\/v2\/users\/1"}],"replies":[{"embeddable":true,"href":"https:\/\/www.sedarauca.edu.co\/index.php\/wp-json\/wp\/v2\/comments?post=6553"}],"version-history":[{"count":12,"href":"https:\/\/www.sedarauca.edu.co\/index.php\/wp-json\/wp\/v2\/posts\/6553\/revisions"}],"predecessor-version":[{"id":6569,"href":"https:\/\/www.sedarauca.edu.co\/index.php\/wp-json\/wp\/v2\/posts\/6553\/revisions\/6569"}],"wp:featuredmedia":[{"embeddable":true,"href":"https:\/\/www.sedarauca.edu.co\/index.php\/wp-json\/wp\/v2\/media\/6554"}],"wp:attachment":[{"href":"https:\/\/www.sedarauca.edu.co\/index.php\/wp-json\/wp\/v2\/media?parent=6553"}],"wp:term":[{"taxonomy":"category","embeddable":true,"href":"https:\/\/www.sedarauca.edu.co\/index.php\/wp-json\/wp\/v2\/categories?post=6553"},{"taxonomy":"post_tag","embeddable":true,"href":"https:\/\/www.sedarauca.edu.co\/index.php\/wp-json\/wp\/v2\/tags?post=6553"}],"curies":[{"name":"wp","href":"https:\/\/api.w.org\/{rel}","templated":true}]}}