{"id":6520,"date":"2023-06-22T08:57:00","date_gmt":"2023-06-22T13:57:00","guid":{"rendered":"https:\/\/www.sedarauca.edu.co\/?p=6520"},"modified":"2023-08-04T16:22:30","modified_gmt":"2023-08-04T21:22:30","slug":"conoce-y-descarga-los-documentos-para-el-foro-educativo-nacional-2023","status":"publish","type":"post","link":"https:\/\/www.sedarauca.edu.co\/index.php\/2023\/06\/22\/conoce-y-descarga-los-documentos-para-el-foro-educativo-nacional-2023\/","title":{"rendered":"<strong>Conoce y descarga los documentos para el Foro Educativo Nacional 2023<\/strong>"},"content":{"rendered":"\n[et_pb_section fb_built=\u00bb1&#8243; theme_builder_area=\u00bbpost_content\u00bb _builder_version=\u00bb4.21.0&#8243; _module_preset=\u00bbdefault\u00bb][et_pb_row _builder_version=\u00bb4.21.0&#8243; _module_preset=\u00bbdefault\u00bb theme_builder_area=\u00bbpost_content\u00bb][et_pb_column _builder_version=\u00bb4.21.0&#8243; _module_preset=\u00bbdefault\u00bb type=\u00bb4_4&#8243; theme_builder_area=\u00bbpost_content\u00bb][et_pb_text _builder_version=\u00bb4.21.0&#8243; _module_preset=\u00bbdefault\u00bb theme_builder_area=\u00bbpost_content\u00bb custom_margin=\u00bb-60px||||false|false\u00bb hover_enabled=\u00bb0&#8243; sticky_enabled=\u00bb0&#8243;]<p style=\"text-align: center;\"><em>Con el Foro Educativo Nacional 2023 vamos hacia una Educaci\u00f3n de calidad que potencia eI reconocimiento de la diversidad.<\/em><\/p>[\/et_pb_text][\/et_pb_column][\/et_pb_row][et_pb_row _builder_version=\u00bb4.21.0&#8243; _module_preset=\u00bbdefault\u00bb theme_builder_area=\u00bbpost_content\u00bb hover_enabled=\u00bb0&#8243; sticky_enabled=\u00bb0&#8243;][et_pb_column _builder_version=\u00bb4.21.0&#8243; _module_preset=\u00bbdefault\u00bb type=\u00bb4_4&#8243; theme_builder_area=\u00bbpost_content\u00bb][et_pb_text _builder_version=\u00bb4.21.0&#8243; _module_preset=\u00bbdefault\u00bb theme_builder_area=\u00bbpost_content\u00bb hover_enabled=\u00bb0&#8243; sticky_enabled=\u00bb0&#8243; custom_margin=\u00bb-50px||||false|false\u00bb]<p style=\"text-align: justify;\">Como Ministerio de Educaci\u00f3n Nacional nos complace invitarlos a participar en el Foro Educativo Nacional del a\u00f1o 2023 para, citando la Ley 115, \u201creflexionar sobre el estado de la educaci\u00f3n y hacer recomendaciones a las autoridades educativas respectivas para el mejoramiento y cobertura de la educaci\u00f3n\u201d. Desde este gobierno estamos interesados en hacer de estos escenarios una gran oportunidad para el di\u00e1logo nacional y la construcci\u00f3n de la educaci\u00f3n desde las bases.<\/p>\n<p style=\"text-align: justify;\">Es una invitaci\u00f3n para que todas las instituciones, organizaciones, redes y personas vinculadas o interesadas por la mejora de la educaci\u00f3n nos encontremos a nivel local, departamental y nacional para dialogar, intercambiar saberes y debatir propuestas que fortalezcan y clarifiquen el prop\u00f3sito de la educaci\u00f3n en nuestro pa\u00eds. Queremos construir relaciones y espacios donde sea posible debatir y construir sobre educaci\u00f3n de calidad, sobre diversidad, interculturalidad, educaci\u00f3n ambiental y contextualizada, sobre las relaciones entre la escuela y los territorios.<\/p>\n<p style=\"text-align: justify;\">Les invitamos a encontrarnos, a reconocernos y a construir juntos. Educar es construir vida con sentido, es \u201cproducir\u201d humanidad, y hoy nos lo demanda el sue\u00f1o de \u201cla paz total\u201d y de querer ser potencia de la vida. Potenciar, cuidar y defender la vida es lo que nos convoca pol\u00edtica, \u00e9tica, educativa y pedag\u00f3gicamente. Queremos que todos y todas podamos vivir con dignidad y para ello tenemos que asegurar los aprendizajes b\u00e1sicos y necesarios que lo posibiliten a trav\u00e9s de una buena educaci\u00f3n.<\/p>\n<p style=\"text-align: justify;\">Esperamos la participaci\u00f3n de personas y redes que trabajan en educaci\u00f3n ambiental, interculturalidad, construcci\u00f3n de paz, Propuesta todos a aprender; queremos encontrarnos con los educadores, educadoras y juventudes del movimiento pedag\u00f3gico, l\u00edderes y lideresas sociales, sabedores y sabedoras, educadores y educadoras populares, organizaciones de la sociedad civil en un di\u00e1logo amplio y enriquecedor, que desencadene transformaciones en nuestras pr\u00e1cticas<br \/>pedag\u00f3gicas y territoriales.<\/p>\n<p style=\"text-align: justify;\">Encontr\u00e9monos para definir el prop\u00f3sito que nos mueve, para construir los qu\u00e9 y los c\u00f3mo que necesitamos desde la diversidad de movimientos, organizaciones y redes que hemos elegido la educaci\u00f3n para transformar nuestra patria.<\/p>\n<p style=\"text-align: justify;\">Encontr\u00e9monos para compartir experiencias vividas en centros educativos y en organizaciones; cont\u00e9monos qu\u00e9 estamos haciendo, c\u00f3mo hacemos lo que hacemos y por qu\u00e9 lo hacemos, a la vez que compartimos los aprendizajes de los recorridos, los consensos alcanzados y los disensos no solucionados.<\/p>\n<p style=\"text-align: justify;\"><em><strong>Queremos un Foro Educativo Nacional nuevo, con espacios para el debate y el aprendizaje.<\/strong><\/em><\/p>\n<p style=\"text-align: justify;\"><em>Tomado de Documento Orientador FEN 2023.<\/em><\/p>[\/et_pb_text][\/et_pb_column][\/et_pb_row][et_pb_row _builder_version=\u00bb4.21.0&#8243; _module_preset=\u00bbdefault\u00bb theme_builder_area=\u00bbpost_content\u00bb][et_pb_column _builder_version=\u00bb4.21.0&#8243; _module_preset=\u00bbdefault\u00bb type=\u00bb4_4&#8243; theme_builder_area=\u00bbpost_content\u00bb][et_pb_button button_text=\u00bbDescargar Documento Orientador FEN 2023&#8243; _builder_version=\u00bb4.21.0&#8243; _module_preset=\u00bbdefault\u00bb theme_builder_area=\u00bbpost_content\u00bb button_url=\u00bbhttps:\/\/www.sedarauca.edu.co\/wp-content\/uploads\/2023\/06\/1_Documento-Orientador-FEN-2023.pdf\u00bb url_new_window=\u00bbon\u00bb button_alignment=\u00bbcenter\u00bb custom_button=\u00bbon\u00bb button_text_color=\u00bb#FFFFFF\u00bb button_bg_color=\u00bb#0C71C3&#8243; button_bg_enable_color=\u00bbon\u00bb button_border_radius=\u00bb30px\u00bb button_icon=\u00bb&#xf1c1;||fa||900&#8243; hover_enabled=\u00bb0&#8243; sticky_enabled=\u00bb0&#8243;][\/et_pb_button][\/et_pb_column][\/et_pb_row][et_pb_row _builder_version=\u00bb4.21.0&#8243; _module_preset=\u00bbdefault\u00bb theme_builder_area=\u00bbpost_content\u00bb][et_pb_column _builder_version=\u00bb4.21.0&#8243; _module_preset=\u00bbdefault\u00bb type=\u00bb4_4&#8243; theme_builder_area=\u00bbpost_content\u00bb][et_pb_button button_text=\u00bbDescargar Ficha de registro de buenas pr\u00e1cticas de secretar\u00edas de educaci\u00f3n FEN2023&#8243; _builder_version=\u00bb4.21.0&#8243; _module_preset=\u00bbdefault\u00bb theme_builder_area=\u00bbpost_content\u00bb button_url=\u00bbhttps:\/\/www.sedarauca.edu.co\/wp-content\/uploads\/2023\/06\/2_Ficha-de-registro-de-buenas-practicas-de-secretarias-de-educacion-FEN2023.docx\u00bb url_new_window=\u00bbon\u00bb button_alignment=\u00bbcenter\u00bb custom_button=\u00bbon\u00bb button_text_color=\u00bb#FFFFFF\u00bb button_bg_color=\u00bb#0C71C3&#8243; button_bg_enable_color=\u00bbon\u00bb button_border_radius=\u00bb30px\u00bb button_icon=\u00bb&#xf1c2;||fa||900&#8243; hover_enabled=\u00bb0&#8243; sticky_enabled=\u00bb0&#8243;][\/et_pb_button][\/et_pb_column][\/et_pb_row][et_pb_row _builder_version=\u00bb4.21.0&#8243; _module_preset=\u00bbdefault\u00bb theme_builder_area=\u00bbpost_content\u00bb][et_pb_column _builder_version=\u00bb4.21.0&#8243; _module_preset=\u00bbdefault\u00bb type=\u00bb4_4&#8243; theme_builder_area=\u00bbpost_content\u00bb][et_pb_button button_text=\u00bbDescargar Ficha de registro experiencias significativas\u00bb _builder_version=\u00bb4.21.0&#8243; _module_preset=\u00bbdefault\u00bb theme_builder_area=\u00bbpost_content\u00bb url_new_window=\u00bbon\u00bb button_url=\u00bbhttps:\/\/www.sedarauca.edu.co\/wp-content\/uploads\/2023\/06\/3_Ficha-de-registro-experiencias-significativas.docx\u00bb button_alignment=\u00bbcenter\u00bb custom_button=\u00bbon\u00bb button_text_color=\u00bb#FFFFFF\u00bb button_bg_color=\u00bb#0C71C3&#8243; button_bg_enable_color=\u00bbon\u00bb button_border_radius=\u00bb30px\u00bb button_icon=\u00bb&#xf1c2;||fa||900&#8243; hover_enabled=\u00bb0&#8243; sticky_enabled=\u00bb0&#8243;][\/et_pb_button][\/et_pb_column][\/et_pb_row][et_pb_row _builder_version=\u00bb4.21.0&#8243; _module_preset=\u00bbdefault\u00bb theme_builder_area=\u00bbpost_content\u00bb][et_pb_column _builder_version=\u00bb4.21.0&#8243; _module_preset=\u00bbdefault\u00bb type=\u00bb4_4&#8243; theme_builder_area=\u00bbpost_content\u00bb][et_pb_button button_text=\u00bbDescargar Formato de autorizaci\u00f3n de uso de imagen y de propiedad intelectual\u00bb _builder_version=\u00bb4.21.0&#8243; _module_preset=\u00bbdefault\u00bb theme_builder_area=\u00bbpost_content\u00bb url_new_window=\u00bbon\u00bb button_url=\u00bbhttps:\/\/www.sedarauca.edu.co\/wp-content\/uploads\/2023\/06\/4_Formato-de-autorizacion-de-uso-de-imagen-y-de-propiedad-intelectual.docx\u00bb button_alignment=\u00bbcenter\u00bb custom_button=\u00bbon\u00bb button_text_color=\u00bb#FFFFFF\u00bb button_bg_color=\u00bb#0C71C3&#8243; button_bg_enable_color=\u00bbon\u00bb button_border_radius=\u00bb30px\u00bb button_icon=\u00bb&#xf1c2;||fa||900&#8243;][\/et_pb_button][\/et_pb_column][\/et_pb_row][et_pb_row _builder_version=\u00bb4.21.0&#8243; _module_preset=\u00bbdefault\u00bb theme_builder_area=\u00bbpost_content\u00bb][et_pb_column _builder_version=\u00bb4.21.0&#8243; _module_preset=\u00bbdefault\u00bb type=\u00bb4_4&#8243; theme_builder_area=\u00bbpost_content\u00bb][et_pb_button button_text=\u00bbDescargar Infograf\u00eda Documento Orientador FEN 2023&#8243; _builder_version=\u00bb4.21.0&#8243; _module_preset=\u00bbdefault\u00bb theme_builder_area=\u00bbpost_content\u00bb url_new_window=\u00bbon\u00bb button_url=\u00bbhttps:\/\/www.sedarauca.edu.co\/wp-content\/uploads\/2023\/06\/5_Infografia-Documento-Orientador-FEN-2023.pdf\u00bb hover_enabled=\u00bb0&#8243; sticky_enabled=\u00bb0&#8243; button_alignment=\u00bbcenter\u00bb custom_button=\u00bbon\u00bb button_text_color=\u00bb#FFFFFF\u00bb button_bg_color=\u00bb#0C71C3&#8243; button_bg_enable_color=\u00bbon\u00bb button_border_radius=\u00bb30px\u00bb button_icon=\u00bb&#xf1c1;||fa||900&#8243;][\/et_pb_button][\/et_pb_column][\/et_pb_row][\/et_pb_section]\n","protected":false},"excerpt":{"rendered":"<p>Con el Foro Educativo Nacional 2023 vamos hacia una Educaci\u00f3n de calidad que potencia eI reconocimiento de la diversidad.Como Ministerio de Educaci\u00f3n Nacional nos complace invitarlos a participar en el Foro Educativo Nacional del a\u00f1o 2023 para, citando la Ley 115, \u201creflexionar sobre el estado de la educaci\u00f3n y hacer recomendaciones a las autoridades educativas [&hellip;]<\/p>\n","protected":false},"author":1,"featured_media":6521,"comment_status":"closed","ping_status":"closed","sticky":true,"template":"","format":"standard","meta":{"_et_pb_use_builder":"on","_et_pb_old_content":"","_et_gb_content_width":"","footnotes":""},"categories":[6],"tags":[],"class_list":["post-6520","post","type-post","status-publish","format-standard","has-post-thumbnail","hentry","category-noticias"],"_links":{"self":[{"href":"https:\/\/www.sedarauca.edu.co\/index.php\/wp-json\/wp\/v2\/posts\/6520","targetHints":{"allow":["GET"]}}],"collection":[{"href":"https:\/\/www.sedarauca.edu.co\/index.php\/wp-json\/wp\/v2\/posts"}],"about":[{"href":"https:\/\/www.sedarauca.edu.co\/index.php\/wp-json\/wp\/v2\/types\/post"}],"author":[{"embeddable":true,"href":"https:\/\/www.sedarauca.edu.co\/index.php\/wp-json\/wp\/v2\/users\/1"}],"replies":[{"embeddable":true,"href":"https:\/\/www.sedarauca.edu.co\/index.php\/wp-json\/wp\/v2\/comments?post=6520"}],"version-history":[{"count":11,"href":"https:\/\/www.sedarauca.edu.co\/index.php\/wp-json\/wp\/v2\/posts\/6520\/revisions"}],"predecessor-version":[{"id":6875,"href":"https:\/\/www.sedarauca.edu.co\/index.php\/wp-json\/wp\/v2\/posts\/6520\/revisions\/6875"}],"wp:featuredmedia":[{"embeddable":true,"href":"https:\/\/www.sedarauca.edu.co\/index.php\/wp-json\/wp\/v2\/media\/6521"}],"wp:attachment":[{"href":"https:\/\/www.sedarauca.edu.co\/index.php\/wp-json\/wp\/v2\/media?parent=6520"}],"wp:term":[{"taxonomy":"category","embeddable":true,"href":"https:\/\/www.sedarauca.edu.co\/index.php\/wp-json\/wp\/v2\/categories?post=6520"},{"taxonomy":"post_tag","embeddable":true,"href":"https:\/\/www.sedarauca.edu.co\/index.php\/wp-json\/wp\/v2\/tags?post=6520"}],"curies":[{"name":"wp","href":"https:\/\/api.w.org\/{rel}","templated":true}]}}