{"id":6462,"date":"2023-06-13T15:32:00","date_gmt":"2023-06-13T20:32:00","guid":{"rendered":"https:\/\/www.sedarauca.edu.co\/?p=6462"},"modified":"2023-06-14T15:44:45","modified_gmt":"2023-06-14T20:44:45","slug":"los-dialogos-por-la-educacion-superior-llegan-al-departamento-de-arauca","status":"publish","type":"post","link":"https:\/\/www.sedarauca.edu.co\/index.php\/2023\/06\/13\/los-dialogos-por-la-educacion-superior-llegan-al-departamento-de-arauca\/","title":{"rendered":"<strong>Los Di\u00e1logos por la Educaci\u00f3n Superior llegan al departamento de Arauca<\/strong>"},"content":{"rendered":"<p>[et_pb_section fb_built=\u00bb1&#8243; _builder_version=\u00bb4.21.0&#8243; _module_preset=\u00bbdefault\u00bb global_colors_info=\u00bb{}\u00bb][et_pb_row _builder_version=\u00bb4.21.0&#8243; _module_preset=\u00bbdefault\u00bb global_colors_info=\u00bb{}\u00bb][et_pb_column type=\u00bb4_4&#8243; _builder_version=\u00bb4.21.0&#8243; _module_preset=\u00bbdefault\u00bb global_colors_info=\u00bb{}\u00bb][et_pb_text _builder_version=\u00bb4.21.0&#8243; _module_preset=\u00bbdefault\u00bb custom_margin=\u00bb-60px||||false|false\u00bb global_colors_info=\u00bb{}\u00bb]<\/p>\n<p style=\"text-align: center;\"><i>Las regiones participan en la construcci\u00f3n de la Reforma a la Ley 30 de 1992.<\/i><\/p>\n<p>[\/et_pb_text][\/et_pb_column][\/et_pb_row][et_pb_row _builder_version=\u00bb4.21.0&#8243; _module_preset=\u00bbdefault\u00bb global_colors_info=\u00bb{}\u00bb][et_pb_column type=\u00bb4_4&#8243; _builder_version=\u00bb4.21.0&#8243; _module_preset=\u00bbdefault\u00bb global_colors_info=\u00bb{}\u00bb][et_pb_text _builder_version=\u00bb4.21.0&#8243; _module_preset=\u00bbdefault\u00bb custom_margin=\u00bb-50px||||false|false\u00bb hover_enabled=\u00bb0&#8243; global_colors_info=\u00bb{}\u00bb sticky_enabled=\u00bb0&#8243;]<\/p>\n<p class=\"x_ContentPasted3\" style=\"text-align: justify;\"><strong class=\"x_ContentPasted3\">Bogot\u00e1 D.C., 13 de junio de 2023.<\/strong><span class=\"x_ContentPasted3\">\u00a0<\/span>La sede Orinoqu\u00eda de la Universidad Nacional de Colombia en el departamento de Arauca ser\u00e1 el escenario para el quinto encuentro de los &#8216;Di\u00e1logos por la Educaci\u00f3n Superior&#8217; organizados por el Ministerio de Educaci\u00f3n a nivel nacional. La cita es el 15 de junio, a partir de las 8:30 a.m.<\/p>\n<p class=\"x_ContentPasted3\" style=\"text-align: justify;\">\u00abEste ejercicio de di\u00e1logos regionales se ampliar\u00e1 a trav\u00e9s de asambleas estudiantiles que se llevar\u00e1n a cabo en todo el territorio nacional durante los meses de junio y julio con el prop\u00f3sito contar con la mayor participaci\u00f3n de la comunidad educativa, deliberar y generar consensos en torno a lo que debe incluirse en la Reforma integral a la Ley 30 de 1992 que se presentar\u00e1 al Congreso de la Rep\u00fablica en la legislatura que comienza el pr\u00f3ximo 20 de julio\u00bb, afirm\u00f3 la ministra de Educaci\u00f3n, Aurora Vergara Figueroa.<\/p>\n<p class=\"x_ContentPasted3\" style=\"text-align: justify;\">En estos ejercicios de di\u00e1logo y construcci\u00f3n colectiva que se han realizado en la regi\u00f3n Andina, en el Pac\u00edfico y el Caribe colombiano, se abordan ejes tem\u00e1ticos como gobierno universitario, bienestar, permanencia, enfoques diferenciales, inclusi\u00f3n, interculturalidad, regionalizaci\u00f3n, cobertura, calidad, pertinencia, dignificaci\u00f3n docente, investigaci\u00f3n y financiamiento del Sistema de Educaci\u00f3n Superior p\u00fablica, entre otros.<\/p>\n<p class=\"x_ContentPasted3\" style=\"text-align: justify;\">\u00abEsta Reforma a la Ley 30 de 1992 permitir\u00e1 responder a las solicitudes del movimiento estudiantil en las \u00faltimas d\u00e9cadas para que se garantice la educaci\u00f3n como un derecho para todos los colombianos. Hacemos un llamado a construir consensos en torno a este proyecto de naci\u00f3n que ofrecer\u00e1 a los j\u00f3venes y a las futuras generaciones la oportunidad de acceder a una educaci\u00f3n de calidad. Es a trav\u00e9s de la educaci\u00f3n como vamos a lograr cerrar las brechas sociales y a superar las desigualdades\u00bb, agreg\u00f3 la ministra Aurora Vergara.<\/p>\n<p class=\"x_ContentPasted3\" style=\"text-align: justify;\">La Reforma a la Ley 30 de 1992 permitir\u00e1 incrementar el financiamiento de las instituciones de educaci\u00f3n superior, aumentar la cobertura y la pol\u00edtica de gratuidad, la dignificaci\u00f3n de la labor docente, fortalecer la infraestructura educativa y llevar oferta de educaci\u00f3n superior pertinente a los territorios que m\u00e1s lo requieren para promover la justicia social en todo el territorio nacional.<\/p>\n<p class=\"x_ContentPasted3\" style=\"text-align: justify;\">El Ministerio de Educaci\u00f3n, el Consejo Nacional de Educaci\u00f3n Superior &#8211; CESU, el Sistema Universitario Estatal &#8211; SUE, la Red de Instituciones T\u00e9cnicas, Tecnol\u00f3gicas y Universitarias p\u00fablicas &#8211; REDTTU, la Consejer\u00eda Presidencial para la Juventud, los movimientos estudiantiles, profesorales, directivos y servidores del sector educativo, continuar\u00e1n promoviendo con la ciudadan\u00eda, las organizaciones y actores de la educaci\u00f3n superior, este ejercicio de construcci\u00f3n colectiva de la Reforma a la Ley 30 de 1992.<\/p>\n<p class=\"x_ContentPasted4\" style=\"text-align: justify;\">Se invita a la comunidad educativa, docentes, estudiantes, rectores, sindicatos, organizaciones del Sistema de Educaci\u00f3n Superior, representantes del Congreso de la Rep\u00fablica y entidades territoriales a participar en la jornada del pr\u00f3ximo 15 de junio. Las personas interesadas en asistir, de manera presencial o virtual, podr\u00e1n hacer un pre-registro en el siguiente enlace:<br \/><span class=\"x_ContentPasted4\"> <\/span><a href=\"https:\/\/forms.office.com\/Pages\/ResponsePage.aspx?id=P_v8MQuKtUq3knTJBiucjgLWzAxkVHJJrMR6ch1qZ8pUQjIySzFKVVRZVUw0UDNCUzMyUk5CNUdRRC4u\" target=\"_blank\" rel=\"noopener noreferrer\" data-auth=\"NotApplicable\" class=\"x_ContentPasted4\" data-linkindex=\"0\">https:\/\/forms.office.com\/Pages\/ResponsePage.aspx?id=P_v8MQuKtUq3knTJBiucjgLWzAxkVHJJrMR6ch1qZ8pUQjIySzFKVVRZVUw0UDNCUzMyUk5CNUdRRC4u.<\/a><\/p>\n<div class=\"x_ContentPasted4\" style=\"text-align: justify;\">\n<p><strong><\/strong><\/p>\n<p><strong>La gesti\u00f3n por la educaci\u00f3n superior avanza<\/strong><\/p>\n<p>Para 2023, el Gobierno Nacional fortaleci\u00f3 la financiaci\u00f3n de las Instituciones de Educaci\u00f3n Superior (IES) p\u00fablicas. Se increment\u00f3 la base presupuestal de estas instituciones con cinco (5,0) puntos porcentuales adicionales al IPC por m\u00e1s de $216.000 millones, y se destinaron $300.000 millones para proyectos de fomento a la calidad.<\/p>\n<p>De igual manera, fueron asignados $1,5 billones para la financiaci\u00f3n de la pol\u00edtica de gratuidad, y en el marco de la adici\u00f3n presupuestal se dispondr\u00e1n recursos adicionales para el fortalecimiento de la infraestructura del sector y la creaci\u00f3n de nuevas sedes.<\/p>\n<p><a href=\"https:\/\/www.mineducacion.gov.co\/1780\/articles-415679_audiop_mp3.mp3\" target=\"_blank\" rel=\"noopener noreferrer\" data-auth=\"NotApplicable\" class=\"\" data-loopstyle=\"linkonly\" data-linkindex=\"1\">Audio ministra de Educaci\u00f3n, Aurora Vergara Figueroa, sobre los Di\u00e1logos Permanentes por la Educaci\u00f3n Superior en Arauca.<\/a><\/p>\n<p><em>Fuente: Ministerio de Educaci\u00f3n Nacional<\/em><\/p>\n<\/div>\n<p>[\/et_pb_text][\/et_pb_column][\/et_pb_row][\/et_pb_section]<\/p>\n","protected":false},"excerpt":{"rendered":"<p>Las regiones participan en la construcci\u00f3n de la Reforma a la Ley 30 de 1992.Bogot\u00e1 D.C., 13 de junio de 2023.\u00a0La sede Orinoqu\u00eda de la Universidad Nacional de Colombia en el departamento de Arauca ser\u00e1 el escenario para el quinto encuentro de los &#8216;Di\u00e1logos por la Educaci\u00f3n Superior&#8217; organizados por el Ministerio de Educaci\u00f3n a [&hellip;]<\/p>\n","protected":false},"author":1,"featured_media":6464,"comment_status":"closed","ping_status":"closed","sticky":false,"template":"","format":"standard","meta":{"_et_pb_use_builder":"on","_et_pb_old_content":"","_et_gb_content_width":"","footnotes":""},"categories":[6],"tags":[],"class_list":["post-6462","post","type-post","status-publish","format-standard","has-post-thumbnail","hentry","category-noticias"],"_links":{"self":[{"href":"https:\/\/www.sedarauca.edu.co\/index.php\/wp-json\/wp\/v2\/posts\/6462","targetHints":{"allow":["GET"]}}],"collection":[{"href":"https:\/\/www.sedarauca.edu.co\/index.php\/wp-json\/wp\/v2\/posts"}],"about":[{"href":"https:\/\/www.sedarauca.edu.co\/index.php\/wp-json\/wp\/v2\/types\/post"}],"author":[{"embeddable":true,"href":"https:\/\/www.sedarauca.edu.co\/index.php\/wp-json\/wp\/v2\/users\/1"}],"replies":[{"embeddable":true,"href":"https:\/\/www.sedarauca.edu.co\/index.php\/wp-json\/wp\/v2\/comments?post=6462"}],"version-history":[{"count":4,"href":"https:\/\/www.sedarauca.edu.co\/index.php\/wp-json\/wp\/v2\/posts\/6462\/revisions"}],"predecessor-version":[{"id":6468,"href":"https:\/\/www.sedarauca.edu.co\/index.php\/wp-json\/wp\/v2\/posts\/6462\/revisions\/6468"}],"wp:featuredmedia":[{"embeddable":true,"href":"https:\/\/www.sedarauca.edu.co\/index.php\/wp-json\/wp\/v2\/media\/6464"}],"wp:attachment":[{"href":"https:\/\/www.sedarauca.edu.co\/index.php\/wp-json\/wp\/v2\/media?parent=6462"}],"wp:term":[{"taxonomy":"category","embeddable":true,"href":"https:\/\/www.sedarauca.edu.co\/index.php\/wp-json\/wp\/v2\/categories?post=6462"},{"taxonomy":"post_tag","embeddable":true,"href":"https:\/\/www.sedarauca.edu.co\/index.php\/wp-json\/wp\/v2\/tags?post=6462"}],"curies":[{"name":"wp","href":"https:\/\/api.w.org\/{rel}","templated":true}]}}