{"id":6452,"date":"2023-06-07T08:58:00","date_gmt":"2023-06-07T13:58:00","guid":{"rendered":"https:\/\/www.sedarauca.edu.co\/?p=6452"},"modified":"2023-06-13T11:13:09","modified_gmt":"2023-06-13T16:13:09","slug":"resolucion-1277-de-2023-por-la-cual-se-cancela-el-registro-del-programa-tecnico-laboral-en-asistente-en-talento-humano-del-instituto-araucano-de-formacion-tecnica-laboral-inarfotec-s-a-s-sede-sara","status":"publish","type":"post","link":"https:\/\/www.sedarauca.edu.co\/index.php\/2023\/06\/07\/resolucion-1277-de-2023-por-la-cual-se-cancela-el-registro-del-programa-tecnico-laboral-en-asistente-en-talento-humano-del-instituto-araucano-de-formacion-tecnica-laboral-inarfotec-s-a-s-sede-sara\/","title":{"rendered":"<strong>Resoluci\u00f3n 1277 de 2023 por la cual se cancela el Registro del Programa T\u00e9cnico Laboral en Asistente en Talento Humano del Instituto Araucano de Formaci\u00f3n T\u00e9cnica Laboral \u00abINARFOTEC&#8217; S.A.S sede Saravena del departamento de Arauca<\/strong>"},"content":{"rendered":"\n[et_pb_section fb_built=\u00bb1&#8243; theme_builder_area=\u00bbpost_content\u00bb _builder_version=\u00bb4.21.0&#8243; _module_preset=\u00bbdefault\u00bb][et_pb_row _builder_version=\u00bb4.21.0&#8243; _module_preset=\u00bbdefault\u00bb theme_builder_area=\u00bbpost_content\u00bb][et_pb_column _builder_version=\u00bb4.21.0&#8243; _module_preset=\u00bbdefault\u00bb type=\u00bb4_4&#8243; theme_builder_area=\u00bbpost_content\u00bb][et_pb_code _builder_version=\u00bb4.21.0&#8243; _module_preset=\u00bbdefault\u00bb theme_builder_area=\u00bbpost_content\u00bb hover_enabled=\u00bb0&#8243; sticky_enabled=\u00bb0&#8243;]<a href=\"https:\/\/www.sedarauca.edu.co\/wp-content\/uploads\/2023\/06\/RESOLUCION-N\u00b0-1277-DE-2023-TECNICO-LABORAL-EN-ASISTENTE-EN-TALENTO-HUMANO.pdf\" class=\"pdfemb-viewer\" style=\"\" data-width=\"max\" data-height=\"max\" data-toolbar=\"bottom\" data-toolbar-fixed=\"on\">RESOLUCION-N\u00b0-1277-DE-2023-TECNICO-LABORAL-EN-ASISTENTE-EN-TALENTO-HUMANO<\/a>[\/et_pb_code][\/et_pb_column][\/et_pb_row][et_pb_row _builder_version=\u00bb4.21.0&#8243; _module_preset=\u00bbdefault\u00bb theme_builder_area=\u00bbpost_content\u00bb][et_pb_column _builder_version=\u00bb4.21.0&#8243; _module_preset=\u00bbdefault\u00bb type=\u00bb4_4&#8243; theme_builder_area=\u00bbpost_content\u00bb][et_pb_button button_text=\u00bbDescargar Resoluci\u00f3n 1277 de 2023&#8243; _builder_version=\u00bb4.21.0&#8243; _module_preset=\u00bbdefault\u00bb theme_builder_area=\u00bbpost_content\u00bb button_url=\u00bbhttps:\/\/www.sedarauca.edu.co\/wp-content\/uploads\/2023\/06\/RESOLUCION-N\u00b0-1277-DE-2023-TECNICO-LABORAL-EN-ASISTENTE-EN-TALENTO-HUMANO.pdf\u00bb url_new_window=\u00bbon\u00bb button_alignment=\u00bbcenter\u00bb custom_button=\u00bbon\u00bb button_text_color=\u00bb#FFFFFF\u00bb button_bg_color=\u00bb#0C71C3&#8243; button_bg_enable_color=\u00bbon\u00bb button_border_radius=\u00bb30px\u00bb button_icon=\u00bb&#xf1c1;||fa||900&#8243; hover_enabled=\u00bb0&#8243; sticky_enabled=\u00bb0&#8243;][\/et_pb_button][\/et_pb_column][\/et_pb_row][\/et_pb_section]\n","protected":false},"excerpt":{"rendered":"<a href=\"https:\/\/www.sedarauca.edu.co\/wp-content\/uploads\/2023\/06\/RESOLUCION-N\u00b0-1277-DE-2023-TECNICO-LABORAL-EN-ASISTENTE-EN-TALENTO-HUMANO.pdf\" class=\"pdfemb-viewer\" style=\"\" data-width=\"max\" data-height=\"max\" data-toolbar=\"bottom\" data-toolbar-fixed=\"on\">RESOLUCION-N\u00b0-1277-DE-2023-TECNICO-LABORAL-EN-ASISTENTE-EN-TALENTO-HUMANO<\/a>\n","protected":false},"author":1,"featured_media":6434,"comment_status":"closed","ping_status":"closed","sticky":false,"template":"","format":"standard","meta":{"_et_pb_use_builder":"on","_et_pb_old_content":"","_et_gb_content_width":"","footnotes":""},"categories":[25,24],"tags":[],"class_list":["post-6452","post","type-post","status-publish","format-standard","has-post-thumbnail","hentry","category-publicacion","category-resolucion"],"_links":{"self":[{"href":"https:\/\/www.sedarauca.edu.co\/index.php\/wp-json\/wp\/v2\/posts\/6452","targetHints":{"allow":["GET"]}}],"collection":[{"href":"https:\/\/www.sedarauca.edu.co\/index.php\/wp-json\/wp\/v2\/posts"}],"about":[{"href":"https:\/\/www.sedarauca.edu.co\/index.php\/wp-json\/wp\/v2\/types\/post"}],"author":[{"embeddable":true,"href":"https:\/\/www.sedarauca.edu.co\/index.php\/wp-json\/wp\/v2\/users\/1"}],"replies":[{"embeddable":true,"href":"https:\/\/www.sedarauca.edu.co\/index.php\/wp-json\/wp\/v2\/comments?post=6452"}],"version-history":[{"count":3,"href":"https:\/\/www.sedarauca.edu.co\/index.php\/wp-json\/wp\/v2\/posts\/6452\/revisions"}],"predecessor-version":[{"id":6455,"href":"https:\/\/www.sedarauca.edu.co\/index.php\/wp-json\/wp\/v2\/posts\/6452\/revisions\/6455"}],"wp:featuredmedia":[{"embeddable":true,"href":"https:\/\/www.sedarauca.edu.co\/index.php\/wp-json\/wp\/v2\/media\/6434"}],"wp:attachment":[{"href":"https:\/\/www.sedarauca.edu.co\/index.php\/wp-json\/wp\/v2\/media?parent=6452"}],"wp:term":[{"taxonomy":"category","embeddable":true,"href":"https:\/\/www.sedarauca.edu.co\/index.php\/wp-json\/wp\/v2\/categories?post=6452"},{"taxonomy":"post_tag","embeddable":true,"href":"https:\/\/www.sedarauca.edu.co\/index.php\/wp-json\/wp\/v2\/tags?post=6452"}],"curies":[{"name":"wp","href":"https:\/\/api.w.org\/{rel}","templated":true}]}}