{"id":6448,"date":"2023-06-07T08:56:00","date_gmt":"2023-06-07T13:56:00","guid":{"rendered":"https:\/\/www.sedarauca.edu.co\/?p=6448"},"modified":"2023-06-13T11:05:50","modified_gmt":"2023-06-13T16:05:50","slug":"resolucion-1276-de-2023-por-la-cual-se-cancela-el-registro-del-programa-tecnico-laboral-en-mecanica-automotriz-del-instituto-araucano-de-formacion-tecnica-laboral-inarfotec-s-a-s-sede-saravena-del","status":"publish","type":"post","link":"https:\/\/www.sedarauca.edu.co\/index.php\/2023\/06\/07\/resolucion-1276-de-2023-por-la-cual-se-cancela-el-registro-del-programa-tecnico-laboral-en-mecanica-automotriz-del-instituto-araucano-de-formacion-tecnica-laboral-inarfotec-s-a-s-sede-saravena-del\/","title":{"rendered":"<strong>Resoluci\u00f3n 1276 de 2023 por la cual se cancela el Registro del Programa T\u00e9cnico Laboral En Mec\u00e1nica Automotriz del Instituto Araucano de Formaci\u00f3n T\u00e9cnica Laboral \u00abINARFOTEC\u00bb S.A.S sede Saravena del departamento de Arauca<\/strong>"},"content":{"rendered":"<p>[et_pb_section fb_built=\u00bb1&#8243; theme_builder_area=\u00bbpost_content\u00bb _builder_version=\u00bb4.21.0&#8243; _module_preset=\u00bbdefault\u00bb][et_pb_row _builder_version=\u00bb4.21.0&#8243; _module_preset=\u00bbdefault\u00bb theme_builder_area=\u00bbpost_content\u00bb][et_pb_column _builder_version=\u00bb4.21.0&#8243; _module_preset=\u00bbdefault\u00bb type=\u00bb4_4&#8243; theme_builder_area=\u00bbpost_content\u00bb][et_pb_code _builder_version=\u00bb4.21.0&#8243; _module_preset=\u00bbdefault\u00bb theme_builder_area=\u00bbpost_content\u00bb hover_enabled=\u00bb0&#8243; sticky_enabled=\u00bb0&#8243; link_option_url_new_window=\u00bbon\u00bb link_option_url=\u00bbhttps:\/\/www.sedarauca.edu.co\/wp-content\/uploads\/2023\/06\/RESOLUCION-N\u00b0-1276-DE-2023-TECNICO-LABORAL-EN-MECANICA-AUTOMOTRIZ.pdf\u00bb]<a href=\"https:\/\/www.sedarauca.edu.co\/wp-content\/uploads\/2023\/06\/RESOLUCION-N\u00b0-1276-DE-2023-TECNICO-LABORAL-EN-MECANICA-AUTOMOTRIZ.pdf\" class=\"pdfemb-viewer\" style=\"\" data-width=\"max\" data-height=\"max\" data-toolbar=\"bottom\" data-toolbar-fixed=\"on\">RESOLUCION-N\u00b0-1276-DE-2023-TECNICO-LABORAL-EN-MECANICA-AUTOMOTRIZ<\/a>[\/et_pb_code][\/et_pb_column][\/et_pb_row][et_pb_row _builder_version=\u00bb4.21.0&#8243; _module_preset=\u00bbdefault\u00bb theme_builder_area=\u00bbpost_content\u00bb][et_pb_column _builder_version=\u00bb4.21.0&#8243; _module_preset=\u00bbdefault\u00bb type=\u00bb4_4&#8243; theme_builder_area=\u00bbpost_content\u00bb][et_pb_button button_text=\u00bbDescargar Resoluci\u00f3n 1276 de 2023&#8243; _builder_version=\u00bb4.21.0&#8243; _module_preset=\u00bbdefault\u00bb theme_builder_area=\u00bbpost_content\u00bb url_new_window=\u00bbon\u00bb button_url=\u00bbhttps:\/\/www.sedarauca.edu.co\/wp-content\/uploads\/2023\/06\/RESOLUCION-N\u00b0-1276-DE-2023-TECNICO-LABORAL-EN-MECANICA-AUTOMOTRIZ.pdf\u00bb button_alignment=\u00bbcenter\u00bb custom_button=\u00bbon\u00bb button_text_color=\u00bb#FFFFFF\u00bb button_bg_color=\u00bb#0C71C3&#8243; button_bg_enable_color=\u00bbon\u00bb button_border_radius=\u00bb30px\u00bb button_icon=\u00bb&#xf1c1;||fa||900&#8243; hover_enabled=\u00bb0&#8243; sticky_enabled=\u00bb0&#8243;][\/et_pb_button][\/et_pb_column][\/et_pb_row][\/et_pb_section]<\/p>\n","protected":false},"excerpt":{"rendered":"<a href=\"https:\/\/www.sedarauca.edu.co\/wp-content\/uploads\/2023\/06\/RESOLUCION-N\u00b0-1276-DE-2023-TECNICO-LABORAL-EN-MECANICA-AUTOMOTRIZ.pdf\" class=\"pdfemb-viewer\" style=\"\" data-width=\"max\" data-height=\"max\" data-toolbar=\"bottom\" data-toolbar-fixed=\"on\">RESOLUCION-N\u00b0-1276-DE-2023-TECNICO-LABORAL-EN-MECANICA-AUTOMOTRIZ<\/a>\n","protected":false},"author":1,"featured_media":6435,"comment_status":"closed","ping_status":"closed","sticky":false,"template":"","format":"standard","meta":{"_et_pb_use_builder":"on","_et_pb_old_content":"","_et_gb_content_width":"","footnotes":""},"categories":[25,24],"tags":[],"class_list":["post-6448","post","type-post","status-publish","format-standard","has-post-thumbnail","hentry","category-publicacion","category-resolucion"],"_links":{"self":[{"href":"https:\/\/www.sedarauca.edu.co\/index.php\/wp-json\/wp\/v2\/posts\/6448","targetHints":{"allow":["GET"]}}],"collection":[{"href":"https:\/\/www.sedarauca.edu.co\/index.php\/wp-json\/wp\/v2\/posts"}],"about":[{"href":"https:\/\/www.sedarauca.edu.co\/index.php\/wp-json\/wp\/v2\/types\/post"}],"author":[{"embeddable":true,"href":"https:\/\/www.sedarauca.edu.co\/index.php\/wp-json\/wp\/v2\/users\/1"}],"replies":[{"embeddable":true,"href":"https:\/\/www.sedarauca.edu.co\/index.php\/wp-json\/wp\/v2\/comments?post=6448"}],"version-history":[{"count":2,"href":"https:\/\/www.sedarauca.edu.co\/index.php\/wp-json\/wp\/v2\/posts\/6448\/revisions"}],"predecessor-version":[{"id":6450,"href":"https:\/\/www.sedarauca.edu.co\/index.php\/wp-json\/wp\/v2\/posts\/6448\/revisions\/6450"}],"wp:featuredmedia":[{"embeddable":true,"href":"https:\/\/www.sedarauca.edu.co\/index.php\/wp-json\/wp\/v2\/media\/6435"}],"wp:attachment":[{"href":"https:\/\/www.sedarauca.edu.co\/index.php\/wp-json\/wp\/v2\/media?parent=6448"}],"wp:term":[{"taxonomy":"category","embeddable":true,"href":"https:\/\/www.sedarauca.edu.co\/index.php\/wp-json\/wp\/v2\/categories?post=6448"},{"taxonomy":"post_tag","embeddable":true,"href":"https:\/\/www.sedarauca.edu.co\/index.php\/wp-json\/wp\/v2\/tags?post=6448"}],"curies":[{"name":"wp","href":"https:\/\/api.w.org\/{rel}","templated":true}]}}