{"id":6398,"date":"2023-06-09T09:50:00","date_gmt":"2023-06-09T14:50:00","guid":{"rendered":"https:\/\/www.sedarauca.edu.co\/?p=6398"},"modified":"2023-06-09T16:17:15","modified_gmt":"2023-06-09T21:17:15","slug":"convocatoria-interna-para-proveer-un-encargo-en-el-area-de-calidad-educativa-de-la-sed","status":"publish","type":"post","link":"https:\/\/www.sedarauca.edu.co\/index.php\/2023\/06\/09\/convocatoria-interna-para-proveer-un-encargo-en-el-area-de-calidad-educativa-de-la-sed\/","title":{"rendered":"<strong>Convocatoria interna para proveer un encargo en el \u00e1rea de Calidad Educativa de la SED<\/strong>"},"content":{"rendered":"<p>[et_pb_section fb_built=\u00bb1&#8243; theme_builder_area=\u00bbpost_content\u00bb _builder_version=\u00bb4.21.0&#8243; _module_preset=\u00bbdefault\u00bb][et_pb_row _builder_version=\u00bb4.21.0&#8243; _module_preset=\u00bbdefault\u00bb theme_builder_area=\u00bbpost_content\u00bb custom_margin=\u00bb-60px||||false|false\u00bb hover_enabled=\u00bb0&#8243; sticky_enabled=\u00bb0&#8243;][et_pb_column _builder_version=\u00bb4.21.0&#8243; _module_preset=\u00bbdefault\u00bb type=\u00bb4_4&#8243; theme_builder_area=\u00bbpost_content\u00bb][et_pb_text _builder_version=\u00bb4.21.0&#8243; _module_preset=\u00bbdefault\u00bb theme_builder_area=\u00bbpost_content\u00bb hover_enabled=\u00bb0&#8243; sticky_enabled=\u00bb0&#8243;]<\/p>\n<p class=\"x_MsoNormal\" style=\"text-align: justify;\"><b><span class=\"x_ContentPasted1\">Arauca, 09 de junio de 2023.\u00a0<\/span><\/b><span class=\"x_ContentPasted1\">A trav\u00e9s de la convocatoria laboral interna No. 014 de 2023 la Secretar\u00eda de Educaci\u00f3n Departamental est\u00e1 ofertando a los servidores p\u00fablicos (administrativos) de los establecimientos educativos del departamento de Arauca adscritos a la Secretar\u00eda de Educaci\u00f3n Departamental y de la Gobernaci\u00f3n de Arauca, el e<\/span><span class=\"x_ContentPasted1\">ncargo vacante de Profesional Universitario C\u00f3digo 219, Grado 03, de la planta de cargos de la Secretar\u00eda de Educaci\u00f3n Departamental de Arauca, Nivel Central, Financiada con Recursos del Sistema General de Participaciones \u2014 Educaci\u00f3n. \u00a0<\/span><\/p>\n<p class=\"x_MsoNormal\" style=\"text-align: justify;\"><span>El prop\u00f3sito principal del cargo es garantizar que los establecimientos educativos oficiales apliquen las evaluaciones de periodo de prueba y desempe\u00f1o anual a los docentes y directivos docentes que se rigen por el Decreto Ley 1278 de 2002, de acuerdo con la normatividad vigente y las orientaciones emitidas por el Ministerio de Educaci\u00f3n Nacional, y promover el uso de herramientas tecnol\u00f3gicas y medios educativos con el fin de alcanzar los est\u00e1ndares de calidad reflejados en el fortalecimiento de las competencias de los estudiantes.<\/span>\u00a0<\/p>\n<p class=\"x_MsoNormal\" style=\"text-align: justify;\"><span class=\"x_ContentPasted1\">Consulte los detalles y requisitos de la convocatoria en www.sedarauca.edu.co<\/span><span>\u00a0<\/span><\/p>\n<p>[\/et_pb_text][\/et_pb_column][\/et_pb_row][et_pb_row _builder_version=\u00bb4.21.0&#8243; _module_preset=\u00bbdefault\u00bb theme_builder_area=\u00bbpost_content\u00bb][et_pb_column _builder_version=\u00bb4.21.0&#8243; _module_preset=\u00bbdefault\u00bb type=\u00bb4_4&#8243; theme_builder_area=\u00bbpost_content\u00bb][et_pb_code _builder_version=\u00bb4.21.0&#8243; _module_preset=\u00bbdefault\u00bb theme_builder_area=\u00bbpost_content\u00bb hover_enabled=\u00bb0&#8243; sticky_enabled=\u00bb0&#8243;]<a href=\"https:\/\/www.sedarauca.edu.co\/wp-content\/uploads\/2023\/06\/CONVOCATORIA-No.14-DE-2023.pdf\" class=\"pdfemb-viewer\" style=\"\" data-width=\"max\" data-height=\"max\" data-toolbar=\"bottom\" data-toolbar-fixed=\"on\">CONVOCATORIA-No.14-DE-2023<\/a>[\/et_pb_code][\/et_pb_column][\/et_pb_row][et_pb_row _builder_version=\u00bb4.21.0&#8243; _module_preset=\u00bbdefault\u00bb theme_builder_area=\u00bbpost_content\u00bb][et_pb_column _builder_version=\u00bb4.21.0&#8243; _module_preset=\u00bbdefault\u00bb type=\u00bb4_4&#8243; theme_builder_area=\u00bbpost_content\u00bb][et_pb_button button_text=\u00bbDescargar Convocatoria Interna Nro. 014 de 2023&#8243; _builder_version=\u00bb4.21.0&#8243; _module_preset=\u00bbdefault\u00bb theme_builder_area=\u00bbpost_content\u00bb button_url=\u00bbhttps:\/\/www.sedarauca.edu.co\/wp-content\/uploads\/2023\/06\/CONVOCATORIA-No.14-DE-2023.pdf\u00bb url_new_window=\u00bbon\u00bb button_alignment=\u00bbcenter\u00bb custom_button=\u00bbon\u00bb button_text_color=\u00bb#FFFFFF\u00bb button_bg_color=\u00bb#0C71C3&#8243; button_bg_enable_color=\u00bbon\u00bb button_border_radius=\u00bb30px\u00bb button_icon=\u00bb&#xf1c1;||fa||900&#8243; hover_enabled=\u00bb0&#8243; sticky_enabled=\u00bb0&#8243;][\/et_pb_button][\/et_pb_column][\/et_pb_row][\/et_pb_section]<\/p>\n","protected":false},"excerpt":{"rendered":"<p>Arauca, 09 de junio de 2023.\u00a0A trav\u00e9s de la convocatoria laboral interna No. 014 de 2023 la Secretar\u00eda de Educaci\u00f3n Departamental est\u00e1 ofertando a los servidores p\u00fablicos (administrativos) de los establecimientos educativos del departamento de Arauca adscritos a la Secretar\u00eda de Educaci\u00f3n Departamental y de la Gobernaci\u00f3n de Arauca, el encargo vacante de Profesional Universitario [&hellip;]<\/p>\n","protected":false},"author":1,"featured_media":6399,"comment_status":"closed","ping_status":"closed","sticky":false,"template":"","format":"standard","meta":{"_et_pb_use_builder":"on","_et_pb_old_content":"","_et_gb_content_width":"","footnotes":""},"categories":[7,25],"tags":[],"class_list":["post-6398","post","type-post","status-publish","format-standard","has-post-thumbnail","hentry","category-convocatoria","category-publicacion"],"_links":{"self":[{"href":"https:\/\/www.sedarauca.edu.co\/index.php\/wp-json\/wp\/v2\/posts\/6398","targetHints":{"allow":["GET"]}}],"collection":[{"href":"https:\/\/www.sedarauca.edu.co\/index.php\/wp-json\/wp\/v2\/posts"}],"about":[{"href":"https:\/\/www.sedarauca.edu.co\/index.php\/wp-json\/wp\/v2\/types\/post"}],"author":[{"embeddable":true,"href":"https:\/\/www.sedarauca.edu.co\/index.php\/wp-json\/wp\/v2\/users\/1"}],"replies":[{"embeddable":true,"href":"https:\/\/www.sedarauca.edu.co\/index.php\/wp-json\/wp\/v2\/comments?post=6398"}],"version-history":[{"count":4,"href":"https:\/\/www.sedarauca.edu.co\/index.php\/wp-json\/wp\/v2\/posts\/6398\/revisions"}],"predecessor-version":[{"id":6406,"href":"https:\/\/www.sedarauca.edu.co\/index.php\/wp-json\/wp\/v2\/posts\/6398\/revisions\/6406"}],"wp:featuredmedia":[{"embeddable":true,"href":"https:\/\/www.sedarauca.edu.co\/index.php\/wp-json\/wp\/v2\/media\/6399"}],"wp:attachment":[{"href":"https:\/\/www.sedarauca.edu.co\/index.php\/wp-json\/wp\/v2\/media?parent=6398"}],"wp:term":[{"taxonomy":"category","embeddable":true,"href":"https:\/\/www.sedarauca.edu.co\/index.php\/wp-json\/wp\/v2\/categories?post=6398"},{"taxonomy":"post_tag","embeddable":true,"href":"https:\/\/www.sedarauca.edu.co\/index.php\/wp-json\/wp\/v2\/tags?post=6398"}],"curies":[{"name":"wp","href":"https:\/\/api.w.org\/{rel}","templated":true}]}}