{"id":6376,"date":"2023-06-08T14:12:00","date_gmt":"2023-06-08T19:12:00","guid":{"rendered":"https:\/\/www.sedarauca.edu.co\/?p=6376"},"modified":"2023-06-09T11:21:41","modified_gmt":"2023-06-09T16:21:41","slug":"inicio-implementacion-de-la-prueba-piloto-del-buzon-contra-el-miedo-en-las-instituciones-educativas-oficiales-del-departamento-de-arauca","status":"publish","type":"post","link":"https:\/\/www.sedarauca.edu.co\/index.php\/2023\/06\/08\/inicio-implementacion-de-la-prueba-piloto-del-buzon-contra-el-miedo-en-las-instituciones-educativas-oficiales-del-departamento-de-arauca\/","title":{"rendered":"<strong>Inici\u00f3 implementaci\u00f3n de la prueba piloto del Buz\u00f3n contra el Miedo en las instituciones educativas oficiales del departamento de Arauca<\/strong>"},"content":{"rendered":"<p>[et_pb_section fb_built=\u00bb1&#8243; theme_builder_area=\u00bbpost_content\u00bb _builder_version=\u00bb4.21.0&#8243; _module_preset=\u00bbdefault\u00bb][et_pb_row _builder_version=\u00bb4.21.0&#8243; _module_preset=\u00bbdefault\u00bb theme_builder_area=\u00bbpost_content\u00bb][et_pb_column _builder_version=\u00bb4.21.0&#8243; _module_preset=\u00bbdefault\u00bb type=\u00bb4_4&#8243; theme_builder_area=\u00bbpost_content\u00bb][et_pb_text _builder_version=\u00bb4.21.0&#8243; _module_preset=\u00bbdefault\u00bb theme_builder_area=\u00bbpost_content\u00bb custom_margin=\u00bb-60px||||false|false\u00bb hover_enabled=\u00bb0&#8243; sticky_enabled=\u00bb0&#8243;]<\/p>\n<ul>\n<li style=\"text-align: center;\"><i><span class=\"x_ContentPasted1\">El \u2018Buz\u00f3n contra el miedo\u2019, es una iniciativa de la Consejer\u00eda Presidencial para la Reconciliaci\u00f3n para darle voz a la ni\u00f1ez v\u00edctima de violencia.\u00a0<\/span><\/i><\/li>\n<li style=\"text-align: center;\"><i><span class=\"x_ContentPasted1\">En Arauca se implementa en el marco del programa<span>\u00a0<\/span><\/span><\/i><span class=\"x_ContentPasted1\">\u2018<\/span><i><span class=\"x_ContentPasted1\">Por una Arauca libre de violencia contra ni\u00f1os, ni\u00f1as, adolescentes y j\u00f3venes<\/span><\/i><span class=\"x_ContentPasted1\">\u2019<\/span><i><span class=\"x_ContentPasted1\">, en concordancia con la Ordenanza 086 de 2022.\u00a0<\/span><\/i><\/li>\n<\/ul>\n<p>[\/et_pb_text][\/et_pb_column][\/et_pb_row][et_pb_row _builder_version=\u00bb4.21.0&#8243; _module_preset=\u00bbdefault\u00bb theme_builder_area=\u00bbpost_content\u00bb custom_margin=\u00bb-40px||||false|false\u00bb hover_enabled=\u00bb0&#8243; sticky_enabled=\u00bb0&#8243;][et_pb_column _builder_version=\u00bb4.21.0&#8243; _module_preset=\u00bbdefault\u00bb type=\u00bb4_4&#8243; theme_builder_area=\u00bbpost_content\u00bb][et_pb_text _builder_version=\u00bb4.21.0&#8243; _module_preset=\u00bbdefault\u00bb theme_builder_area=\u00bbpost_content\u00bb hover_enabled=\u00bb0&#8243; sticky_enabled=\u00bb0&#8243;]<\/p>\n<p class=\"x_MsoNormal\" style=\"text-align: justify;\"><b><span class=\"x_ContentPasted1\">Arauca, 07 de mayo de 2023.<\/span><\/b><span class=\"x_ContentPasted1\"><span>\u00a0<\/span><\/span><span class=\"x_ContentPasted1\">La Gobernaci\u00f3n de Arauca a trav\u00e9s de la Secretar\u00eda de Desarrollo Social, la oficina asesora de la Mujer y Equidad de G\u00e9nero, la Secretar\u00eda Educaci\u00f3n Departamental de Arauca y la Gestora Social Margarita Salamanca Corredor, se ha unido la estrategia para la prevenci\u00f3n de las violencias que afectan a los ni\u00f1os, ni\u00f1as y adolescentes, la cual es liderada por la Consejer\u00eda Presidencial para la Reconciliaci\u00f3n Nacional y la Direcci\u00f3n de Protecci\u00f3n y Servicios Especiales de la Polic\u00eda Nacional (Dipro).\u00a0<\/span><\/p>\n<p class=\"x_MsoNormal\" style=\"text-align: justify;\"><span class=\"x_ContentPasted1\">Esta estrategia denominada \u2018Buz\u00f3n contra el miedo\u2019 busca proporcionar los espacios necesarios para que los menores de edad tengan la posibilidad de expresar sus temores sin riesgo alguno, para ello se llevar\u00e1 a cabo un pilotaje en algunas instituciones educativas oficiales del departamento donde se ubicar\u00e1n buzones para que los estudiantes escriban qu\u00e9 o qui\u00e9n les causa temor. El prop\u00f3sito es conocer las problem\u00e1ticas que los afectan, para as\u00ed saber qu\u00e9 procedimientos llevar a cabo para atender la situaci\u00f3n.<\/span><\/p>\n<p>[\/et_pb_text][\/et_pb_column][\/et_pb_row][et_pb_row _builder_version=\u00bb4.21.0&#8243; _module_preset=\u00bbdefault\u00bb column_structure=\u00bb1_2,1_2&#8243; theme_builder_area=\u00bbpost_content\u00bb][et_pb_column _builder_version=\u00bb4.21.0&#8243; _module_preset=\u00bbdefault\u00bb type=\u00bb1_2&#8243; theme_builder_area=\u00bbpost_content\u00bb][et_pb_image src=\u00bbhttps:\/\/www.sedarauca.edu.co\/wp-content\/uploads\/2023\/06\/1-3.jpg\u00bb _builder_version=\u00bb4.21.0&#8243; _module_preset=\u00bbdefault\u00bb theme_builder_area=\u00bbpost_content\u00bb title_text=\u00bb1 (3)\u00bb hover_enabled=\u00bb0&#8243; sticky_enabled=\u00bb0&#8243;][\/et_pb_image][\/et_pb_column][et_pb_column _builder_version=\u00bb4.21.0&#8243; _module_preset=\u00bbdefault\u00bb type=\u00bb1_2&#8243; theme_builder_area=\u00bbpost_content\u00bb][et_pb_image src=\u00bbhttps:\/\/www.sedarauca.edu.co\/wp-content\/uploads\/2023\/06\/8.jpg\u00bb _builder_version=\u00bb4.21.0&#8243; _module_preset=\u00bbdefault\u00bb theme_builder_area=\u00bbpost_content\u00bb title_text=\u00bb8&#8243; hover_enabled=\u00bb0&#8243; sticky_enabled=\u00bb0&#8243;][\/et_pb_image][\/et_pb_column][\/et_pb_row][et_pb_row _builder_version=\u00bb4.21.0&#8243; _module_preset=\u00bbdefault\u00bb column_structure=\u00bb1_2,1_2&#8243; theme_builder_area=\u00bbpost_content\u00bb][et_pb_column _builder_version=\u00bb4.21.0&#8243; _module_preset=\u00bbdefault\u00bb type=\u00bb1_2&#8243; theme_builder_area=\u00bbpost_content\u00bb][et_pb_image src=\u00bbhttps:\/\/www.sedarauca.edu.co\/wp-content\/uploads\/2023\/06\/9.jpg\u00bb _builder_version=\u00bb4.21.0&#8243; _module_preset=\u00bbdefault\u00bb theme_builder_area=\u00bbpost_content\u00bb title_text=\u00bb9&#8243; hover_enabled=\u00bb0&#8243; sticky_enabled=\u00bb0&#8243;][\/et_pb_image][\/et_pb_column][et_pb_column _builder_version=\u00bb4.21.0&#8243; _module_preset=\u00bbdefault\u00bb type=\u00bb1_2&#8243; theme_builder_area=\u00bbpost_content\u00bb][et_pb_image src=\u00bbhttps:\/\/www.sedarauca.edu.co\/wp-content\/uploads\/2023\/06\/ult.jpg\u00bb _builder_version=\u00bb4.21.0&#8243; _module_preset=\u00bbdefault\u00bb theme_builder_area=\u00bbpost_content\u00bb title_text=\u00bbult\u00bb hover_enabled=\u00bb0&#8243; sticky_enabled=\u00bb0&#8243;][\/et_pb_image][\/et_pb_column][\/et_pb_row][et_pb_row _builder_version=\u00bb4.21.0&#8243; _module_preset=\u00bbdefault\u00bb theme_builder_area=\u00bbpost_content\u00bb][et_pb_column _builder_version=\u00bb4.21.0&#8243; _module_preset=\u00bbdefault\u00bb type=\u00bb4_4&#8243; theme_builder_area=\u00bbpost_content\u00bb][et_pb_text _builder_version=\u00bb4.21.0&#8243; _module_preset=\u00bbdefault\u00bb theme_builder_area=\u00bbpost_content\u00bb custom_margin=\u00bb-20px||||false|false\u00bb hover_enabled=\u00bb0&#8243; sticky_enabled=\u00bb0&#8243;]<\/p>\n<p class=\"x_MsoNormal\" style=\"text-align: justify;\"><span class=\"x_ContentPasted1\">Las jornadas de socializaci\u00f3n ya iniciaron.<span>\u00a0<\/span>\u00a0La Gestora Social Margarita Salamanca Corredor est\u00e1 liderando las visitas a las instituciones educativas en donde se da a conocer a los ni\u00f1os, ni\u00f1as y adolescentes del porqu\u00e9 y para qu\u00e9 existen los buzones y la importancia de contar con su participaci\u00f3n, as\u00ed como la del cuerpo docente, para poder actuar de manera oportuna ante posibles casos de violencia contra la ni\u00f1ez.\u00a0<\/span><\/p>\n<p class=\"x_MsoNormal\" style=\"text-align: justify;\"><span class=\"x_ContentPasted1\">Las instituciones educativas a donde ya llegaron los \u2018Buzones contra el miedo\u2019 son el Sim\u00f3n Bol\u00edvar sede principal, Francisco Jos\u00e9 de Caldas sede Juan Francisco Lara y la Escuela Normal Superior Mar\u00eda Inmaculada. Durante la pr\u00f3xima semana el equipo de gobierno \u201cConstruyendo Futuro\u201d llegar\u00e1 a otras instituciones educativas en los dem\u00e1s municipios.\u00a0<\/span><span class=\"x_ContentPasted1\"><\/span><\/p>\n<p>[\/et_pb_text][\/et_pb_column][\/et_pb_row][et_pb_row _builder_version=\u00bb4.21.0&#8243; _module_preset=\u00bbdefault\u00bb column_structure=\u00bb1_2,1_2&#8243; theme_builder_area=\u00bbpost_content\u00bb][et_pb_column _builder_version=\u00bb4.21.0&#8243; _module_preset=\u00bbdefault\u00bb type=\u00bb1_2&#8243; theme_builder_area=\u00bbpost_content\u00bb][et_pb_image src=\u00bbhttps:\/\/www.sedarauca.edu.co\/wp-content\/uploads\/2023\/06\/2-2.jpg\u00bb _builder_version=\u00bb4.21.0&#8243; _module_preset=\u00bbdefault\u00bb theme_builder_area=\u00bbpost_content\u00bb title_text=\u00bb2 (2)\u00bb hover_enabled=\u00bb0&#8243; sticky_enabled=\u00bb0&#8243;][\/et_pb_image][\/et_pb_column][et_pb_column _builder_version=\u00bb4.21.0&#8243; _module_preset=\u00bbdefault\u00bb type=\u00bb1_2&#8243; theme_builder_area=\u00bbpost_content\u00bb][et_pb_image src=\u00bbhttps:\/\/www.sedarauca.edu.co\/wp-content\/uploads\/2023\/06\/3-3.jpg\u00bb _builder_version=\u00bb4.21.0&#8243; _module_preset=\u00bbdefault\u00bb theme_builder_area=\u00bbpost_content\u00bb title_text=\u00bb3 (3)\u00bb hover_enabled=\u00bb0&#8243; sticky_enabled=\u00bb0&#8243;][\/et_pb_image][\/et_pb_column][\/et_pb_row][et_pb_row _builder_version=\u00bb4.21.0&#8243; _module_preset=\u00bbdefault\u00bb column_structure=\u00bb1_2,1_2&#8243; theme_builder_area=\u00bbpost_content\u00bb][et_pb_column _builder_version=\u00bb4.21.0&#8243; _module_preset=\u00bbdefault\u00bb type=\u00bb1_2&#8243; theme_builder_area=\u00bbpost_content\u00bb][et_pb_image src=\u00bbhttps:\/\/www.sedarauca.edu.co\/wp-content\/uploads\/2023\/06\/11.jpg\u00bb _builder_version=\u00bb4.21.0&#8243; _module_preset=\u00bbdefault\u00bb theme_builder_area=\u00bbpost_content\u00bb title_text=\u00bb11&#8243; hover_enabled=\u00bb0&#8243; sticky_enabled=\u00bb0&#8243;][\/et_pb_image][\/et_pb_column][et_pb_column _builder_version=\u00bb4.21.0&#8243; _module_preset=\u00bbdefault\u00bb type=\u00bb1_2&#8243; theme_builder_area=\u00bbpost_content\u00bb][et_pb_image src=\u00bbhttps:\/\/www.sedarauca.edu.co\/wp-content\/uploads\/2023\/06\/6-1.jpg\u00bb _builder_version=\u00bb4.21.0&#8243; _module_preset=\u00bbdefault\u00bb theme_builder_area=\u00bbpost_content\u00bb title_text=\u00bb6 (1)\u00bb hover_enabled=\u00bb0&#8243; sticky_enabled=\u00bb0&#8243;][\/et_pb_image][\/et_pb_column][\/et_pb_row][et_pb_row _builder_version=\u00bb4.21.0&#8243; _module_preset=\u00bbdefault\u00bb theme_builder_area=\u00bbpost_content\u00bb][et_pb_column _builder_version=\u00bb4.21.0&#8243; _module_preset=\u00bbdefault\u00bb type=\u00bb4_4&#8243; theme_builder_area=\u00bbpost_content\u00bb][et_pb_text _builder_version=\u00bb4.21.0&#8243; _module_preset=\u00bbdefault\u00bb theme_builder_area=\u00bbpost_content\u00bb custom_margin=\u00bb-20px||||false|false\u00bb hover_enabled=\u00bb0&#8243; sticky_enabled=\u00bb0&#8243;]<\/p>\n<p class=\"x_MsoNormal\" style=\"text-align: justify;\"><span class=\"x_ContentPasted1\">Finalmente, esta estrategia busca articular a todas las instituciones del ordenamiento territorial, entre ellas, la Gobernaci\u00f3n, las Alcald\u00edas, la Defensor\u00eda del Pueblo, la Comisar\u00eda de Familia, el Instituto Colombiano de Bienestar Familiar (ICBF) y las Secretar\u00edas de Educaci\u00f3n, entre otros actores, para trabajar de manera conjunta en este prop\u00f3sito de disminuir las violencias y brindar herramientas a los menores de edad para su bienestar y protecci\u00f3n.\u00a0<\/span><\/p>\n<p>[\/et_pb_text][\/et_pb_column][\/et_pb_row][\/et_pb_section]<\/p>\n","protected":false},"excerpt":{"rendered":"<p>El \u2018Buz\u00f3n contra el miedo\u2019, es una iniciativa de la Consejer\u00eda Presidencial para la Reconciliaci\u00f3n para darle voz a la ni\u00f1ez v\u00edctima de violencia.\u00a0 En Arauca se implementa en el marco del programa\u00a0\u2018Por una Arauca libre de violencia contra ni\u00f1os, ni\u00f1as, adolescentes y j\u00f3venes\u2019, en concordancia con la Ordenanza 086 de 2022.\u00a0 Arauca, 07 de [&hellip;]<\/p>\n","protected":false},"author":1,"featured_media":6378,"comment_status":"closed","ping_status":"closed","sticky":false,"template":"","format":"standard","meta":{"_et_pb_use_builder":"on","_et_pb_old_content":"","_et_gb_content_width":"","footnotes":""},"categories":[21,6],"tags":[],"class_list":["post-6376","post","type-post","status-publish","format-standard","has-post-thumbnail","hentry","category-boletin","category-noticias"],"_links":{"self":[{"href":"https:\/\/www.sedarauca.edu.co\/index.php\/wp-json\/wp\/v2\/posts\/6376","targetHints":{"allow":["GET"]}}],"collection":[{"href":"https:\/\/www.sedarauca.edu.co\/index.php\/wp-json\/wp\/v2\/posts"}],"about":[{"href":"https:\/\/www.sedarauca.edu.co\/index.php\/wp-json\/wp\/v2\/types\/post"}],"author":[{"embeddable":true,"href":"https:\/\/www.sedarauca.edu.co\/index.php\/wp-json\/wp\/v2\/users\/1"}],"replies":[{"embeddable":true,"href":"https:\/\/www.sedarauca.edu.co\/index.php\/wp-json\/wp\/v2\/comments?post=6376"}],"version-history":[{"count":6,"href":"https:\/\/www.sedarauca.edu.co\/index.php\/wp-json\/wp\/v2\/posts\/6376\/revisions"}],"predecessor-version":[{"id":6397,"href":"https:\/\/www.sedarauca.edu.co\/index.php\/wp-json\/wp\/v2\/posts\/6376\/revisions\/6397"}],"wp:featuredmedia":[{"embeddable":true,"href":"https:\/\/www.sedarauca.edu.co\/index.php\/wp-json\/wp\/v2\/media\/6378"}],"wp:attachment":[{"href":"https:\/\/www.sedarauca.edu.co\/index.php\/wp-json\/wp\/v2\/media?parent=6376"}],"wp:term":[{"taxonomy":"category","embeddable":true,"href":"https:\/\/www.sedarauca.edu.co\/index.php\/wp-json\/wp\/v2\/categories?post=6376"},{"taxonomy":"post_tag","embeddable":true,"href":"https:\/\/www.sedarauca.edu.co\/index.php\/wp-json\/wp\/v2\/tags?post=6376"}],"curies":[{"name":"wp","href":"https:\/\/api.w.org\/{rel}","templated":true}]}}