{"id":6338,"date":"2023-05-29T14:58:00","date_gmt":"2023-05-29T19:58:00","guid":{"rendered":"https:\/\/www.sedarauca.edu.co\/?p=6338"},"modified":"2023-05-29T17:25:05","modified_gmt":"2023-05-29T22:25:05","slug":"el-ministerio-de-educacion-nacional-invita-a-a-inscribirse-y-participar-activamente-en-la-jornada-la-escuela-abraza-la-verdad","status":"publish","type":"post","link":"https:\/\/www.sedarauca.edu.co\/index.php\/2023\/05\/29\/el-ministerio-de-educacion-nacional-invita-a-a-inscribirse-y-participar-activamente-en-la-jornada-la-escuela-abraza-la-verdad\/","title":{"rendered":"<strong>El Ministerio de Educaci\u00f3n Nacional invita a a inscribirse y participar activamente en la jornada \u201cLa Escuela Abraza la Verdad\u201d<\/strong>"},"content":{"rendered":"<p>[et_pb_section fb_built=\u00bb1&#8243; theme_builder_area=\u00bbpost_content\u00bb _builder_version=\u00bb4.21.0&#8243; _module_preset=\u00bbdefault\u00bb][et_pb_row _builder_version=\u00bb4.21.0&#8243; _module_preset=\u00bbdefault\u00bb theme_builder_area=\u00bbpost_content\u00bb][et_pb_column _builder_version=\u00bb4.21.0&#8243; _module_preset=\u00bbdefault\u00bb type=\u00bb4_4&#8243; theme_builder_area=\u00bbpost_content\u00bb][et_pb_text _builder_version=\u00bb4.21.0&#8243; _module_preset=\u00bbdefault\u00bb theme_builder_area=\u00bbpost_content\u00bb hover_enabled=\u00bb0&#8243; sticky_enabled=\u00bb0&#8243;]<\/p>\n<p style=\"text-align: justify;\">El Gobierno Nacional, en el Plan Nacional de Desarrollo 2022 \u2013 2026, \u201cColombia Potencia Mundial de la Vida\u201d, se propone alcanzar una educaci\u00f3n de calidad que garantice la atenci\u00f3n integral en los entornos educativos.<\/p>\n<p style=\"text-align: justify;\">As\u00ed mismo, pretende lograr un proceso de generaci\u00f3n de capacidades en el sector educativo que promuevan la calidad en los aprendizajes, en el marco de trayectorias educativas completas, brindando condiciones para la permanencia de las ni\u00f1as, ni\u00f1os, adolescentes y j\u00f3venes, en condiciones de equidad, calidad e inclusi\u00f3n, desde una perspectiva de desarrollo integral.<\/p>\n<p style=\"text-align: justify;\">El Ministerio de Educaci\u00f3n Nacional, invita a los establecimientos educativos a abrir espacios de reflexi\u00f3n pedag\u00f3gico en relaci\u00f3n con el proceso de justicia transicional con enfoque restaurativo que estamos viviendo como pa\u00eds.<\/p>\n<p style=\"text-align: justify;\">Para el presente a\u00f1o, diversos aliados han puesto a disposici\u00f3n del pa\u00eds el calendario conmemorativo \u201cLa Educaci\u00f3n Abraza la Paz\u201d, con la idea de mantener vivo el legado de la Comisi\u00f3n de la Verdad y reflexionar sobre el trabajo que se realiza desde el Sistema Integral para la Paz, sumando tanto a establecimientos educativos de b\u00e1sica y media, como a Escuelas Normales Superiores e Instituciones de Educaci\u00f3n Superior. <strong>Este calendario contempla la realizaci\u00f3n de tres jornadas este a\u00f1o:<\/strong><\/p>\n<ul style=\"text-align: justify;\">\n<li>\u00a0<strong>Junio 9:<\/strong> La Educaci\u00f3n Abraza la Verdad.<\/li>\n<li><strong>Agosto 30:<\/strong> La Educaci\u00f3n Abraza la Empat\u00eda y la B\u00fasqueda.<\/li>\n<li><strong>Octubre 2:<\/strong> La Educaci\u00f3n Abraza la Justicia y la Restauraci\u00f3n.<\/li>\n<\/ul>\n<p style=\"text-align: justify;\">Para el 9 de junio pr\u00f3ximo, se propone un d\u00eda de reflexi\u00f3n pedag\u00f3gica desde los establecimientos educativos sobre los relatos, comprensiones y recomendaciones expuestas en las narraciones y an\u00e1lisis del informe \u201cHay futuro, si hay verdad\u201d.<\/p>\n<p style=\"text-align: justify;\"><strong>\u201cLa Escuela Abraza la Verdad\u201d<\/strong> representa una oportunidad para avanzar en di\u00e1logos respetuosos, colectivos y participativos al interior de las comunidades educativas sobre este an\u00e1lisis hist\u00f3rico del conflicto, para que, con ellas y honrando el rol educativo de la Escuela, se pueda generar una movilizaci\u00f3n cultural propositiva que contribuya al logro de la convivencia y la paz, basadas en el reconocimiento y valoraci\u00f3n de la memoria.<\/p>\n<p style=\"text-align: justify;\">Adicionalmente, queremos resaltar que este calendario conmemorativo se convierte en una oportunidad para poner a la educaci\u00f3n para la paz en el centro de nuestros di\u00e1logos pedag\u00f3gicos, buscando articulaciones con la c\u00e1tedra de paz, los proyectos transversales, y, en general, la apuesta de formaci\u00f3n ciudadana que necesitamos como pa\u00eds y que busca transitar hacia la paz.<\/p>\n<p style=\"text-align: justify;\"><strong>Las inscripciones pueden realizarse en el siguiente enlace: <a href=\"https:\/\/forms.office.com\/r\/ypMX6DDYYN\">https:\/\/forms.office.com\/r\/ypMX6DDYY.<\/a><\/strong><\/p>\n<p>[\/et_pb_text][\/et_pb_column][\/et_pb_row][et_pb_row _builder_version=\u00bb4.21.0&#8243; _module_preset=\u00bbdefault\u00bb theme_builder_area=\u00bbpost_content\u00bb][et_pb_column _builder_version=\u00bb4.21.0&#8243; _module_preset=\u00bbdefault\u00bb type=\u00bb4_4&#8243; theme_builder_area=\u00bbpost_content\u00bb][et_pb_code _builder_version=\u00bb4.21.0&#8243; _module_preset=\u00bbdefault\u00bb theme_builder_area=\u00bbpost_content\u00bb hover_enabled=\u00bb0&#8243; sticky_enabled=\u00bb0&#8243;]<a href=\"https:\/\/www.sedarauca.edu.co\/wp-content\/uploads\/2023\/05\/CIRCULAR-EXTERNA-155-DE-2023-La-Educacion-Abraza-la-Paz.pdf\" class=\"pdfemb-viewer\" style=\"\" data-width=\"max\" data-height=\"max\" data-toolbar=\"bottom\" data-toolbar-fixed=\"on\">CIRCULAR-EXTERNA-155-DE-2023-La-Educacion-Abraza-la-Paz<\/a>[\/et_pb_code][\/et_pb_column][\/et_pb_row][et_pb_row _builder_version=\u00bb4.21.0&#8243; _module_preset=\u00bbdefault\u00bb theme_builder_area=\u00bbpost_content\u00bb][et_pb_column _builder_version=\u00bb4.21.0&#8243; _module_preset=\u00bbdefault\u00bb type=\u00bb4_4&#8243; theme_builder_area=\u00bbpost_content\u00bb][et_pb_button button_text=\u00bbInscripci\u00f3n Jornada %22La Escuela Abraza la Verdad%22&#8243; _builder_version=\u00bb4.21.0&#8243; _module_preset=\u00bbdefault\u00bb theme_builder_area=\u00bbpost_content\u00bb url_new_window=\u00bbon\u00bb button_url=\u00bbhttps:\/\/forms.office.com\/r\/ypMX6DDYYN\u00bb button_alignment=\u00bbcenter\u00bb custom_button=\u00bbon\u00bb button_text_color=\u00bb#FFFFFF\u00bb button_bg_color=\u00bb#0C71C3&#8243; button_bg_enable_color=\u00bbon\u00bb button_border_radius=\u00bb30px\u00bb button_icon=\u00bb&#xf0a5;||fa||900&#8243; hover_enabled=\u00bb0&#8243; sticky_enabled=\u00bb0&#8243;][\/et_pb_button][\/et_pb_column][\/et_pb_row][\/et_pb_section]<\/p>\n","protected":false},"excerpt":{"rendered":"<p>El Gobierno Nacional, en el Plan Nacional de Desarrollo 2022 \u2013 2026, \u201cColombia Potencia Mundial de la Vida\u201d, se propone alcanzar una educaci\u00f3n de calidad que garantice la atenci\u00f3n integral en los entornos educativos. As\u00ed mismo, pretende lograr un proceso de generaci\u00f3n de capacidades en el sector educativo que promuevan la calidad en los aprendizajes, [&hellip;]<\/p>\n","protected":false},"author":1,"featured_media":6339,"comment_status":"closed","ping_status":"closed","sticky":false,"template":"","format":"standard","meta":{"_et_pb_use_builder":"on","_et_pb_old_content":"","_et_gb_content_width":"","footnotes":""},"categories":[42,25],"tags":[],"class_list":["post-6338","post","type-post","status-publish","format-standard","has-post-thumbnail","hentry","category-men","category-publicacion"],"_links":{"self":[{"href":"https:\/\/www.sedarauca.edu.co\/index.php\/wp-json\/wp\/v2\/posts\/6338","targetHints":{"allow":["GET"]}}],"collection":[{"href":"https:\/\/www.sedarauca.edu.co\/index.php\/wp-json\/wp\/v2\/posts"}],"about":[{"href":"https:\/\/www.sedarauca.edu.co\/index.php\/wp-json\/wp\/v2\/types\/post"}],"author":[{"embeddable":true,"href":"https:\/\/www.sedarauca.edu.co\/index.php\/wp-json\/wp\/v2\/users\/1"}],"replies":[{"embeddable":true,"href":"https:\/\/www.sedarauca.edu.co\/index.php\/wp-json\/wp\/v2\/comments?post=6338"}],"version-history":[{"count":3,"href":"https:\/\/www.sedarauca.edu.co\/index.php\/wp-json\/wp\/v2\/posts\/6338\/revisions"}],"predecessor-version":[{"id":6345,"href":"https:\/\/www.sedarauca.edu.co\/index.php\/wp-json\/wp\/v2\/posts\/6338\/revisions\/6345"}],"wp:featuredmedia":[{"embeddable":true,"href":"https:\/\/www.sedarauca.edu.co\/index.php\/wp-json\/wp\/v2\/media\/6339"}],"wp:attachment":[{"href":"https:\/\/www.sedarauca.edu.co\/index.php\/wp-json\/wp\/v2\/media?parent=6338"}],"wp:term":[{"taxonomy":"category","embeddable":true,"href":"https:\/\/www.sedarauca.edu.co\/index.php\/wp-json\/wp\/v2\/categories?post=6338"},{"taxonomy":"post_tag","embeddable":true,"href":"https:\/\/www.sedarauca.edu.co\/index.php\/wp-json\/wp\/v2\/tags?post=6338"}],"curies":[{"name":"wp","href":"https:\/\/api.w.org\/{rel}","templated":true}]}}