{"id":6213,"date":"2023-05-23T10:48:00","date_gmt":"2023-05-23T15:48:00","guid":{"rendered":"https:\/\/www.sedarauca.edu.co\/?p=6213"},"modified":"2023-05-23T19:47:21","modified_gmt":"2023-05-24T00:47:21","slug":"sin-novedad-se-inicio-prestacion-del-servicio-de-transporte-escolar-en-el-departamento","status":"publish","type":"post","link":"https:\/\/www.sedarauca.edu.co\/index.php\/2023\/05\/23\/sin-novedad-se-inicio-prestacion-del-servicio-de-transporte-escolar-en-el-departamento\/","title":{"rendered":"<strong>Sin novedad se inici\u00f3 prestaci\u00f3n del servicio de transporte escolar en el Departamento<\/strong>"},"content":{"rendered":"<p>[et_pb_section fb_built=\u00bb1&#8243; _builder_version=\u00bb4.21.0&#8243; _module_preset=\u00bbdefault\u00bb global_colors_info=\u00bb{}\u00bb][et_pb_row _builder_version=\u00bb4.21.0&#8243; _module_preset=\u00bbdefault\u00bb global_colors_info=\u00bb{}\u00bb][et_pb_column type=\u00bb4_4&#8243; _builder_version=\u00bb4.21.0&#8243; _module_preset=\u00bbdefault\u00bb global_colors_info=\u00bb{}\u00bb][et_pb_text _builder_version=\u00bb4.21.0&#8243; _module_preset=\u00bbdefault\u00bb custom_margin=\u00bb-60px||||false|false\u00bb global_colors_info=\u00bb{}\u00bb]<\/p>\n<p style=\"text-align: center;\">Son 9.719 estudiantes del \u00e1rea rural los beneficiados, con 251 rutas terrestres y fluviales.<\/p>\n<p>[\/et_pb_text][\/et_pb_column][\/et_pb_row][et_pb_row _builder_version=\u00bb4.21.0&#8243; _module_preset=\u00bbdefault\u00bb global_colors_info=\u00bb{}\u00bb][et_pb_column type=\u00bb4_4&#8243; _builder_version=\u00bb4.21.0&#8243; _module_preset=\u00bbdefault\u00bb global_colors_info=\u00bb{}\u00bb][et_pb_text _builder_version=\u00bb4.21.0&#8243; _module_preset=\u00bbdefault\u00bb custom_margin=\u00bb-50px||||false|false\u00bb global_colors_info=\u00bb{}\u00bb]<\/p>\n<p style=\"text-align: justify;\"><strong>Arauca, 23 de mayo de 2023.<\/strong> Tal como lo hab\u00eda anunciado de manera reiterada el Gobierno departamental, desde hoy 23 de mayo se inici\u00f3 la prestaci\u00f3n del servicio de transporte escolar en el \u00e1rea rural de los siete municipios, con inversi\u00f3n que supera los 41 mil millones de pesos.<\/p>\n<p style=\"text-align: justify;\">\u201cEstamos cumpliendo, pues a partir de hoy 9.719 estudiantes gozan del servicio de transporte escolar en todo el departamento con 251 rutas, de las cuales 231 son terrestres y 20 fluviales.<\/p>\n<p style=\"text-align: justify;\">La confianza la construimos entre todos y por ello hoy el servicio de transporte es una realidad tal y como lo prometimos en varios escenarios y qued\u00f3 consignado en el acuerdo firmado la semana pasada en el ministerio de Educaci\u00f3n con los voceros de las protestas y las comunidades\u201d, dijo el gobernador encargado, Wilinton Rodr\u00edguez Benavidez.<\/p>\n<p>[\/et_pb_text][\/et_pb_column][\/et_pb_row][et_pb_row _builder_version=\u00bb4.21.0&#8243; _module_preset=\u00bbdefault\u00bb global_colors_info=\u00bb{}\u00bb][et_pb_column type=\u00bb4_4&#8243; _builder_version=\u00bb4.21.0&#8243; _module_preset=\u00bbdefault\u00bb global_colors_info=\u00bb{}\u00bb][et_pb_image src=\u00bbhttps:\/\/www.sedarauca.edu.co\/wp-content\/uploads\/2023\/05\/WhatsApp-Image-2023-05-23-at-11.55.30.jpeg\u00bb title_text=\u00bbWhatsApp Image 2023-05-23 at 11.55.30&#8243; _builder_version=\u00bb4.21.0&#8243; _module_preset=\u00bbdefault\u00bb hover_enabled=\u00bb0&#8243; global_colors_info=\u00bb{}\u00bb sticky_enabled=\u00bb0&#8243;][\/et_pb_image][\/et_pb_column][\/et_pb_row][et_pb_row _builder_version=\u00bb4.21.0&#8243; _module_preset=\u00bbdefault\u00bb global_colors_info=\u00bb{}\u00bb][et_pb_column type=\u00bb4_4&#8243; _builder_version=\u00bb4.21.0&#8243; _module_preset=\u00bbdefault\u00bb global_colors_info=\u00bb{}\u00bb][et_pb_text _builder_version=\u00bb4.21.0&#8243; _module_preset=\u00bbdefault\u00bb global_colors_info=\u00bb{}\u00bb]<\/p>\n<p style=\"text-align: justify;\">\u201cEs para nosotros motivo de satisfacci\u00f3n ver los rostros alegres de decenas de estudiantes de diferentes instituciones educativas rurales abordando los buses y las embarcaciones que desde la fecha prestan el servicio de transporte escolar.<\/p>\n<p style=\"text-align: justify;\">Con ello esperamos garantizar de una manera integral el derecho a la educaci\u00f3n de los ni\u00f1os y seguir por la senda del mejoramiento de la calidad en pro de un mejor futuro\u201d, se\u00f1al\u00f3, se\u00f1al\u00f3 el secretario de Educaci\u00f3n, Marcialiano Guerrero Alvarado.<\/p>\n<p style=\"text-align: justify;\">Agreg\u00f3 que desde distintas veredas de Arauquita y otros municipios han llamado los presidentes de las asociaciones de padres de familia para exteriorizar su agradecimiento por la reanudaci\u00f3n de este servicio que le permite a sus hijos desplazarse a las aulas de clase sin ning\u00fan inconveniente.<\/p>\n<p>[\/et_pb_text][\/et_pb_column][\/et_pb_row][et_pb_row _builder_version=\u00bb4.21.0&#8243; _module_preset=\u00bbdefault\u00bb][et_pb_column _builder_version=\u00bb4.21.0&#8243; _module_preset=\u00bbdefault\u00bb type=\u00bb4_4&#8243;][et_pb_audio title=\u00bbSecretario de Educaci\u00f3n Departamental de Arauca\u00bb artist_name=\u00bbMarceliano Guerrero Alvarado\u00bb _builder_version=\u00bb4.21.0&#8243; _module_preset=\u00bbdefault\u00bb link_option_url=\u00bbhttps:\/\/www.sedarauca.edu.co\/wp-content\/uploads\/2023\/05\/Audio-Marceliano-Guerrero-Secretario-de-Educacion-Departamental.mp3&#8243; admin_label=\u00bbAudio Marceliano Guerrero &#8211; Secretario de Educaci\u00f3n Departamental de Arauca\u00bb border_radii=\u00bbon|30px|30px|30px|30px\u00bb animation_style=\u00bbfold\u00bb hover_enabled=\u00bb0&#8243; sticky_enabled=\u00bb0&#8243; title_text=\u00bbLogoIcoAudio02&#8243; image_url=\u00bbhttps:\/\/www.sedarauca.edu.co\/wp-content\/uploads\/2023\/05\/LogoIcoAudio02.png\u00bb background_color=\u00bb#0C71C3&#8243;][\/et_pb_audio][et_pb_audio title=\u00bbIntegrante Asociaci\u00f3n de Padres de la instituci\u00f3n educativa de la vereda Aguachica &#8211; Arauquita\u00bb artist_name=\u00bbElizabeth Campos Grimaldo\u00bb _builder_version=\u00bb4.21.0&#8243; _module_preset=\u00bbdefault\u00bb link_option_url=\u00bbhttps:\/\/www.sedarauca.edu.co\/wp-content\/uploads\/2023\/05\/Audio-Elizabeth-Campos-Grimaldo-Asociacion-de-padres-de-la-institucion-de-la-vereda-Aguachica-Arauquita.mp3&#8243; admin_label=\u00bbAudio Marceliano Guerrero &#8211; Secretario de Educaci\u00f3n Departamental de Arauca\u00bb border_radii=\u00bbon|30px|30px|30px|30px\u00bb animation_style=\u00bbfold\u00bb hover_enabled=\u00bb0&#8243; sticky_enabled=\u00bb0&#8243; title_text=\u00bbLogoIcoAudio02&#8243; image_url=\u00bbhttps:\/\/www.sedarauca.edu.co\/wp-content\/uploads\/2023\/05\/LogoIcoAudio02.png\u00bb background_color=\u00bb#0C71C3&#8243;][\/et_pb_audio][et_pb_audio title=\u00bbPresidente de la Asociaci\u00f3n de Padres del colegio Francisco Jos\u00e9 de Caldas de Bayonero\u00bb artist_name=\u00bbHover Varela\u00bb _builder_version=\u00bb4.21.0&#8243; _module_preset=\u00bbdefault\u00bb link_option_url=\u00bbhttps:\/\/www.sedarauca.edu.co\/wp-content\/uploads\/2023\/05\/Audio-Hover-Varela-Presidente-de-la-Asociacion-de-padres-del-colegio-Francisco-Jose-de-Caldas-de-Bayonero.mp3&#8243; admin_label=\u00bbAudio Marceliano Guerrero &#8211; Secretario de Educaci\u00f3n Departamental de Arauca\u00bb border_radii=\u00bbon|30px|30px|30px|30px\u00bb animation_style=\u00bbfold\u00bb hover_enabled=\u00bb0&#8243; sticky_enabled=\u00bb0&#8243; title_text=\u00bbLogoIcoAudio02&#8243; image_url=\u00bbhttps:\/\/www.sedarauca.edu.co\/wp-content\/uploads\/2023\/05\/LogoIcoAudio02.png\u00bb background_color=\u00bb#0C71C3&#8243;][\/et_pb_audio][\/et_pb_column][\/et_pb_row][\/et_pb_section]<\/p>\n","protected":false},"excerpt":{"rendered":"<p>Son 9.719 estudiantes del \u00e1rea rural los beneficiados, con 251 rutas terrestres y fluviales.Arauca, 23 de mayo de 2023. Tal como lo hab\u00eda anunciado de manera reiterada el Gobierno departamental, desde hoy 23 de mayo se inici\u00f3 la prestaci\u00f3n del servicio de transporte escolar en el \u00e1rea rural de los siete municipios, con inversi\u00f3n que [&hellip;]<\/p>\n","protected":false},"author":1,"featured_media":6215,"comment_status":"closed","ping_status":"closed","sticky":false,"template":"","format":"standard","meta":{"_et_pb_use_builder":"on","_et_pb_old_content":"","_et_gb_content_width":"","footnotes":""},"categories":[6,39],"tags":[],"class_list":["post-6213","post","type-post","status-publish","format-standard","has-post-thumbnail","hentry","category-noticias","category-transporte-escolar"],"_links":{"self":[{"href":"https:\/\/www.sedarauca.edu.co\/index.php\/wp-json\/wp\/v2\/posts\/6213","targetHints":{"allow":["GET"]}}],"collection":[{"href":"https:\/\/www.sedarauca.edu.co\/index.php\/wp-json\/wp\/v2\/posts"}],"about":[{"href":"https:\/\/www.sedarauca.edu.co\/index.php\/wp-json\/wp\/v2\/types\/post"}],"author":[{"embeddable":true,"href":"https:\/\/www.sedarauca.edu.co\/index.php\/wp-json\/wp\/v2\/users\/1"}],"replies":[{"embeddable":true,"href":"https:\/\/www.sedarauca.edu.co\/index.php\/wp-json\/wp\/v2\/comments?post=6213"}],"version-history":[{"count":6,"href":"https:\/\/www.sedarauca.edu.co\/index.php\/wp-json\/wp\/v2\/posts\/6213\/revisions"}],"predecessor-version":[{"id":6231,"href":"https:\/\/www.sedarauca.edu.co\/index.php\/wp-json\/wp\/v2\/posts\/6213\/revisions\/6231"}],"wp:featuredmedia":[{"embeddable":true,"href":"https:\/\/www.sedarauca.edu.co\/index.php\/wp-json\/wp\/v2\/media\/6215"}],"wp:attachment":[{"href":"https:\/\/www.sedarauca.edu.co\/index.php\/wp-json\/wp\/v2\/media?parent=6213"}],"wp:term":[{"taxonomy":"category","embeddable":true,"href":"https:\/\/www.sedarauca.edu.co\/index.php\/wp-json\/wp\/v2\/categories?post=6213"},{"taxonomy":"post_tag","embeddable":true,"href":"https:\/\/www.sedarauca.edu.co\/index.php\/wp-json\/wp\/v2\/tags?post=6213"}],"curies":[{"name":"wp","href":"https:\/\/api.w.org\/{rel}","templated":true}]}}