{"id":6206,"date":"2023-05-23T10:41:00","date_gmt":"2023-05-23T15:41:00","guid":{"rendered":"https:\/\/www.sedarauca.edu.co\/?p=6206"},"modified":"2023-05-23T16:48:32","modified_gmt":"2023-05-23T21:48:32","slug":"se-firman-acuerdos-para-mejorar-la-prestacion-de-los-servicios-educativos-en-arauca","status":"publish","type":"post","link":"https:\/\/www.sedarauca.edu.co\/index.php\/2023\/05\/23\/se-firman-acuerdos-para-mejorar-la-prestacion-de-los-servicios-educativos-en-arauca\/","title":{"rendered":"<strong>Se firman acuerdos para mejorar la prestaci\u00f3n de los servicios educativos en Arauca<\/strong>"},"content":{"rendered":"<p>[et_pb_section fb_built=\u00bb1&#8243; theme_builder_area=\u00bbpost_content\u00bb _builder_version=\u00bb4.21.0&#8243; _module_preset=\u00bbdefault\u00bb][et_pb_row _builder_version=\u00bb4.21.0&#8243; _module_preset=\u00bbdefault\u00bb theme_builder_area=\u00bbpost_content\u00bb][et_pb_column _builder_version=\u00bb4.21.0&#8243; _module_preset=\u00bbdefault\u00bb type=\u00bb4_4&#8243; theme_builder_area=\u00bbpost_content\u00bb][et_pb_text _builder_version=\u00bb4.21.0&#8243; _module_preset=\u00bbdefault\u00bb theme_builder_area=\u00bbpost_content\u00bb custom_margin=\u00bb-60px||||false|false\u00bb hover_enabled=\u00bb0&#8243; sticky_enabled=\u00bb0&#8243;]<\/p>\n<p style=\"text-align: center;\">El Ministerio de Educaci\u00f3n, la Gobernaci\u00f3n de Arauca y voceros de la comunidad educativa de la regi\u00f3n suscribieron acuerdos para garantizar una mejor prestaci\u00f3n del servicio educativo en el departamento.<\/p>\n<p style=\"text-align: center;\">Ministra Aurora Vergara firma el Acuerdo con comunidad de Arauca.<\/p>\n<p>[\/et_pb_text][\/et_pb_column][\/et_pb_row][et_pb_row _builder_version=\u00bb4.21.0&#8243; _module_preset=\u00bbdefault\u00bb theme_builder_area=\u00bbpost_content\u00bb][et_pb_column _builder_version=\u00bb4.21.0&#8243; _module_preset=\u00bbdefault\u00bb type=\u00bb4_4&#8243; theme_builder_area=\u00bbpost_content\u00bb][et_pb_text _builder_version=\u00bb4.21.0&#8243; _module_preset=\u00bbdefault\u00bb theme_builder_area=\u00bbpost_content\u00bb custom_margin=\u00bb-20px||||false|false\u00bb hover_enabled=\u00bb0&#8243; sticky_enabled=\u00bb0&#8243;]<\/p>\n<p style=\"text-align: justify;\"><strong>Bogot\u00e1 D.C., 19 de mayo de 2023.<\/strong> Luego de haber sido instalada al inicio de esta semana la mesa de concertaci\u00f3n con el comit\u00e9 de voceros de Arauca, que cont\u00f3 con la presencia de la ministra de Educaci\u00f3n, Aurora Vergara Figueroa; el viceministro de Educaci\u00f3n Preescolar, B\u00e1sica y Media, \u00d3scar S\u00e1nchez; el gobernador de Arauca, Wilinton Rodr\u00edguez Benavidez; el secretario de Educaci\u00f3n departamental, Marceliano Guerrero Alvarado, representantes de la comunidad y otras entidades del Gobierno Nacional, fue suscrito un acuerdo marco para atender las necesidades del departamento en materia educativa y garantizar el derecho a la educaci\u00f3n para los ni\u00f1os, ni\u00f1as, adolescentes y j\u00f3venes de esta regi\u00f3n del pa\u00eds.<\/p>\n<p>[\/et_pb_text][\/et_pb_column][\/et_pb_row][et_pb_row _builder_version=\u00bb4.21.0&#8243; _module_preset=\u00bbdefault\u00bb theme_builder_area=\u00bbpost_content\u00bb][et_pb_column _builder_version=\u00bb4.21.0&#8243; _module_preset=\u00bbdefault\u00bb type=\u00bb4_4&#8243; theme_builder_area=\u00bbpost_content\u00bb][et_pb_image src=\u00bbhttps:\/\/www.sedarauca.edu.co\/wp-content\/uploads\/2023\/05\/WhatsApp-Image-2023-05-23-at-09.17.08-1.jpeg\u00bb _builder_version=\u00bb4.21.0&#8243; _module_preset=\u00bbdefault\u00bb theme_builder_area=\u00bbpost_content\u00bb title_text=\u00bbWhatsApp Image 2023-05-23 at 09.17.08 (1)\u00bb custom_margin=\u00bb-20px||||false|false\u00bb hover_enabled=\u00bb0&#8243; sticky_enabled=\u00bb0&#8243;][\/et_pb_image][\/et_pb_column][\/et_pb_row][et_pb_row _builder_version=\u00bb4.21.0&#8243; _module_preset=\u00bbdefault\u00bb theme_builder_area=\u00bbpost_content\u00bb][et_pb_column _builder_version=\u00bb4.21.0&#8243; _module_preset=\u00bbdefault\u00bb type=\u00bb4_4&#8243; theme_builder_area=\u00bbpost_content\u00bb][et_pb_text _builder_version=\u00bb4.21.0&#8243; _module_preset=\u00bbdefault\u00bb theme_builder_area=\u00bbpost_content\u00bb hover_enabled=\u00bb0&#8243; sticky_enabled=\u00bb0&#8243;]<\/p>\n<p style=\"text-align: justify;\">Gracias a la voluntad de di\u00e1logo entre el Gobierno Nacional y las comunidades, se establecieron acuerdos que permitir\u00e1n mejorar la permanencia de los y las estudiantes en las instituciones educativas, la alimentaci\u00f3n y el transporte escolar, la infraestructura educativa, el estudio de plantas docentes y la educaci\u00f3n en emergencia.<\/p>\n<p>[\/et_pb_text][\/et_pb_column][\/et_pb_row][et_pb_row _builder_version=\u00bb4.21.0&#8243; _module_preset=\u00bbdefault\u00bb theme_builder_area=\u00bbpost_content\u00bb][et_pb_column _builder_version=\u00bb4.21.0&#8243; _module_preset=\u00bbdefault\u00bb type=\u00bb4_4&#8243; theme_builder_area=\u00bbpost_content\u00bb][et_pb_image src=\u00bbhttps:\/\/www.sedarauca.edu.co\/wp-content\/uploads\/2023\/05\/WhatsApp-Image-2023-05-23-at-09.17.08-2.jpeg\u00bb _builder_version=\u00bb4.21.0&#8243; _module_preset=\u00bbdefault\u00bb theme_builder_area=\u00bbpost_content\u00bb title_text=\u00bbWhatsApp Image 2023-05-23 at 09.17.08 (2)\u00bb hover_enabled=\u00bb0&#8243; sticky_enabled=\u00bb0&#8243;][\/et_pb_image][\/et_pb_column][\/et_pb_row][et_pb_row _builder_version=\u00bb4.21.0&#8243; _module_preset=\u00bbdefault\u00bb theme_builder_area=\u00bbpost_content\u00bb][et_pb_column _builder_version=\u00bb4.21.0&#8243; _module_preset=\u00bbdefault\u00bb type=\u00bb4_4&#8243; theme_builder_area=\u00bbpost_content\u00bb][et_pb_text _builder_version=\u00bb4.21.0&#8243; _module_preset=\u00bbdefault\u00bb theme_builder_area=\u00bbpost_content\u00bb hover_enabled=\u00bb0&#8243; sticky_enabled=\u00bb0&#8243;]<\/p>\n<p style=\"text-align: justify;\">La implementaci\u00f3n de estos acuerdos iniciar\u00e1 a partir de las acciones que se dise\u00f1ar\u00e1n en mesas t\u00e9cnicas, en las cuales se analizar\u00e1 la viabilidad t\u00e9cnica, jur\u00eddica y financiera de cada propuesta.<\/p>\n<p style=\"text-align: justify;\">Desde el Ministerio de Educaci\u00f3n Nacional se reconoce el derecho a la concertaci\u00f3n y el di\u00e1logo como la v\u00eda para la construcci\u00f3n de consensos que permitan avanzar en un proyecto de pa\u00eds con equidad, dignidad y paz.<\/p>\n<p>[\/et_pb_text][\/et_pb_column][\/et_pb_row][\/et_pb_section]<\/p>\n","protected":false},"excerpt":{"rendered":"<p>El Ministerio de Educaci\u00f3n, la Gobernaci\u00f3n de Arauca y voceros de la comunidad educativa de la regi\u00f3n suscribieron acuerdos para garantizar una mejor prestaci\u00f3n del servicio educativo en el departamento. Ministra Aurora Vergara firma el Acuerdo con comunidad de Arauca.Bogot\u00e1 D.C., 19 de mayo de 2023. Luego de haber sido instalada al inicio de esta [&hellip;]<\/p>\n","protected":false},"author":1,"featured_media":6207,"comment_status":"closed","ping_status":"closed","sticky":false,"template":"","format":"standard","meta":{"_et_pb_use_builder":"on","_et_pb_old_content":"","_et_gb_content_width":"","footnotes":""},"categories":[44,42,6],"tags":[],"class_list":["post-6206","post","type-post","status-publish","format-standard","has-post-thumbnail","hentry","category-gestion","category-men","category-noticias"],"_links":{"self":[{"href":"https:\/\/www.sedarauca.edu.co\/index.php\/wp-json\/wp\/v2\/posts\/6206","targetHints":{"allow":["GET"]}}],"collection":[{"href":"https:\/\/www.sedarauca.edu.co\/index.php\/wp-json\/wp\/v2\/posts"}],"about":[{"href":"https:\/\/www.sedarauca.edu.co\/index.php\/wp-json\/wp\/v2\/types\/post"}],"author":[{"embeddable":true,"href":"https:\/\/www.sedarauca.edu.co\/index.php\/wp-json\/wp\/v2\/users\/1"}],"replies":[{"embeddable":true,"href":"https:\/\/www.sedarauca.edu.co\/index.php\/wp-json\/wp\/v2\/comments?post=6206"}],"version-history":[{"count":2,"href":"https:\/\/www.sedarauca.edu.co\/index.php\/wp-json\/wp\/v2\/posts\/6206\/revisions"}],"predecessor-version":[{"id":6212,"href":"https:\/\/www.sedarauca.edu.co\/index.php\/wp-json\/wp\/v2\/posts\/6206\/revisions\/6212"}],"wp:featuredmedia":[{"embeddable":true,"href":"https:\/\/www.sedarauca.edu.co\/index.php\/wp-json\/wp\/v2\/media\/6207"}],"wp:attachment":[{"href":"https:\/\/www.sedarauca.edu.co\/index.php\/wp-json\/wp\/v2\/media?parent=6206"}],"wp:term":[{"taxonomy":"category","embeddable":true,"href":"https:\/\/www.sedarauca.edu.co\/index.php\/wp-json\/wp\/v2\/categories?post=6206"},{"taxonomy":"post_tag","embeddable":true,"href":"https:\/\/www.sedarauca.edu.co\/index.php\/wp-json\/wp\/v2\/tags?post=6206"}],"curies":[{"name":"wp","href":"https:\/\/api.w.org\/{rel}","templated":true}]}}