{"id":6198,"date":"2023-05-23T10:30:00","date_gmt":"2023-05-23T15:30:00","guid":{"rendered":"https:\/\/www.sedarauca.edu.co\/?p=6198"},"modified":"2023-05-23T16:38:10","modified_gmt":"2023-05-23T21:38:10","slug":"procuraduria-y-mineducacion-se-unen-para-trabajar-por-el-pae-la-infraestructura-educativa-y-la-prevencion-de-violencia-en-entornos-escolares","status":"publish","type":"post","link":"https:\/\/www.sedarauca.edu.co\/index.php\/2023\/05\/23\/procuraduria-y-mineducacion-se-unen-para-trabajar-por-el-pae-la-infraestructura-educativa-y-la-prevencion-de-violencia-en-entornos-escolares\/","title":{"rendered":"<strong>Procuradur\u00eda y MinEducaci\u00f3n se unen para trabajar por el PAE, la infraestructura educativa y la prevenci\u00f3n de violencia en entornos escolares<\/srong>"},"content":{"rendered":"<p>[et_pb_section fb_built=\u00bb1&#8243; theme_builder_area=\u00bbpost_content\u00bb _builder_version=\u00bb4.21.0&#8243; _module_preset=\u00bbdefault\u00bb][et_pb_row _builder_version=\u00bb4.21.0&#8243; _module_preset=\u00bbdefault\u00bb theme_builder_area=\u00bbpost_content\u00bb hover_enabled=\u00bb0&#8243; sticky_enabled=\u00bb0&#8243;][et_pb_column _builder_version=\u00bb4.21.0&#8243; _module_preset=\u00bbdefault\u00bb type=\u00bb4_4&#8243; theme_builder_area=\u00bbpost_content\u00bb][et_pb_text _builder_version=\u00bb4.21.0&#8243; _module_preset=\u00bbdefault\u00bb theme_builder_area=\u00bbpost_content\u00bb custom_margin=\u00bb-60px||||false|false\u00bb hover_enabled=\u00bb0&#8243; sticky_enabled=\u00bb0&#8243;]<\/p>\n<p style=\"text-align: center;\"><em>Bajo la estrategia \u201cPromujeres\u201d del Ministerio P\u00fablico, se priorizar\u00e1 la prevenci\u00f3n de violencias basadas en g\u00e9nero en entornos educativos.<\/em><\/p>\n<p>[\/et_pb_text][\/et_pb_column][\/et_pb_row][et_pb_row _builder_version=\u00bb4.21.0&#8243; _module_preset=\u00bbdefault\u00bb theme_builder_area=\u00bbpost_content\u00bb][et_pb_column _builder_version=\u00bb4.21.0&#8243; _module_preset=\u00bbdefault\u00bb type=\u00bb4_4&#8243; theme_builder_area=\u00bbpost_content\u00bb][et_pb_text _builder_version=\u00bb4.21.0&#8243; _module_preset=\u00bbdefault\u00bb theme_builder_area=\u00bbpost_content\u00bb custom_margin=\u00bb-50px||||false|false\u00bb hover_enabled=\u00bb0&#8243; sticky_enabled=\u00bb0&#8243;]<\/p>\n<p style=\"text-align: justify;\"><strong>Bogot\u00e1, D. C., 18 de mayo de 2023 (MEN-PGN_COL).<\/strong>\u00a0La Procuradora General de la Naci\u00f3n, Margarita Cabello Blanco, se reuni\u00f3 con la ministra de educaci\u00f3n, Aurora Vergara Figueroa, para trazar una hoja de ruta que permita la articulaci\u00f3n entre ambas entidades, de cara a alcanzar avances significativos en el cierre de brechas de acceso y de calidad educativa que persisten en el servicio y que se manifiestan especialmente en la ruralidad y la ruralidad dispersa.<\/p>\n<p style=\"text-align: justify;\">La procuradora Cabello referenci\u00f3 que una adecuada coordinaci\u00f3n entre el ente de control y la cartera ministerial, es una gran oportunidad para presentar las situaciones irregulares que ha identificado la Procuradur\u00eda, as\u00ed como los resultados de las acciones preventivas y vigilancia sobre las autoridades responsables de la prestaci\u00f3n del Programa de Alimentaci\u00f3n Escolar (PAE), y de la infraestructura y servicios educativos.<\/p>\n<p style=\"text-align: justify;\">La Ministra de Educaci\u00f3n, por su parte, asegur\u00f3 que es fundamental el trabajo interinstitucional para garantizar que programas como el PAE, que hoy benefician a m\u00e1s de 5.6 millones de ni\u00f1os, ni\u00f1as, adolescentes y j\u00f3venes del pa\u00eds, en m\u00e1s de 43 mil sedes educativas, tenga un mayor control para que su ejecuci\u00f3n sea oportuna y cumpla con los est\u00e1ndares de calidad establecidos.<\/p>\n<p style=\"text-align: justify;\">La ministra Vergara afirm\u00f3 que el bienestar y permanencia de los estudiantes en el sistema educativo es el objetivo que nos hemos trazado con la Procuradur\u00eda. \u00abEl trabajo en equipo nos va a permitir generar las garant\u00edas en el cumplimiento de programas como el PAE y el de infraestructura educativa, en condiciones de igualdad y transparencia. Tambi\u00e9n trabajaremos de manera conjunta en estrategias de prevenci\u00f3n de violencias basadas en g\u00e9nero en las instituciones educativas\u00bb, dijo.<\/p>\n<p style=\"text-align: justify;\">Finalmente, la jefa del Ministerio P\u00fablico indic\u00f3 que conocer el avance en las acciones que lidera el Ministerio de Educaci\u00f3n es primordial para aunar esfuerzos que permitan superar los principales retos del sector, con respuestas adecuadas frente a los cambios en el entorno y los fen\u00f3menos que se presentan en el pa\u00eds.<\/p>\n<p style=\"text-align: justify;\">Asimismo, ambas entidades acordaron priorizar un trabajo s\u00f3lido, liderado por la Procuradora Delegada para la Defensa de los Derechos de la Infancia, la Adolescencia, la Familia y la Mujer, en funci\u00f3n de la prevenci\u00f3n de violencias basadas en g\u00e9nero, que permita que todo el sistema de convivencia escolar responda de manera oportuna y adecuada a las necesidades de los ni\u00f1os, ni\u00f1as y j\u00f3venes del pa\u00eds.<\/p>\n<p>[\/et_pb_text][\/et_pb_column][\/et_pb_row][\/et_pb_section]<\/p>\n","protected":false},"excerpt":{"rendered":"<p>Bajo la estrategia \u201cPromujeres\u201d del Ministerio P\u00fablico, se priorizar\u00e1 la prevenci\u00f3n de violencias basadas en g\u00e9nero en entornos educativos.Bogot\u00e1, D. C., 18 de mayo de 2023 (MEN-PGN_COL).\u00a0La Procuradora General de la Naci\u00f3n, Margarita Cabello Blanco, se reuni\u00f3 con la ministra de educaci\u00f3n, Aurora Vergara Figueroa, para trazar una hoja de ruta que permita la articulaci\u00f3n [&hellip;]<\/p>\n","protected":false},"author":1,"featured_media":6199,"comment_status":"closed","ping_status":"closed","sticky":false,"template":"","format":"standard","meta":{"_et_pb_use_builder":"on","_et_pb_old_content":"","_et_gb_content_width":"","footnotes":""},"categories":[42,6,17],"tags":[],"class_list":["post-6198","post","type-post","status-publish","format-standard","has-post-thumbnail","hentry","category-men","category-noticias","category-pae"],"_links":{"self":[{"href":"https:\/\/www.sedarauca.edu.co\/index.php\/wp-json\/wp\/v2\/posts\/6198","targetHints":{"allow":["GET"]}}],"collection":[{"href":"https:\/\/www.sedarauca.edu.co\/index.php\/wp-json\/wp\/v2\/posts"}],"about":[{"href":"https:\/\/www.sedarauca.edu.co\/index.php\/wp-json\/wp\/v2\/types\/post"}],"author":[{"embeddable":true,"href":"https:\/\/www.sedarauca.edu.co\/index.php\/wp-json\/wp\/v2\/users\/1"}],"replies":[{"embeddable":true,"href":"https:\/\/www.sedarauca.edu.co\/index.php\/wp-json\/wp\/v2\/comments?post=6198"}],"version-history":[{"count":2,"href":"https:\/\/www.sedarauca.edu.co\/index.php\/wp-json\/wp\/v2\/posts\/6198\/revisions"}],"predecessor-version":[{"id":6201,"href":"https:\/\/www.sedarauca.edu.co\/index.php\/wp-json\/wp\/v2\/posts\/6198\/revisions\/6201"}],"wp:featuredmedia":[{"embeddable":true,"href":"https:\/\/www.sedarauca.edu.co\/index.php\/wp-json\/wp\/v2\/media\/6199"}],"wp:attachment":[{"href":"https:\/\/www.sedarauca.edu.co\/index.php\/wp-json\/wp\/v2\/media?parent=6198"}],"wp:term":[{"taxonomy":"category","embeddable":true,"href":"https:\/\/www.sedarauca.edu.co\/index.php\/wp-json\/wp\/v2\/categories?post=6198"},{"taxonomy":"post_tag","embeddable":true,"href":"https:\/\/www.sedarauca.edu.co\/index.php\/wp-json\/wp\/v2\/tags?post=6198"}],"curies":[{"name":"wp","href":"https:\/\/api.w.org\/{rel}","templated":true}]}}