{"id":6121,"date":"2023-05-19T17:09:00","date_gmt":"2023-05-19T22:09:00","guid":{"rendered":"https:\/\/www.sedarauca.edu.co\/?p=6121"},"modified":"2023-05-22T17:19:18","modified_gmt":"2023-05-22T22:19:18","slug":"educacion-para-la-paz-un-nuevo-colegio-emerge-en-el-municipio-de-arauquita-en-arauca","status":"publish","type":"post","link":"https:\/\/www.sedarauca.edu.co\/index.php\/2023\/05\/19\/educacion-para-la-paz-un-nuevo-colegio-emerge-en-el-municipio-de-arauquita-en-arauca\/","title":{"rendered":"<strong>En la SED tenemos una de las mejores Administraciones en planta docente del pa\u00eds<\/strong>"},"content":{"rendered":"<p>[et_pb_section fb_built=\u00bb1&#8243; theme_builder_area=\u00bbpost_content\u00bb _builder_version=\u00bb4.21.0&#8243; _module_preset=\u00bbdefault\u00bb][et_pb_row _builder_version=\u00bb4.21.0&#8243; _module_preset=\u00bbdefault\u00bb theme_builder_area=\u00bbpost_content\u00bb][et_pb_column _builder_version=\u00bb4.21.0&#8243; _module_preset=\u00bbdefault\u00bb type=\u00bb4_4&#8243; theme_builder_area=\u00bbpost_content\u00bb][et_pb_text _builder_version=\u00bb4.21.0&#8243; _module_preset=\u00bbdefault\u00bb theme_builder_area=\u00bbpost_content\u00bb custom_margin=\u00bb-60px||||false|false\u00bb hover_enabled=\u00bb0&#8243; sticky_enabled=\u00bb0&#8243;]<\/p>\n<p style=\"text-align: center;\"><i><span class=\"x_ContentPasted1\">La profesional del \u00e1rea de Talento Humano de la Secretar\u00eda de Educaci\u00f3n Departamental de Arauca, Andrea Jim\u00e9nez Laverde viajar\u00e1 a Espa\u00f1a con todo pago, como reconocimiento a la labor desempe\u00f1ada en la administraci\u00f3n de la planta docente del a\u00f1o 2021.<\/span><\/i><\/p>\n<p>[\/et_pb_text][\/et_pb_column][\/et_pb_row][et_pb_row _builder_version=\u00bb4.21.0&#8243; _module_preset=\u00bbdefault\u00bb theme_builder_area=\u00bbpost_content\u00bb][et_pb_column _builder_version=\u00bb4.21.0&#8243; _module_preset=\u00bbdefault\u00bb type=\u00bb4_4&#8243; theme_builder_area=\u00bbpost_content\u00bb][et_pb_text _builder_version=\u00bb4.21.0&#8243; _module_preset=\u00bbdefault\u00bb theme_builder_area=\u00bbpost_content\u00bb hover_enabled=\u00bb0&#8243; sticky_enabled=\u00bb0&#8243;]<\/p>\n<p style=\"text-align: justify;\"><b><span class=\"x_ContentPasted1\">Arauca, 19 de mayo de 2023.<\/span><\/b><span class=\"x_ContentPasted1\"><span>\u00a0<\/span><\/span><span class=\"x_ContentPasted1\">En el marco de las estrategias que el Gobierno Nacional ha dispuesto para asegurar que los territorios y las instituciones p\u00fablicas de educaci\u00f3n que adelantan iniciativas de impacto para asegurar la prestaci\u00f3n adecuada del servicio la mejora en la calidad, cobertura y permanencia en educaci\u00f3n de ni\u00f1os, ni\u00f1as y adolescentes, el Ministerio de Educaci\u00f3n entreg\u00f3 reconocimientos a 14 funcionarios de Entidades Territoriales Certificadas, y una de ellas fue en La a nuestra profesional del \u00e1rea de Talento Humano de la Secretar\u00eda de Educaci\u00f3n Andrea Jim\u00e9nez Laverde, quien fue premiada por el Ministerio de Educaci\u00f3n Nacional en la categor\u00eda de Mejor Pr\u00e1ctica Nacional en Administraci\u00f3n de la planta de cargos docentes y Directivos docentes (vigencia 2021).\u00a0<\/span><\/p>\n<p>[\/et_pb_text][\/et_pb_column][\/et_pb_row][et_pb_row _builder_version=\u00bb4.21.0&#8243; _module_preset=\u00bbdefault\u00bb theme_builder_area=\u00bbpost_content\u00bb][et_pb_column _builder_version=\u00bb4.21.0&#8243; _module_preset=\u00bbdefault\u00bb type=\u00bb4_4&#8243; theme_builder_area=\u00bbpost_content\u00bb][et_pb_image src=\u00bbhttps:\/\/www.sedarauca.edu.co\/wp-content\/uploads\/2023\/05\/Andrea-reconocimiento.jpg\u00bb _builder_version=\u00bb4.21.0&#8243; _module_preset=\u00bbdefault\u00bb theme_builder_area=\u00bbpost_content\u00bb title_text=\u00bbAndrea reconocimiento\u00bb hover_enabled=\u00bb0&#8243; sticky_enabled=\u00bb0&#8243;][\/et_pb_image][\/et_pb_column][\/et_pb_row][et_pb_row _builder_version=\u00bb4.21.0&#8243; _module_preset=\u00bbdefault\u00bb theme_builder_area=\u00bbpost_content\u00bb][et_pb_column _builder_version=\u00bb4.21.0&#8243; _module_preset=\u00bbdefault\u00bb type=\u00bb4_4&#8243; theme_builder_area=\u00bbpost_content\u00bb][et_pb_text _builder_version=\u00bb4.21.0&#8243; _module_preset=\u00bbdefault\u00bb theme_builder_area=\u00bbpost_content\u00bb hover_enabled=\u00bb0&#8243; sticky_enabled=\u00bb0&#8243;]<\/p>\n<p style=\"text-align: justify;\"><span class=\"x_ContentPasted1\">Como reconocimiento a su labor, Andrea recibi\u00f3 por parte del Ministerio de Educaci\u00f3n Nacional en convenio con el ICETEX una beca de movilidad para participar en el Encuentro de L\u00edderes Iberoamericanos por la Educaci\u00f3n, donde se apreciar\u00e1n las mejores pr\u00e1cticas educativas de los modelos latinoamericanos y europeos. Este es un evento organizado por la Universidad Internacional La Rioja \u2013 UNIR y tendr\u00e1 lugar en Madrid, Espa\u00f1a, a donde asistir\u00e1 nuestra funcionaria con todos los gastos pagos.\u00a0<span>\u00a0<\/span>\u00a0<\/span><span class=\"x_ContentPasted1\"><\/span><\/p>\n<p style=\"text-align: justify;\"><span class=\"x_ContentPasted1\">En la Secretar\u00eda de Educaci\u00f3n Departamental de Arauca nos enorgullecen los logros de nuestros funcionarios, por eso aprovechamos la oportunidad para reconocer y destacar el ejemplo de Andrea, que con sus aportes y esfuerzos contribuye al fortalecimiento y la consolidaci\u00f3n de la Educaci\u00f3n en nuestro territorio. \u00a0<\/span><span class=\"x_ContentPasted1\"><\/span><\/p>\n<p style=\"text-align: justify;\"><span class=\"x_ContentPasted1\">\u00a1Felicidades por este reconocimiento!\u00a0<\/span><\/p>\n<p>[\/et_pb_text][\/et_pb_column][\/et_pb_row][\/et_pb_section]<\/p>\n","protected":false},"excerpt":{"rendered":"<p>La profesional del \u00e1rea de Talento Humano de la Secretar\u00eda de Educaci\u00f3n Departamental de Arauca, Andrea Jim\u00e9nez Laverde viajar\u00e1 a Espa\u00f1a con todo pago, como reconocimiento a la labor desempe\u00f1ada en la administraci\u00f3n de la planta docente del a\u00f1o 2021.Arauca, 19 de mayo de 2023.\u00a0En el marco de las estrategias que el Gobierno Nacional ha [&hellip;]<\/p>\n","protected":false},"author":1,"featured_media":6122,"comment_status":"closed","ping_status":"closed","sticky":false,"template":"","format":"standard","meta":{"_et_pb_use_builder":"on","_et_pb_old_content":"","_et_gb_content_width":"","footnotes":""},"categories":[44,6],"tags":[],"class_list":["post-6121","post","type-post","status-publish","format-standard","has-post-thumbnail","hentry","category-gestion","category-noticias"],"_links":{"self":[{"href":"https:\/\/www.sedarauca.edu.co\/index.php\/wp-json\/wp\/v2\/posts\/6121","targetHints":{"allow":["GET"]}}],"collection":[{"href":"https:\/\/www.sedarauca.edu.co\/index.php\/wp-json\/wp\/v2\/posts"}],"about":[{"href":"https:\/\/www.sedarauca.edu.co\/index.php\/wp-json\/wp\/v2\/types\/post"}],"author":[{"embeddable":true,"href":"https:\/\/www.sedarauca.edu.co\/index.php\/wp-json\/wp\/v2\/users\/1"}],"replies":[{"embeddable":true,"href":"https:\/\/www.sedarauca.edu.co\/index.php\/wp-json\/wp\/v2\/comments?post=6121"}],"version-history":[{"count":3,"href":"https:\/\/www.sedarauca.edu.co\/index.php\/wp-json\/wp\/v2\/posts\/6121\/revisions"}],"predecessor-version":[{"id":6128,"href":"https:\/\/www.sedarauca.edu.co\/index.php\/wp-json\/wp\/v2\/posts\/6121\/revisions\/6128"}],"wp:featuredmedia":[{"embeddable":true,"href":"https:\/\/www.sedarauca.edu.co\/index.php\/wp-json\/wp\/v2\/media\/6122"}],"wp:attachment":[{"href":"https:\/\/www.sedarauca.edu.co\/index.php\/wp-json\/wp\/v2\/media?parent=6121"}],"wp:term":[{"taxonomy":"category","embeddable":true,"href":"https:\/\/www.sedarauca.edu.co\/index.php\/wp-json\/wp\/v2\/categories?post=6121"},{"taxonomy":"post_tag","embeddable":true,"href":"https:\/\/www.sedarauca.edu.co\/index.php\/wp-json\/wp\/v2\/tags?post=6121"}],"curies":[{"name":"wp","href":"https:\/\/api.w.org\/{rel}","templated":true}]}}