{"id":6018,"date":"2023-05-19T09:39:00","date_gmt":"2023-05-19T14:39:00","guid":{"rendered":"https:\/\/www.sedarauca.edu.co\/?p=6018"},"modified":"2023-05-19T15:04:05","modified_gmt":"2023-05-19T20:04:05","slug":"suscrito-acuerdo-en-mesa-de-interlocucion-que-avanza-en-bogota-para-superar-crisis-y-garantizar-normalidad-en-el-sector-educativo","status":"publish","type":"post","link":"https:\/\/www.sedarauca.edu.co\/index.php\/2023\/05\/19\/suscrito-acuerdo-en-mesa-de-interlocucion-que-avanza-en-bogota-para-superar-crisis-y-garantizar-normalidad-en-el-sector-educativo\/","title":{"rendered":"<strong>Suscrito acuerdo en mesa de interlocuci\u00f3n que avanza en Bogot\u00e1 para superar crisis y garantizar normalidad en el sector educativo<\/strong>"},"content":{"rendered":"<p>[et_pb_section fb_built=\u00bb1&#8243; theme_builder_area=\u00bbpost_content\u00bb _builder_version=\u00bb4.21.0&#8243; _module_preset=\u00bbdefault\u00bb][et_pb_row _builder_version=\u00bb4.21.0&#8243; _module_preset=\u00bbdefault\u00bb theme_builder_area=\u00bbpost_content\u00bb custom_margin=\u00bb||-30px||false|false\u00bb hover_enabled=\u00bb0&#8243; sticky_enabled=\u00bb0&#8243;][et_pb_column _builder_version=\u00bb4.21.0&#8243; _module_preset=\u00bbdefault\u00bb type=\u00bb4_4&#8243; theme_builder_area=\u00bbpost_content\u00bb][et_pb_text _builder_version=\u00bb4.21.0&#8243; _module_preset=\u00bbdefault\u00bb theme_builder_area=\u00bbpost_content\u00bb custom_margin=\u00bb-60px||||false|false\u00bb hover_enabled=\u00bb0&#8243; sticky_enabled=\u00bb0&#8243;]<\/p>\n<p style=\"text-align: center;\"><em>Gobernador reafirma compromiso de garantizar el derecho a la educaci\u00f3n con calidad de todas las ni\u00f1as, ni\u00f1os, adolescentes y j\u00f3venes del Departamento.<\/em><\/p>\n<p>[\/et_pb_text][\/et_pb_column][\/et_pb_row][et_pb_row _builder_version=\u00bb4.21.0&#8243; _module_preset=\u00bbdefault\u00bb theme_builder_area=\u00bbpost_content\u00bb][et_pb_column _builder_version=\u00bb4.21.0&#8243; _module_preset=\u00bbdefault\u00bb type=\u00bb4_4&#8243; theme_builder_area=\u00bbpost_content\u00bb][et_pb_text _builder_version=\u00bb4.21.0&#8243; _module_preset=\u00bbdefault\u00bb theme_builder_area=\u00bbpost_content\u00bb hover_enabled=\u00bb0&#8243; sticky_enabled=\u00bb0&#8243;]<\/p>\n<p style=\"text-align: justify;\"><strong>Arauca, 18 de mayo de 2023.-<\/strong> Con la firma de un acuerdo entre las partes, se dio un avance significativo para superar la problem\u00e1tica y garantizar la normalidad en el sector educativo, en desarrollo de la Mesa de Concertaci\u00f3n y Di\u00e1logo por la Vida con la Comisi\u00f3n de Interlocuci\u00f3n de las comunidades educativas que delibera en Bogot\u00e1.<\/p>\n<p style=\"text-align: justify;\">Como se recordar\u00e1, un primer acuerdo se suscribi\u00f3 en Arauca y ahora por voluntad de la Ministra de Educaci\u00f3n, Aurora Vergara Figueroa, se establecen mesas t\u00e9cnicas que tienen como finalidad viabilizar t\u00e9cnica, jur\u00eddica y financieramente las soluciones a los problemas planteados en el pliego de exigencias y las conclusiones y compromisos establecidos.<\/p>\n<p>[\/et_pb_text][\/et_pb_column][\/et_pb_row][et_pb_row _builder_version=\u00bb4.21.0&#8243; _module_preset=\u00bbdefault\u00bb theme_builder_area=\u00bbpost_content\u00bb][et_pb_column _builder_version=\u00bb4.21.0&#8243; _module_preset=\u00bbdefault\u00bb type=\u00bb4_4&#8243; theme_builder_area=\u00bbpost_content\u00bb][et_pb_image src=\u00bbhttps:\/\/www.sedarauca.edu.co\/wp-content\/uploads\/2023\/05\/2023_3616_Rurales_ministerio-de-educacion_bogota_3.jpg\u00bb _builder_version=\u00bb4.21.0&#8243; _module_preset=\u00bbdefault\u00bb theme_builder_area=\u00bbpost_content\u00bb title_text=\u00bb2023_3616_Rurales_ministerio-de-educacion_bogota_3&#8243; hover_enabled=\u00bb0&#8243; sticky_enabled=\u00bb0&#8243;][\/et_pb_image][\/et_pb_column][\/et_pb_row][et_pb_row _builder_version=\u00bb4.21.0&#8243; _module_preset=\u00bbdefault\u00bb theme_builder_area=\u00bbpost_content\u00bb][et_pb_column _builder_version=\u00bb4.21.0&#8243; _module_preset=\u00bbdefault\u00bb type=\u00bb4_4&#8243; theme_builder_area=\u00bbpost_content\u00bb][et_pb_text _builder_version=\u00bb4.21.0&#8243; _module_preset=\u00bbdefault\u00bb theme_builder_area=\u00bbpost_content\u00bb hover_enabled=\u00bb0&#8243; sticky_enabled=\u00bb0&#8243;]<\/p>\n<p style=\"text-align: justify;\">Y tal como se acord\u00f3 en Arauca, en la capital de la Rep\u00fablica, se retom\u00f3 con el Ministerio la Mesa de Concertaci\u00f3n y Di\u00e1logo, donde se lograron varios acuerdos relacionados con el Programa de Alimentaci\u00f3n Escolar (PAE), transporte escolar, gastos administrativos, infraestructura educativa y estrategias de permanencia.<\/p>\n<p style=\"text-align: justify;\">Se reiter\u00f3 que el 23 de mayo se dar\u00e1 inicio al transporte escolar rural y se decretaron cuatro d\u00edas de flexibilizaci\u00f3n acad\u00e9mica del 16 al 19 a fin de que los estudiantes que no puedan asistir a clase contin\u00faen en el calendario escolar y a trav\u00e9s del comit\u00e9 de gesti\u00f3n del riesgo se garanticen los recursos para el material pedag\u00f3gico que facilite desarrollar las actividades acad\u00e9micas con flexibilidad.<\/p>\n<p>[\/et_pb_text][\/et_pb_column][\/et_pb_row][et_pb_row _builder_version=\u00bb4.21.0&#8243; _module_preset=\u00bbdefault\u00bb theme_builder_area=\u00bbpost_content\u00bb][et_pb_column _builder_version=\u00bb4.21.0&#8243; _module_preset=\u00bbdefault\u00bb type=\u00bb4_4&#8243; theme_builder_area=\u00bbpost_content\u00bb][et_pb_image src=\u00bbhttps:\/\/www.sedarauca.edu.co\/wp-content\/uploads\/2023\/05\/2023_400_Urbanos_ministerio-de-educacion_bogota_4.jpg\u00bb _builder_version=\u00bb4.21.0&#8243; _module_preset=\u00bbdefault\u00bb theme_builder_area=\u00bbpost_content\u00bb title_text=\u00bb2023_400_Urbanos_ministerio-de-educacion_bogota_4&#8243; hover_enabled=\u00bb0&#8243; sticky_enabled=\u00bb0&#8243;][\/et_pb_image][\/et_pb_column][\/et_pb_row][et_pb_row _builder_version=\u00bb4.21.0&#8243; _module_preset=\u00bbdefault\u00bb theme_builder_area=\u00bbpost_content\u00bb][et_pb_column _builder_version=\u00bb4.21.0&#8243; _module_preset=\u00bbdefault\u00bb type=\u00bb4_4&#8243; theme_builder_area=\u00bbpost_content\u00bb][et_pb_text _builder_version=\u00bb4.21.0&#8243; _module_preset=\u00bbdefault\u00bb theme_builder_area=\u00bbpost_content\u00bb hover_enabled=\u00bb0&#8243; sticky_enabled=\u00bb0&#8243;]<\/p>\n<p style=\"text-align: justify;\">La Secretar\u00eda de Educaci\u00f3n Departamental se comprometi\u00f3 a realizar un estudio t\u00e9cnico para determinar la necesidad de n\u00famero de la planta docente, al t\u00e9rmino de la primera semana de junio, mientras que el Ministerio garantizar\u00e1 la vinculaci\u00f3n de los nuevos docentes con base en lo que arroje el estudio t\u00e9cnico, y a definir la viabilidad en el t\u00e9rmino de un mes, a partir de la fecha de haberse aprobado el estudio.<\/p>\n<p style=\"text-align: justify;\">El Gobernador encargado Wilinton Rodr\u00edguez Benavidez propuso que se incremente en un 10 por ciento el presupuesto para vinculaci\u00f3n de personal para los servicios y gastos administrativos, ante lo cual se acord\u00f3 con el Ministerio de Educaci\u00f3n realizar la gesti\u00f3n ante el Ministerio de Hacienda y se plante\u00f3 realizar una mesa de seguimiento a los acuerdos entre el 24 y el 29 de julio, la cual se programar\u00e1 en Saravena con la presencia de la ministra de Educaci\u00f3n o en su defecto el viceministro de educaci\u00f3n preescolar b\u00e1sica y media y la comisi\u00f3n negociadora.<\/p>\n<p>[\/et_pb_text][\/et_pb_column][\/et_pb_row][et_pb_row _builder_version=\u00bb4.21.0&#8243; _module_preset=\u00bbdefault\u00bb theme_builder_area=\u00bbpost_content\u00bb][et_pb_column _builder_version=\u00bb4.21.0&#8243; _module_preset=\u00bbdefault\u00bb type=\u00bb4_4&#8243; theme_builder_area=\u00bbpost_content\u00bb][et_pb_image src=\u00bbhttps:\/\/www.sedarauca.edu.co\/wp-content\/uploads\/2023\/05\/2023_PAE_ministerio-de-educacion_bogota_2.jpg\u00bb _builder_version=\u00bb4.21.0&#8243; _module_preset=\u00bbdefault\u00bb theme_builder_area=\u00bbpost_content\u00bb title_text=\u00bb2023_PAE_ministerio-de-educacion_bogota_2&#8243; hover_enabled=\u00bb0&#8243; sticky_enabled=\u00bb0&#8243;][\/et_pb_image][\/et_pb_column][\/et_pb_row][et_pb_row _builder_version=\u00bb4.21.0&#8243; _module_preset=\u00bbdefault\u00bb theme_builder_area=\u00bbpost_content\u00bb][et_pb_column _builder_version=\u00bb4.21.0&#8243; _module_preset=\u00bbdefault\u00bb type=\u00bb4_4&#8243; theme_builder_area=\u00bbpost_content\u00bb][et_pb_text _builder_version=\u00bb4.21.0&#8243; _module_preset=\u00bbdefault\u00bb theme_builder_area=\u00bbpost_content\u00bb hover_enabled=\u00bb0&#8243; sticky_enabled=\u00bb0&#8243;]<\/p>\n<p style=\"text-align: justify;\">Y en cuanto al PAE se focalizaron 3.616 estudiantes para llegar al 100 por ciento de la cobertura en la zona rural y 4000 cupos en la zona urbana despu\u00e9s de las vacaciones de mitad de a\u00f1o, para lo cual la Unidad de Alimentaci\u00f3n Escolar se comprometi\u00f3 a incorporar a la entidad territorial certificada en el piloto para la implementaci\u00f3n del modelo de alimentaci\u00f3n escolar que permita viabilizar la atenci\u00f3n a trav\u00e9s de las asociaciones de padres y o de las juntas de acci\u00f3n comunal.<\/p>\n<p style=\"text-align: justify;\">El mandatario seccional reafirma as\u00ed su compromiso para garantizar el derecho a la educaci\u00f3n con calidad de todas las ni\u00f1as, ni\u00f1os, adolescentes y j\u00f3venes del territorio araucano.<\/p>\n<p>[\/et_pb_text][\/et_pb_column][\/et_pb_row][et_pb_row _builder_version=\u00bb4.21.0&#8243; _module_preset=\u00bbdefault\u00bb theme_builder_area=\u00bbpost_content\u00bb][et_pb_column _builder_version=\u00bb4.21.0&#8243; _module_preset=\u00bbdefault\u00bb type=\u00bb4_4&#8243; theme_builder_area=\u00bbpost_content\u00bb][et_pb_video src=\u00bbhttps:\/\/youtu.be\/1oqyOaielaA\u00bb _builder_version=\u00bb4.21.0&#8243; _module_preset=\u00bbdefault\u00bb theme_builder_area=\u00bbpost_content\u00bb hover_enabled=\u00bb0&#8243; sticky_enabled=\u00bb0&#8243;][\/et_pb_video][\/et_pb_column][\/et_pb_row][\/et_pb_section]<\/p>\n","protected":false},"excerpt":{"rendered":"<p>Gobernador reafirma compromiso de garantizar el derecho a la educaci\u00f3n con calidad de todas las ni\u00f1as, ni\u00f1os, adolescentes y j\u00f3venes del Departamento.Arauca, 18 de mayo de 2023.- Con la firma de un acuerdo entre las partes, se dio un avance significativo para superar la problem\u00e1tica y garantizar la normalidad en el sector educativo, en desarrollo [&hellip;]<\/p>\n","protected":false},"author":1,"featured_media":6020,"comment_status":"closed","ping_status":"closed","sticky":false,"template":"","format":"standard","meta":{"_et_pb_use_builder":"on","_et_pb_old_content":"","_et_gb_content_width":"","footnotes":""},"categories":[42,6],"tags":[],"class_list":["post-6018","post","type-post","status-publish","format-standard","has-post-thumbnail","hentry","category-men","category-noticias"],"_links":{"self":[{"href":"https:\/\/www.sedarauca.edu.co\/index.php\/wp-json\/wp\/v2\/posts\/6018","targetHints":{"allow":["GET"]}}],"collection":[{"href":"https:\/\/www.sedarauca.edu.co\/index.php\/wp-json\/wp\/v2\/posts"}],"about":[{"href":"https:\/\/www.sedarauca.edu.co\/index.php\/wp-json\/wp\/v2\/types\/post"}],"author":[{"embeddable":true,"href":"https:\/\/www.sedarauca.edu.co\/index.php\/wp-json\/wp\/v2\/users\/1"}],"replies":[{"embeddable":true,"href":"https:\/\/www.sedarauca.edu.co\/index.php\/wp-json\/wp\/v2\/comments?post=6018"}],"version-history":[{"count":3,"href":"https:\/\/www.sedarauca.edu.co\/index.php\/wp-json\/wp\/v2\/posts\/6018\/revisions"}],"predecessor-version":[{"id":6027,"href":"https:\/\/www.sedarauca.edu.co\/index.php\/wp-json\/wp\/v2\/posts\/6018\/revisions\/6027"}],"wp:featuredmedia":[{"embeddable":true,"href":"https:\/\/www.sedarauca.edu.co\/index.php\/wp-json\/wp\/v2\/media\/6020"}],"wp:attachment":[{"href":"https:\/\/www.sedarauca.edu.co\/index.php\/wp-json\/wp\/v2\/media?parent=6018"}],"wp:term":[{"taxonomy":"category","embeddable":true,"href":"https:\/\/www.sedarauca.edu.co\/index.php\/wp-json\/wp\/v2\/categories?post=6018"},{"taxonomy":"post_tag","embeddable":true,"href":"https:\/\/www.sedarauca.edu.co\/index.php\/wp-json\/wp\/v2\/tags?post=6018"}],"curies":[{"name":"wp","href":"https:\/\/api.w.org\/{rel}","templated":true}]}}