{"id":5983,"date":"2023-05-16T10:33:00","date_gmt":"2023-05-16T15:33:00","guid":{"rendered":"https:\/\/www.sedarauca.edu.co\/?p=5983"},"modified":"2023-05-16T14:41:11","modified_gmt":"2023-05-16T19:41:11","slug":"convocatoria-interna-para-proveer-en-encargo-la-direccion-de-calidad-educativa","status":"publish","type":"post","link":"https:\/\/www.sedarauca.edu.co\/index.php\/2023\/05\/16\/convocatoria-interna-para-proveer-en-encargo-la-direccion-de-calidad-educativa\/","title":{"rendered":"<strong>Convocatoria interna para proveer en encargo la Direcci\u00f3n de Calidad Educativa\u00a0<\/strong>"},"content":{"rendered":"<p>[et_pb_section fb_built=\u00bb1&#8243; theme_builder_area=\u00bbpost_content\u00bb _builder_version=\u00bb4.21.0&#8243; _module_preset=\u00bbdefault\u00bb][et_pb_row _builder_version=\u00bb4.21.0&#8243; _module_preset=\u00bbdefault\u00bb theme_builder_area=\u00bbpost_content\u00bb][et_pb_column _builder_version=\u00bb4.21.0&#8243; _module_preset=\u00bbdefault\u00bb type=\u00bb4_4&#8243; theme_builder_area=\u00bbpost_content\u00bb][et_pb_text _builder_version=\u00bb4.21.0&#8243; _module_preset=\u00bbdefault\u00bb theme_builder_area=\u00bbpost_content\u00bb custom_margin=\u00bb-60px||||false|false\u00bb hover_enabled=\u00bb0&#8243; sticky_enabled=\u00bb0&#8243;]<\/p>\n<p class=\"x_MsoNormal\" style=\"text-align: justify;\"><b><span class=\"x_ContentPasted1\">Arauca, 16 de mayo de 2023.\u00a0<\/span><\/b><span class=\"x_ContentPasted1\">A trav\u00e9s de la convocatoria laboral interna No. 013 de 2023 la Secretar\u00eda de Educaci\u00f3n Departamental est\u00e1 ofertando a los servidores p\u00fablicos (administrativos) de los establecimientos educativos del departamento de Arauca adscritos a la Secretar\u00eda de Educaci\u00f3n Departamental y de la Gobernaci\u00f3n de Arauca, bajo la figura de encargo el cargo de<span>\u00a0<\/span><\/span><span class=\"x_ContentPasted1\">Profesional Especializado C\u00f3digo 222, Grado 04, de la planta de cargos de la Secretar\u00eda de Educaci\u00f3n Departamental de Arauca, Nivel Central, Financiada con Recursos del Sistema General de Participaciones \u2014 Educaci\u00f3n.<\/span><span>\u00a0<\/span><\/p>\n<p class=\"x_MsoNormal\" style=\"text-align: justify;\"><span class=\"x_ContentPasted1\">El prop\u00f3sito principal del cargo es promover la utilizaci\u00f3n de los resultados de las pruebas SABER e ICFES, de las evaluaciones a docentes y directivos como insumos para la elaboraci\u00f3n y perfeccionamiento de los planes de mejoramiento, propendiendo por la calidad del servicio educativo que prestan los establecimientos educativos oficiales y no oficiales; dise\u00f1ar y ejecutar programas de formaci\u00f3n y actualizaci\u00f3n permanente de Docentes y Directivos Docentes; promover la articulaci\u00f3n de los niveles educativos; y el fortalecimiento de experiencias significativas.\u00a0<\/span><\/p>\n<p class=\"x_MsoNormal\" style=\"text-align: justify;\"><span class=\"x_ContentPasted1\">Consulte los detalles y requisitos de la convocatoria en www.sedarauca.edu.co<\/span><span>\u00a0<\/span><\/p>\n<p>[\/et_pb_text][et_pb_code _builder_version=\u00bb4.21.0&#8243; _module_preset=\u00bbdefault\u00bb theme_builder_area=\u00bbpost_content\u00bb hover_enabled=\u00bb0&#8243; sticky_enabled=\u00bb0&#8243;]<a href=\"https:\/\/www.sedarauca.edu.co\/wp-content\/uploads\/2023\/05\/Convocatoria-Numero-013-de-2023.pdf\" class=\"pdfemb-viewer\" style=\"\" data-width=\"max\" data-height=\"max\" data-toolbar=\"bottom\" data-toolbar-fixed=\"on\">Convocatoria-Numero-013-de-2023<\/a>[\/et_pb_code][\/et_pb_column][\/et_pb_row][et_pb_row _builder_version=\u00bb4.21.0&#8243; _module_preset=\u00bbdefault\u00bb theme_builder_area=\u00bbpost_content\u00bb custom_margin=\u00bb-20px||||false|false\u00bb hover_enabled=\u00bb0&#8243; sticky_enabled=\u00bb0&#8243;][et_pb_column _builder_version=\u00bb4.21.0&#8243; _module_preset=\u00bbdefault\u00bb type=\u00bb4_4&#8243; theme_builder_area=\u00bbpost_content\u00bb][et_pb_button button_text=\u00bbDescargar Convocatoria Interna 013 de 2023&#8243; _builder_version=\u00bb4.21.0&#8243; _module_preset=\u00bbdefault\u00bb theme_builder_area=\u00bbpost_content\u00bb custom_button=\u00bbon\u00bb button_text_color=\u00bb#FFFFFF\u00bb button_bg_color=\u00bb#0C71C3&#8243; button_bg_enable_color=\u00bbon\u00bb button_alignment=\u00bbcenter\u00bb button_border_radius=\u00bb30px\u00bb button_icon=\u00bb&#xf1c1;||fa||900&#8243; url_new_window=\u00bbon\u00bb button_url=\u00bbhttps:\/\/www.sedarauca.edu.co\/wp-content\/uploads\/2023\/05\/Convocatoria-Numero-013-de-2023.pdf\u00bb hover_enabled=\u00bb0&#8243; sticky_enabled=\u00bb0&#8243;][\/et_pb_button][\/et_pb_column][\/et_pb_row][\/et_pb_section]<\/p>\n","protected":false},"excerpt":{"rendered":"<p>Arauca, 16 de mayo de 2023.\u00a0A trav\u00e9s de la convocatoria laboral interna No. 013 de 2023 la Secretar\u00eda de Educaci\u00f3n Departamental est\u00e1 ofertando a los servidores p\u00fablicos (administrativos) de los establecimientos educativos del departamento de Arauca adscritos a la Secretar\u00eda de Educaci\u00f3n Departamental y de la Gobernaci\u00f3n de Arauca, bajo la figura de encargo el [&hellip;]<\/p>\n","protected":false},"author":1,"featured_media":5985,"comment_status":"closed","ping_status":"closed","sticky":false,"template":"","format":"standard","meta":{"_et_pb_use_builder":"on","_et_pb_old_content":"","_et_gb_content_width":"","footnotes":""},"categories":[7,25],"tags":[],"class_list":["post-5983","post","type-post","status-publish","format-standard","has-post-thumbnail","hentry","category-convocatoria","category-publicacion"],"_links":{"self":[{"href":"https:\/\/www.sedarauca.edu.co\/index.php\/wp-json\/wp\/v2\/posts\/5983","targetHints":{"allow":["GET"]}}],"collection":[{"href":"https:\/\/www.sedarauca.edu.co\/index.php\/wp-json\/wp\/v2\/posts"}],"about":[{"href":"https:\/\/www.sedarauca.edu.co\/index.php\/wp-json\/wp\/v2\/types\/post"}],"author":[{"embeddable":true,"href":"https:\/\/www.sedarauca.edu.co\/index.php\/wp-json\/wp\/v2\/users\/1"}],"replies":[{"embeddable":true,"href":"https:\/\/www.sedarauca.edu.co\/index.php\/wp-json\/wp\/v2\/comments?post=5983"}],"version-history":[{"count":3,"href":"https:\/\/www.sedarauca.edu.co\/index.php\/wp-json\/wp\/v2\/posts\/5983\/revisions"}],"predecessor-version":[{"id":5990,"href":"https:\/\/www.sedarauca.edu.co\/index.php\/wp-json\/wp\/v2\/posts\/5983\/revisions\/5990"}],"wp:featuredmedia":[{"embeddable":true,"href":"https:\/\/www.sedarauca.edu.co\/index.php\/wp-json\/wp\/v2\/media\/5985"}],"wp:attachment":[{"href":"https:\/\/www.sedarauca.edu.co\/index.php\/wp-json\/wp\/v2\/media?parent=5983"}],"wp:term":[{"taxonomy":"category","embeddable":true,"href":"https:\/\/www.sedarauca.edu.co\/index.php\/wp-json\/wp\/v2\/categories?post=5983"},{"taxonomy":"post_tag","embeddable":true,"href":"https:\/\/www.sedarauca.edu.co\/index.php\/wp-json\/wp\/v2\/tags?post=5983"}],"curies":[{"name":"wp","href":"https:\/\/api.w.org\/{rel}","templated":true}]}}