{"id":5900,"date":"2023-05-15T18:30:00","date_gmt":"2023-05-15T23:30:00","guid":{"rendered":"https:\/\/www.sedarauca.edu.co\/?p=5900"},"modified":"2023-05-15T19:08:29","modified_gmt":"2023-05-16T00:08:29","slug":"gobernacion-de-arauca-confirma-que-el-23-de-mayo-se-pondra-en-marcha-el-servicio-de-transporte-escolar-rural","status":"publish","type":"post","link":"https:\/\/www.sedarauca.edu.co\/index.php\/2023\/05\/15\/gobernacion-de-arauca-confirma-que-el-23-de-mayo-se-pondra-en-marcha-el-servicio-de-transporte-escolar-rural\/","title":{"rendered":"<strong>Gobernaci\u00f3n de Arauca confirma que el 23 de mayo se pondr\u00e1 en marcha el servicio de transporte escolar rural<\/strong>"},"content":{"rendered":"<p>[et_pb_section fb_built=\u00bb1&#8243; theme_builder_area=\u00bbpost_content\u00bb _builder_version=\u00bb4.21.0&#8243; _module_preset=\u00bbdefault\u00bb][et_pb_row _builder_version=\u00bb4.21.0&#8243; _module_preset=\u00bbdefault\u00bb theme_builder_area=\u00bbpost_content\u00bb custom_margin=\u00bb-60px||||false|false\u00bb hover_enabled=\u00bb0&#8243; sticky_enabled=\u00bb0&#8243;][et_pb_column _builder_version=\u00bb4.21.0&#8243; _module_preset=\u00bbdefault\u00bb type=\u00bb4_4&#8243; theme_builder_area=\u00bbpost_content\u00bb][et_pb_text _builder_version=\u00bb4.21.0&#8243; _module_preset=\u00bbdefault\u00bb theme_builder_area=\u00bbpost_content\u00bb hover_enabled=\u00bb0&#8243; sticky_enabled=\u00bb0&#8243;]<\/p>\n<p style=\"text-align: center;\"><em>\u2022 Con una inversi\u00f3n de $ 40.718.014.005, el Gobierno departamental \u201cConstruyendo Futuro\u201d pondr\u00e1 en marcha las rutas escolares para estudiantes de la zona rural.<\/em><\/p>\n<p style=\"text-align: center;\"><em>\u2022 El contrato contempla la prestaci\u00f3n del servicio durante 165 d\u00edas calendario escolar, lo cual abarca hasta el primer trimestre del 2024.<\/em><\/p>\n<p style=\"text-align: center;\"><em>\u2022 M\u00e1s de mil empleos directos e indirectos relacionados con el sector transporte se generar\u00e1n en todo el Departamento, a trav\u00e9s de la operaci\u00f3n del programa de transporte escolar.<\/em><\/p>\n<p>[\/et_pb_text][\/et_pb_column][\/et_pb_row][et_pb_row _builder_version=\u00bb4.21.0&#8243; _module_preset=\u00bbdefault\u00bb theme_builder_area=\u00bbpost_content\u00bb][et_pb_column _builder_version=\u00bb4.21.0&#8243; _module_preset=\u00bbdefault\u00bb type=\u00bb4_4&#8243; theme_builder_area=\u00bbpost_content\u00bb][et_pb_text _builder_version=\u00bb4.21.0&#8243; _module_preset=\u00bbdefault\u00bb theme_builder_area=\u00bbpost_content\u00bb hover_enabled=\u00bb0&#8243; sticky_enabled=\u00bb0&#8243;]<\/p>\n<p style=\"text-align: justify;\"><strong>Arauca, 15 de mayo de 2023.<\/strong> Con la suscripci\u00f3n del contrato n\u00famero 235 del 15 de mayo de 2023, que tiene por objeto la prestaci\u00f3n del servicio de transporte escolar para facilitar el acceso y permanencia en el sistema educativo a los ni\u00f1os, ni\u00f1as y adolescentes matriculados en los establecimientos educativos oficiales del departamento de Arauca, el Gobierno Departamental garantizar\u00e1 el servicio por 165 d\u00edas calendario escolar.<\/p>\n<p style=\"text-align: justify;\">En esta ocasi\u00f3n, el servicio de transporte escolar llegar\u00e1 a 50 establecimientos educativos oficiales, mediante 251 rutas, de las cuales 231 son terrestres y 20 fluviales, lo que permitir\u00e1 garantizar el acceso y permanencia de 9.719 estudiantes al sistema educativo durante lo que resta del a\u00f1o lectivo 2023 y hasta el primer trimestre del 2024, garantizando as\u00ed que haya transporte escolar hasta el \u00faltimo d\u00eda escolar del 2023 y desde el primer d\u00eda de clases del 2024.<\/p>\n<p>[\/et_pb_text][\/et_pb_column][\/et_pb_row][et_pb_row _builder_version=\u00bb4.21.0&#8243; _module_preset=\u00bbdefault\u00bb theme_builder_area=\u00bbpost_content\u00bb][et_pb_column _builder_version=\u00bb4.21.0&#8243; _module_preset=\u00bbdefault\u00bb type=\u00bb4_4&#8243; theme_builder_area=\u00bbpost_content\u00bb][et_pb_image src=\u00bbhttps:\/\/www.sedarauca.edu.co\/wp-content\/uploads\/2023\/05\/WhatsApp-Image-2023-05-15-at-18.44.00-1.jpeg\u00bb _builder_version=\u00bb4.21.0&#8243; _module_preset=\u00bbdefault\u00bb theme_builder_area=\u00bbpost_content\u00bb title_text=\u00bbWhatsApp Image 2023-05-15 at 18.44.00 (1)\u00bb hover_enabled=\u00bb0&#8243; sticky_enabled=\u00bb0&#8243;][\/et_pb_image][\/et_pb_column][\/et_pb_row][et_pb_row _builder_version=\u00bb4.21.0&#8243; _module_preset=\u00bbdefault\u00bb theme_builder_area=\u00bbpost_content\u00bb][et_pb_column _builder_version=\u00bb4.21.0&#8243; _module_preset=\u00bbdefault\u00bb type=\u00bb4_4&#8243; theme_builder_area=\u00bbpost_content\u00bb][et_pb_text _builder_version=\u00bb4.21.0&#8243; _module_preset=\u00bbdefault\u00bb theme_builder_area=\u00bbpost_content\u00bb hover_enabled=\u00bb0&#8243; sticky_enabled=\u00bb0&#8243;]<\/p>\n<p style=\"text-align: justify;\">\u201cEstamos dando cumplimiento a los compromisos que hemos adquirido con la comunidad educativa nuestro mayor compromiso es ser garantes de los derechos de los estudiantes y lo que le manifestamos a la comunidad es una realidad, desde que llegamos al gobierno Departamental venimos trabajando en este proceso\u201d, expres\u00f3 el gobernador de Arauca Wilinton Rodr\u00edguez Benavidez.<\/p>\n<p style=\"text-align: justify;\">Con la puesta en marcha del transporte escolar no solo se beneficia a la poblaci\u00f3n estudiantil, tambi\u00e9n se aporta a la reactivaci\u00f3n econ\u00f3mica del sector transporte, ya que, a trav\u00e9s de ese contrato, se generan alrededor de 650 empleos directos y m\u00e1s de 500 indirectos en los siete municipios del Departamento.<\/p>\n<p style=\"text-align: justify;\">Durante esta semana la Administraci\u00f3n Departamental a trav\u00e9s de la Secretar\u00eda de Educaci\u00f3n Departamental y el operador seleccionado adelantar\u00e1n todos los tr\u00e1mites de legalizaci\u00f3n del contrato para dar inicio a la prestaci\u00f3n del servicio cumpliendo con todos los requisitos de calidad, por lo que se tiene previsto que las rutas escolares enciendan sus motores a partir del 23 de mayo de 2023.<\/p>\n<p>[\/et_pb_text][\/et_pb_column][\/et_pb_row][\/et_pb_section]<\/p>\n","protected":false},"excerpt":{"rendered":"<p>\u2022 Con una inversi\u00f3n de $ 40.718.014.005, el Gobierno departamental \u201cConstruyendo Futuro\u201d pondr\u00e1 en marcha las rutas escolares para estudiantes de la zona rural. \u2022 El contrato contempla la prestaci\u00f3n del servicio durante 165 d\u00edas calendario escolar, lo cual abarca hasta el primer trimestre del 2024. \u2022 M\u00e1s de mil empleos directos e indirectos relacionados [&hellip;]<\/p>\n","protected":false},"author":1,"featured_media":5901,"comment_status":"closed","ping_status":"closed","sticky":false,"template":"","format":"standard","meta":{"_et_pb_use_builder":"on","_et_pb_old_content":"","_et_gb_content_width":"","footnotes":""},"categories":[6,39],"tags":[],"class_list":["post-5900","post","type-post","status-publish","format-standard","has-post-thumbnail","hentry","category-noticias","category-transporte-escolar"],"_links":{"self":[{"href":"https:\/\/www.sedarauca.edu.co\/index.php\/wp-json\/wp\/v2\/posts\/5900","targetHints":{"allow":["GET"]}}],"collection":[{"href":"https:\/\/www.sedarauca.edu.co\/index.php\/wp-json\/wp\/v2\/posts"}],"about":[{"href":"https:\/\/www.sedarauca.edu.co\/index.php\/wp-json\/wp\/v2\/types\/post"}],"author":[{"embeddable":true,"href":"https:\/\/www.sedarauca.edu.co\/index.php\/wp-json\/wp\/v2\/users\/1"}],"replies":[{"embeddable":true,"href":"https:\/\/www.sedarauca.edu.co\/index.php\/wp-json\/wp\/v2\/comments?post=5900"}],"version-history":[{"count":3,"href":"https:\/\/www.sedarauca.edu.co\/index.php\/wp-json\/wp\/v2\/posts\/5900\/revisions"}],"predecessor-version":[{"id":5905,"href":"https:\/\/www.sedarauca.edu.co\/index.php\/wp-json\/wp\/v2\/posts\/5900\/revisions\/5905"}],"wp:featuredmedia":[{"embeddable":true,"href":"https:\/\/www.sedarauca.edu.co\/index.php\/wp-json\/wp\/v2\/media\/5901"}],"wp:attachment":[{"href":"https:\/\/www.sedarauca.edu.co\/index.php\/wp-json\/wp\/v2\/media?parent=5900"}],"wp:term":[{"taxonomy":"category","embeddable":true,"href":"https:\/\/www.sedarauca.edu.co\/index.php\/wp-json\/wp\/v2\/categories?post=5900"},{"taxonomy":"post_tag","embeddable":true,"href":"https:\/\/www.sedarauca.edu.co\/index.php\/wp-json\/wp\/v2\/tags?post=5900"}],"curies":[{"name":"wp","href":"https:\/\/api.w.org\/{rel}","templated":true}]}}