{"id":5892,"date":"2023-05-15T17:42:00","date_gmt":"2023-05-15T22:42:00","guid":{"rendered":"https:\/\/www.sedarauca.edu.co\/?p=5892"},"modified":"2023-05-16T12:29:13","modified_gmt":"2023-05-16T17:29:13","slug":"secretaria-de-educacion-departamental-de-arauca-emite-orientaciones-para-la-semana-de-flexibilizacion-academica","status":"publish","type":"post","link":"https:\/\/www.sedarauca.edu.co\/index.php\/2023\/05\/15\/secretaria-de-educacion-departamental-de-arauca-emite-orientaciones-para-la-semana-de-flexibilizacion-academica\/","title":{"rendered":"<strong>Secretar\u00eda de Educaci\u00f3n Departamental de Arauca emite orientaciones para la semana de flexibilizaci\u00f3n acad\u00e9mica<\/strong>"},"content":{"rendered":"<p>[et_pb_section fb_built=\u00bb1&#8243; _builder_version=\u00bb4.21.0&#8243; _module_preset=\u00bbdefault\u00bb global_colors_info=\u00bb{}\u00bb][et_pb_row _builder_version=\u00bb4.21.0&#8243; _module_preset=\u00bbdefault\u00bb global_colors_info=\u00bb{}\u00bb][et_pb_column type=\u00bb4_4&#8243; _builder_version=\u00bb4.21.0&#8243; _module_preset=\u00bbdefault\u00bb global_colors_info=\u00bb{}\u00bb][et_pb_text _builder_version=\u00bb4.21.0&#8243; _module_preset=\u00bbdefault\u00bb custom_margin=\u00bb-60px||||false|false\u00bb global_colors_info=\u00bb{}\u00bb]<\/p>\n<p style=\"text-align: center;\"><i>Esta medida se estableci\u00f3 como resultado de la \u00abMesa de concertaci\u00f3n y di\u00e1logo por la vida\u00bb, llevada a cabo el pasado s\u00e1bado 13 de mayo de 2023 en el municipio de Arauca.<\/i><\/p>\n<p>[\/et_pb_text][\/et_pb_column][\/et_pb_row][et_pb_row _builder_version=\u00bb4.21.0&#8243; _module_preset=\u00bbdefault\u00bb global_colors_info=\u00bb{}\u00bb][et_pb_column type=\u00bb4_4&#8243; _builder_version=\u00bb4.21.0&#8243; _module_preset=\u00bbdefault\u00bb global_colors_info=\u00bb{}\u00bb][et_pb_text _builder_version=\u00bb4.21.0&#8243; _module_preset=\u00bbdefault\u00bb global_colors_info=\u00bb{}\u00bb]<\/p>\n<p style=\"text-align: justify;\"><strong>Arauca, 15 de mayo de 2023.\u00a0<\/strong>La Secretar\u00eda de Educaci\u00f3n Departamental de Arauca emiti\u00f3 una serie de orientaciones para la semana de flexibilizaci\u00f3n acad\u00e9mica en los establecimientos educativos que se han visto afectados por la falta de servicio de transporte escolar rural. Esta medida se estableci\u00f3 como resultado de la \u00abMesa de concertaci\u00f3n y di\u00e1logo por la vida\u00bb, llevada a cabo el s\u00e1bado 13 de mayo de 2023, en la cual participaron el Ministerio de Educaci\u00f3n Nacional, las autoridades locales, y los voceros de la comunidad educativa.<\/p>\n<p style=\"text-align: justify;\">Uno de los acuerdos de dicha Mesa es que en la semana del 15 al 19 de mayo de 2023 se llevar\u00eda a cabo una flexibilizaci\u00f3n acad\u00e9mica en las instituciones educativas que presenten dificultades para que sus estudiantes asistan a clases presenciales debido a la falta de transporte escolar rural.<\/p>\n<p style=\"text-align: justify;\">Para garantizar las herramientas adecuadas para el desarrollo de actividades escolares bajo la metodolog\u00eda de trabajo en casa, el Comit\u00e9 T\u00e9cnico Territorial de Gesti\u00f3n Integral del Riesgo Escolar (GIRE) se reuni\u00f3 de manera extraordinaria el 15 de mayo para articular acciones interinstitucionales que brinden apoyo y asistencia a los establecimientos educativos afectados por el transporte escolar rural.<\/p>\n<p>[\/et_pb_text][\/et_pb_column][\/et_pb_row][et_pb_row _builder_version=\u00bb4.21.0&#8243; _module_preset=\u00bbdefault\u00bb hover_enabled=\u00bb0&#8243; global_colors_info=\u00bb{}\u00bb sticky_enabled=\u00bb0&#8243;][et_pb_column type=\u00bb4_4&#8243; _builder_version=\u00bb4.21.0&#8243; _module_preset=\u00bbdefault\u00bb global_colors_info=\u00bb{}\u00bb][et_pb_image src=\u00bbhttps:\/\/www.sedarauca.edu.co\/wp-content\/uploads\/2023\/05\/SemanaFlexible2023-DestacDef.jpg\u00bb title_text=\u00bbSemanaFlexible2023-DestacDef\u00bb _builder_version=\u00bb4.21.0&#8243; _module_preset=\u00bbdefault\u00bb hover_enabled=\u00bb0&#8243; global_colors_info=\u00bb{}\u00bb sticky_enabled=\u00bb0&#8243;][\/et_pb_image][\/et_pb_column][\/et_pb_row][et_pb_row _builder_version=\u00bb4.21.0&#8243; _module_preset=\u00bbdefault\u00bb global_colors_info=\u00bb{}\u00bb][et_pb_column type=\u00bb4_4&#8243; _builder_version=\u00bb4.21.0&#8243; _module_preset=\u00bbdefault\u00bb global_colors_info=\u00bb{}\u00bb][et_pb_text _builder_version=\u00bb4.21.0&#8243; _module_preset=\u00bbdefault\u00bb global_colors_info=\u00bb{}\u00bb]<\/p>\n<p style=\"text-align: justify;\">Como resultado de esa reuni\u00f3n, se determin\u00f3 que se brindar\u00e1 apoyo con material impreso a aquellos establecimientos cuyos estudiantes tengan dificultades de acceso por transporte escolar rural, para que puedan llevar a cabo actividades acad\u00e9micas utilizando metodolog\u00edas flexibles y con apoyo pedag\u00f3gico.<\/p>\n<p style=\"text-align: justify;\">Para tal fin, la Secretar\u00eda de Educaci\u00f3n Departamental emiti\u00f3 la Circular No. 138 de 2023 con las orientaciones para la prestaci\u00f3n del servicio educativo de manera flexible en la semana del 15 al 19 de mayo de 2023, y se envi\u00f3 a los rectores de las instituciones educativas para su conocimiento y fines pertinentes. Con esta medida, se busca garantizar que todos los estudiantes tengan la oportunidad de continuar con su<\/p>\n<p>[\/et_pb_text][\/et_pb_column][\/et_pb_row][\/et_pb_section]<\/p>\n","protected":false},"excerpt":{"rendered":"<p>Esta medida se estableci\u00f3 como resultado de la \u00abMesa de concertaci\u00f3n y di\u00e1logo por la vida\u00bb, llevada a cabo el pasado s\u00e1bado 13 de mayo de 2023 en el municipio de Arauca.Arauca, 15 de mayo de 2023.\u00a0La Secretar\u00eda de Educaci\u00f3n Departamental de Arauca emiti\u00f3 una serie de orientaciones para la semana de flexibilizaci\u00f3n acad\u00e9mica en [&hellip;]<\/p>\n","protected":false},"author":1,"featured_media":5895,"comment_status":"closed","ping_status":"closed","sticky":false,"template":"","format":"standard","meta":{"_et_pb_use_builder":"on","_et_pb_old_content":"","_et_gb_content_width":"","footnotes":""},"categories":[21,43,6],"tags":[],"class_list":["post-5892","post","type-post","status-publish","format-standard","has-post-thumbnail","hentry","category-boletin","category-circular","category-noticias"],"_links":{"self":[{"href":"https:\/\/www.sedarauca.edu.co\/index.php\/wp-json\/wp\/v2\/posts\/5892","targetHints":{"allow":["GET"]}}],"collection":[{"href":"https:\/\/www.sedarauca.edu.co\/index.php\/wp-json\/wp\/v2\/posts"}],"about":[{"href":"https:\/\/www.sedarauca.edu.co\/index.php\/wp-json\/wp\/v2\/types\/post"}],"author":[{"embeddable":true,"href":"https:\/\/www.sedarauca.edu.co\/index.php\/wp-json\/wp\/v2\/users\/1"}],"replies":[{"embeddable":true,"href":"https:\/\/www.sedarauca.edu.co\/index.php\/wp-json\/wp\/v2\/comments?post=5892"}],"version-history":[{"count":4,"href":"https:\/\/www.sedarauca.edu.co\/index.php\/wp-json\/wp\/v2\/posts\/5892\/revisions"}],"predecessor-version":[{"id":5976,"href":"https:\/\/www.sedarauca.edu.co\/index.php\/wp-json\/wp\/v2\/posts\/5892\/revisions\/5976"}],"wp:featuredmedia":[{"embeddable":true,"href":"https:\/\/www.sedarauca.edu.co\/index.php\/wp-json\/wp\/v2\/media\/5895"}],"wp:attachment":[{"href":"https:\/\/www.sedarauca.edu.co\/index.php\/wp-json\/wp\/v2\/media?parent=5892"}],"wp:term":[{"taxonomy":"category","embeddable":true,"href":"https:\/\/www.sedarauca.edu.co\/index.php\/wp-json\/wp\/v2\/categories?post=5892"},{"taxonomy":"post_tag","embeddable":true,"href":"https:\/\/www.sedarauca.edu.co\/index.php\/wp-json\/wp\/v2\/tags?post=5892"}],"curies":[{"name":"wp","href":"https:\/\/api.w.org\/{rel}","templated":true}]}}