{"id":5879,"date":"2023-05-14T12:09:00","date_gmt":"2023-05-14T17:09:00","guid":{"rendered":"https:\/\/www.sedarauca.edu.co\/?p=5879"},"modified":"2023-05-16T08:23:19","modified_gmt":"2023-05-16T13:23:19","slug":"ministerio-de-educacion-instalo-mesa-de-concertacion-y-dialogo-por-la-vida-en-arauca","status":"publish","type":"post","link":"https:\/\/www.sedarauca.edu.co\/index.php\/2023\/05\/14\/ministerio-de-educacion-instalo-mesa-de-concertacion-y-dialogo-por-la-vida-en-arauca\/","title":{"rendered":"<strong>Ministerio de Educaci\u00f3n instal\u00f3 \u2018Mesa de concertaci\u00f3n y di\u00e1logo por la vida\u2019 en Arauca<\/strong>"},"content":{"rendered":"<p>[et_pb_section fb_built=\u00bb1&#8243; _builder_version=\u00bb4.21.0&#8243; _module_preset=\u00bbdefault\u00bb global_colors_info=\u00bb{}\u00bb][et_pb_row _builder_version=\u00bb4.21.0&#8243; _module_preset=\u00bbdefault\u00bb global_colors_info=\u00bb{}\u00bb][et_pb_column type=\u00bb4_4&#8243; _builder_version=\u00bb4.21.0&#8243; _module_preset=\u00bbdefault\u00bb global_colors_info=\u00bb{}\u00bb][et_pb_text _builder_version=\u00bb4.21.0&#8243; _module_preset=\u00bbdefault\u00bb custom_margin=\u00bb-60px||||false|false\u00bb global_colors_info=\u00bb{}\u00bb]<\/p>\n<p style=\"text-align: center;\"><em>Gobierno Nacional, autoridades locales, docentes y comunidad educativa de la regi\u00f3n, acordaron el levantamiento de los bloqueos y establecieron el compromiso de seguir avanzando en acuerdos para enfrentar las problem\u00e1ticas del departamento en materia educativa.<\/em><\/p>\n<p>[\/et_pb_text][et_pb_text _builder_version=\u00bb4.21.0&#8243; _module_preset=\u00bbdefault\u00bb global_colors_info=\u00bb{}\u00bb]<\/p>\n<p style=\"text-align: justify;\"><em>Fuente: Ministerio de Educaci\u00f3n Nacional<\/em><\/p>\n<p style=\"text-align: justify;\"><strong>Arauca, 14 de mayo de 2023<\/strong>. La ministra de Educaci\u00f3n, Aurora Vergara Figueroa, y el viceministro \u00d3scar S\u00e1nchez, instalaron el d\u00eda de ayer la &#8216;Mesa de concertaci\u00f3n y di\u00e1logo por la vida&#8217; con el sector educativo de Arauca.<\/p>\n<p style=\"text-align: justify;\">Gracias a esta jornada de di\u00e1logo entre el Gobierno Nacional, a la que asistieron el gobernador (e) de Arauca, Wilinton Rodr\u00edguez Benavidez; el secretario de educaci\u00f3n departamental, Marceliano Guerrero, y directivos del Programa de Alimentaci\u00f3n Escolar- PAE, y del Fondo de Financiamiento de la Infraestructura Educativa- FFIE, la comunidad educativa del departamento decidi\u00f3 levantar los bloqueos para vincularse a una mesa de concertaci\u00f3n encaminada a encontrar soluciones para resolver las problem\u00e1ticas estructurales de la regi\u00f3n en materia educativa.<\/p>\n<p style=\"text-align: justify;\">\u00abLa paz total se consigue trabajando de la mano con los territorios, escuchando sus necesidades y acordando soluciones con la comunidad que permitan ofrecer una educaci\u00f3n de calidad y pertinencia. A trav\u00e9s de la mesa de concertaci\u00f3n y di\u00e1logo queremos garantizarle a los ni\u00f1os, ni\u00f1as, j\u00f3venes, docentes, padres de familia y comunidad educativa del departamento de Arauca que vamos a trabajar para lograr superar los rezagos que por a\u00f1os han tenido en materia educativa\u00bb, afirm\u00f3 la ministra Aurora Vergara Figueroa.<\/p>\n<p>[\/et_pb_text][\/et_pb_column][\/et_pb_row][et_pb_row _builder_version=\u00bb4.21.0&#8243; _module_preset=\u00bbdefault\u00bb global_colors_info=\u00bb{}\u00bb][et_pb_column type=\u00bb4_4&#8243; _builder_version=\u00bb4.21.0&#8243; _module_preset=\u00bbdefault\u00bb global_colors_info=\u00bb{}\u00bb][et_pb_image src=\u00bbhttps:\/\/www.sedarauca.edu.co\/wp-content\/uploads\/2023\/05\/articles-415253_recurso_3.jpg\u00bb title_text=\u00bbarticles-415253_recurso_3&#8243; _builder_version=\u00bb4.21.0&#8243; _module_preset=\u00bbdefault\u00bb global_colors_info=\u00bb{}\u00bb][\/et_pb_image][\/et_pb_column][\/et_pb_row][et_pb_row _builder_version=\u00bb4.21.0&#8243; _module_preset=\u00bbdefault\u00bb global_colors_info=\u00bb{}\u00bb][et_pb_column type=\u00bb4_4&#8243; _builder_version=\u00bb4.21.0&#8243; _module_preset=\u00bbdefault\u00bb global_colors_info=\u00bb{}\u00bb][et_pb_text _builder_version=\u00bb4.21.0&#8243; _module_preset=\u00bbdefault\u00bb global_colors_info=\u00bb{}\u00bb]<\/p>\n<p style=\"text-align: justify;\">La funcionaria asegur\u00f3 que en este primer encuentro en la regi\u00f3n, lograron avanzar en acuerdos como el cubrimiento del 100% de los estudiantes de los sectores rurales en el Programa de Alimentaci\u00f3n Escolar (PAE), y en el aumento de cupos para estudiantes urbanos.<\/p>\n<p style=\"text-align: justify;\">La pr\u00f3xima sesi\u00f3n de la mesa de concertaci\u00f3n y di\u00e1logo con la comunidad educativa de Arauca se realizar\u00e1 el 17 de mayo en la ciudad de Bogot\u00e1. Entre los puntos que se discutir\u00e1n est\u00e1 el de la planta laboral y docente, la apuesta por una educaci\u00f3n intercultural y biling\u00fce para atender a la poblaci\u00f3n ind\u00edgena,<br \/>la infraestructura educativa y el saneamiento b\u00e1sico, el transporte escolar y la Pol\u00edtica de Gratuidad en educaci\u00f3n superior.<\/p>\n<p style=\"text-align: justify;\">\u00abDestacamos el liderazgo que ha tenido la Secretar\u00eda de Educaci\u00f3n de Arauca en este proceso de concertaci\u00f3n y su esfuerzo por aumentar la vinculaci\u00f3n al sistema educativo de aseadores, vigilantes y personal administrativo. En ese sentido, tambi\u00e9n se buscar\u00e1 incrementar el presupuesto para la vinculaci\u00f3n de personal en servicios generales y para gastos administrativos\u00bb, agreg\u00f3 la ministra Vergara.<\/p>\n<p>[\/et_pb_text][\/et_pb_column][\/et_pb_row][et_pb_row _builder_version=\u00bb4.21.0&#8243; _module_preset=\u00bbdefault\u00bb][et_pb_column _builder_version=\u00bb4.21.0&#8243; _module_preset=\u00bbdefault\u00bb type=\u00bb4_4&#8243;][et_pb_video src=\u00bbhttps:\/\/youtu.be\/nDC90a_8-E0&#8243; _builder_version=\u00bb4.21.0&#8243; _module_preset=\u00bbdefault\u00bb hover_enabled=\u00bb0&#8243; sticky_enabled=\u00bb0&#8243;][\/et_pb_video][\/et_pb_column][\/et_pb_row][\/et_pb_section]<\/p>\n","protected":false},"excerpt":{"rendered":"<p>Gobierno Nacional, autoridades locales, docentes y comunidad educativa de la regi\u00f3n, acordaron el levantamiento de los bloqueos y establecieron el compromiso de seguir avanzando en acuerdos para enfrentar las problem\u00e1ticas del departamento en materia educativa.Fuente: Ministerio de Educaci\u00f3n Nacional Arauca, 14 de mayo de 2023. La ministra de Educaci\u00f3n, Aurora Vergara Figueroa, y el viceministro [&hellip;]<\/p>\n","protected":false},"author":1,"featured_media":5884,"comment_status":"closed","ping_status":"closed","sticky":false,"template":"","format":"standard","meta":{"_et_pb_use_builder":"on","_et_pb_old_content":"","_et_gb_content_width":"","footnotes":""},"categories":[42,6],"tags":[],"class_list":["post-5879","post","type-post","status-publish","format-standard","has-post-thumbnail","hentry","category-men","category-noticias"],"_links":{"self":[{"href":"https:\/\/www.sedarauca.edu.co\/index.php\/wp-json\/wp\/v2\/posts\/5879","targetHints":{"allow":["GET"]}}],"collection":[{"href":"https:\/\/www.sedarauca.edu.co\/index.php\/wp-json\/wp\/v2\/posts"}],"about":[{"href":"https:\/\/www.sedarauca.edu.co\/index.php\/wp-json\/wp\/v2\/types\/post"}],"author":[{"embeddable":true,"href":"https:\/\/www.sedarauca.edu.co\/index.php\/wp-json\/wp\/v2\/users\/1"}],"replies":[{"embeddable":true,"href":"https:\/\/www.sedarauca.edu.co\/index.php\/wp-json\/wp\/v2\/comments?post=5879"}],"version-history":[{"count":3,"href":"https:\/\/www.sedarauca.edu.co\/index.php\/wp-json\/wp\/v2\/posts\/5879\/revisions"}],"predecessor-version":[{"id":5924,"href":"https:\/\/www.sedarauca.edu.co\/index.php\/wp-json\/wp\/v2\/posts\/5879\/revisions\/5924"}],"wp:featuredmedia":[{"embeddable":true,"href":"https:\/\/www.sedarauca.edu.co\/index.php\/wp-json\/wp\/v2\/media\/5884"}],"wp:attachment":[{"href":"https:\/\/www.sedarauca.edu.co\/index.php\/wp-json\/wp\/v2\/media?parent=5879"}],"wp:term":[{"taxonomy":"category","embeddable":true,"href":"https:\/\/www.sedarauca.edu.co\/index.php\/wp-json\/wp\/v2\/categories?post=5879"},{"taxonomy":"post_tag","embeddable":true,"href":"https:\/\/www.sedarauca.edu.co\/index.php\/wp-json\/wp\/v2\/tags?post=5879"}],"curies":[{"name":"wp","href":"https:\/\/api.w.org\/{rel}","templated":true}]}}