{"id":5846,"date":"2023-05-13T20:19:00","date_gmt":"2023-05-14T01:19:00","guid":{"rendered":"https:\/\/www.sedarauca.edu.co\/?p=5846"},"modified":"2023-05-15T18:04:55","modified_gmt":"2023-05-15T23:04:55","slug":"acuerdo-para-levantar-bloqueos-lograron-ministerio-de-educacion-y-gobierno-departamental-con-promotores-de-la-protesta","status":"publish","type":"post","link":"https:\/\/www.sedarauca.edu.co\/index.php\/2023\/05\/13\/acuerdo-para-levantar-bloqueos-lograron-ministerio-de-educacion-y-gobierno-departamental-con-promotores-de-la-protesta\/","title":{"rendered":"<strong>Acuerdo para levantar bloqueos lograron Ministerio de Educaci\u00f3n y Gobierno departamental con promotores de la protesta<\/strong>"},"content":{"rendered":"<p>[et_pb_section fb_built=\u00bb1&#8243; _builder_version=\u00bb4.21.0&#8243; _module_preset=\u00bbdefault\u00bb global_colors_info=\u00bb{}\u00bb][et_pb_row _builder_version=\u00bb4.21.0&#8243; _module_preset=\u00bbdefault\u00bb global_colors_info=\u00bb{}\u00bb][et_pb_column type=\u00bb4_4&#8243; _builder_version=\u00bb4.21.0&#8243; _module_preset=\u00bbdefault\u00bb global_colors_info=\u00bb{}\u00bb][et_pb_text _builder_version=\u00bb4.21.0&#8243; _module_preset=\u00bbdefault\u00bb custom_margin=\u00bb-60px||||false|false\u00bb global_colors_info=\u00bb{}\u00bb]<\/p>\n<p style=\"text-align: center;\"><em>Anuncian recursos para ampliar cobertura del programa de alimentaci\u00f3n escolar y servicios de aseo y vigilancia. La negociaci\u00f3n continuar\u00e1 en Bogot\u00e1 la pr\u00f3xima semana<\/em><\/p>\n<p>[\/et_pb_text][et_pb_text _builder_version=\u00bb4.21.0&#8243; _module_preset=\u00bbdefault\u00bb global_colors_info=\u00bb{}\u00bb]<\/p>\n<p style=\"text-align: justify;\"><strong>Arauca, 13 de mayo de 2023.-<\/strong> A un principio de acuerdo llegaron los Gobiernos nacional y departamental con los promotores de la protesta derivada de la crisis educativa, tras los anuncios de recursos para ampliar la cobertura del Programa de Alimentaci\u00f3n Escolar, garantizar el servicio de aseo y vigilancia en las instituciones educativas.<\/p>\n<p>[\/et_pb_text][et_pb_text _builder_version=\u00bb4.21.0&#8243; _module_preset=\u00bbdefault\u00bb global_colors_info=\u00bb{}\u00bb]<\/p>\n<p style=\"text-align: justify;\">El gobernador encargado, Wilinton Rodr\u00edguez Benavidez, destac\u00f3 que por instrucci\u00f3n precisa del presidente Gustavo Petro, la ministra de Educaci\u00f3n Aurora Vergara Figueroa se desplaz\u00f3 de inmediato, y hoy vimos avances y logros importantes como la cobertura del 100% del Programa de Alimentaci\u00f3n Escolar para estudiantes del \u00e1rea rural y la ampliaci\u00f3n de 4 mil cupos m\u00e1s para estudiantes del \u00e1rea urbana, a partir del receso de junio.<\/p>\n<p>[\/et_pb_text][et_pb_image src=\u00bbhttps:\/\/www.sedarauca.edu.co\/wp-content\/uploads\/2023\/05\/MENsab13-Ministra.jpeg\u00bb title_text=\u00bbMENsab13-Ministra\u00bb _builder_version=\u00bb4.21.0&#8243; _module_preset=\u00bbdefault\u00bb global_colors_info=\u00bb{}\u00bb][\/et_pb_image][et_pb_text _builder_version=\u00bb4.21.0&#8243; _module_preset=\u00bbdefault\u00bb hover_enabled=\u00bb0&#8243; global_colors_info=\u00bb{}\u00bb sticky_enabled=\u00bb0&#8243;]<\/p>\n<p style=\"text-align: justify;\">\u201cHemos tenido avances importantes en materia de transporte escolar y habr\u00e1 mesas t\u00e9cnicas el 17, 18 y 19 en Bogot\u00e1. Eso nos va a permitir que en la mesa del 17 con la Ministra podamos culminar el acuerdo en los puntos que quedaron pendientes y que no se discutieron por falta de tiempo.<\/p>\n<p style=\"text-align: justify;\">Les vamos a dedicar la misma contundencia que tuvimos porque son escenarios propios de discusiones y debates en los cuales al final se resalta las conclusiones a las que se llega para avanzar en un solo prop\u00f3sito, como es mejorar las condiciones de la educaci\u00f3n del Departamento\u201d, agreg\u00f3 el mandatario.<\/p>\n<p>[\/et_pb_text][\/et_pb_column][\/et_pb_row][et_pb_row column_structure=\u00bb1_2,1_2&#8243; _builder_version=\u00bb4.21.0&#8243; _module_preset=\u00bbdefault\u00bb global_colors_info=\u00bb{}\u00bb][et_pb_column type=\u00bb1_2&#8243; _builder_version=\u00bb4.21.0&#8243; _module_preset=\u00bbdefault\u00bb global_colors_info=\u00bb{}\u00bb][et_pb_image src=\u00bbhttps:\/\/www.sedarauca.edu.co\/wp-content\/uploads\/2023\/05\/MEN-xcuatro-.jpg\u00bb title_text=\u00bbMEN-xcuatro-\u00bb _builder_version=\u00bb4.21.0&#8243; _module_preset=\u00bbdefault\u00bb global_colors_info=\u00bb{}\u00bb][\/et_pb_image][\/et_pb_column][et_pb_column type=\u00bb1_2&#8243; _builder_version=\u00bb4.21.0&#8243; _module_preset=\u00bbdefault\u00bb global_colors_info=\u00bb{}\u00bb][et_pb_image src=\u00bbhttps:\/\/www.sedarauca.edu.co\/wp-content\/uploads\/2023\/05\/MENsab13-Secre-Gober.jpeg\u00bb title_text=\u00bbMENsab13-Secre &#8211; Gober\u00bb _builder_version=\u00bb4.21.0&#8243; _module_preset=\u00bbdefault\u00bb global_colors_info=\u00bb{}\u00bb][\/et_pb_image][\/et_pb_column][\/et_pb_row][et_pb_row _builder_version=\u00bb4.21.0&#8243; _module_preset=\u00bbdefault\u00bb global_colors_info=\u00bb{}\u00bb][et_pb_column type=\u00bb4_4&#8243; _builder_version=\u00bb4.21.0&#8243; _module_preset=\u00bbdefault\u00bb global_colors_info=\u00bb{}\u00bb][et_pb_text _builder_version=\u00bb4.21.0&#8243; _module_preset=\u00bbdefault\u00bb global_colors_info=\u00bb{}\u00bb]<\/p>\n<p style=\"text-align: justify;\">Tambi\u00e9n agradeci\u00f3 a los j\u00f3venes, que fueron muy activos, a los miembros de la mesa y a la delegaci\u00f3n del Gobierno nacional que trajo esa disposici\u00f3n y buenos anuncios para el Departamento y demostrar que la paz se logra no con el aumento del pie de fuerza sino con inversi\u00f3n social en el territorio.<\/p>\n<p style=\"text-align: justify;\">\u201cAlgo importante que se logr\u00f3 fue el levantamiento de la protesta, pues se levantan las v\u00edas de hecho porque afectan no solamente la productividad sino la libre locomoci\u00f3n y el servicio educativo. Esperamos que gradualmente y de manera escalonada los problemas estructurales se solucionen de fondo\u201d, sostuvo el secretario de Educaci\u00f3n, Marceliano Guerrero Alvarado.<\/p>\n<p>[\/et_pb_text][\/et_pb_column][\/et_pb_row][et_pb_row column_structure=\u00bb1_3,1_3,1_3&#8243; _builder_version=\u00bb4.21.0&#8243; _module_preset=\u00bbdefault\u00bb global_colors_info=\u00bb{}\u00bb][et_pb_column type=\u00bb1_3&#8243; _builder_version=\u00bb4.21.0&#8243; _module_preset=\u00bbdefault\u00bb global_colors_info=\u00bb{}\u00bb][et_pb_image src=\u00bbhttps:\/\/www.sedarauca.edu.co\/wp-content\/uploads\/2023\/05\/MENsab13-05.jpeg\u00bb title_text=\u00bbMENsab13-05&#8243; _builder_version=\u00bb4.21.0&#8243; _module_preset=\u00bbdefault\u00bb global_colors_info=\u00bb{}\u00bb][\/et_pb_image][\/et_pb_column][et_pb_column type=\u00bb1_3&#8243; _builder_version=\u00bb4.21.0&#8243; _module_preset=\u00bbdefault\u00bb global_colors_info=\u00bb{}\u00bb][et_pb_image src=\u00bbhttps:\/\/www.sedarauca.edu.co\/wp-content\/uploads\/2023\/05\/MEN-Sindic.jpg\u00bb title_text=\u00bbMEN-Sindic\u00bb _builder_version=\u00bb4.21.0&#8243; _module_preset=\u00bbdefault\u00bb hover_enabled=\u00bb0&#8243; global_colors_info=\u00bb{}\u00bb sticky_enabled=\u00bb0&#8243;][\/et_pb_image][\/et_pb_column][et_pb_column type=\u00bb1_3&#8243; _builder_version=\u00bb4.21.0&#8243; _module_preset=\u00bbdefault\u00bb global_colors_info=\u00bb{}\u00bb][et_pb_image src=\u00bbhttps:\/\/www.sedarauca.edu.co\/wp-content\/uploads\/2023\/05\/MENsab13-03.jpeg\u00bb title_text=\u00bbMENsab13-03&#8243; _builder_version=\u00bb4.21.0&#8243; _module_preset=\u00bbdefault\u00bb global_colors_info=\u00bb{}\u00bb][\/et_pb_image][\/et_pb_column][\/et_pb_row][et_pb_row column_structure=\u00bb1_3,1_3,1_3&#8243; _builder_version=\u00bb4.21.0&#8243; _module_preset=\u00bbdefault\u00bb global_colors_info=\u00bb{}\u00bb][et_pb_column type=\u00bb1_3&#8243; _builder_version=\u00bb4.21.0&#8243; _module_preset=\u00bbdefault\u00bb global_colors_info=\u00bb{}\u00bb][et_pb_image src=\u00bbhttps:\/\/www.sedarauca.edu.co\/wp-content\/uploads\/2023\/05\/MENsab13-04.jpeg\u00bb title_text=\u00bbMENsab13-04&#8243; _builder_version=\u00bb4.21.0&#8243; _module_preset=\u00bbdefault\u00bb global_colors_info=\u00bb{}\u00bb][\/et_pb_image][\/et_pb_column][et_pb_column type=\u00bb1_3&#8243; _builder_version=\u00bb4.21.0&#8243; _module_preset=\u00bbdefault\u00bb global_colors_info=\u00bb{}\u00bb][et_pb_image src=\u00bbhttps:\/\/www.sedarauca.edu.co\/wp-content\/uploads\/2023\/05\/MENsab13-02-1.jpeg\u00bb title_text=\u00bbMENsab13-02&#8243; _builder_version=\u00bb4.21.0&#8243; _module_preset=\u00bbdefault\u00bb global_colors_info=\u00bb{}\u00bb][\/et_pb_image][\/et_pb_column][et_pb_column type=\u00bb1_3&#8243; _builder_version=\u00bb4.21.0&#8243; _module_preset=\u00bbdefault\u00bb global_colors_info=\u00bb{}\u00bb][et_pb_image src=\u00bbhttps:\/\/www.sedarauca.edu.co\/wp-content\/uploads\/2023\/05\/MENsab13-06.jpeg\u00bb title_text=\u00bbMENsab13-06&#8243; _builder_version=\u00bb4.21.0&#8243; _module_preset=\u00bbdefault\u00bb global_colors_info=\u00bb{}\u00bb][\/et_pb_image][\/et_pb_column][\/et_pb_row][et_pb_row column_structure=\u00bb1_3,1_3,1_3&#8243; _builder_version=\u00bb4.21.0&#8243; _module_preset=\u00bbdefault\u00bb global_colors_info=\u00bb{}\u00bb][et_pb_column type=\u00bb1_3&#8243; _builder_version=\u00bb4.21.0&#8243; _module_preset=\u00bbdefault\u00bb global_colors_info=\u00bb{}\u00bb][et_pb_image src=\u00bbhttps:\/\/www.sedarauca.edu.co\/wp-content\/uploads\/2023\/05\/WhatsApp-Image-2023-05-15-at-10.56.00.jpeg\u00bb title_text=\u00bbWhatsApp Image 2023-05-15 at 10.56.00&#8243; _builder_version=\u00bb4.21.0&#8243; _module_preset=\u00bbdefault\u00bb hover_enabled=\u00bb0&#8243; global_colors_info=\u00bb{}\u00bb sticky_enabled=\u00bb0&#8243;][\/et_pb_image][\/et_pb_column][et_pb_column type=\u00bb1_3&#8243; _builder_version=\u00bb4.21.0&#8243; _module_preset=\u00bbdefault\u00bb global_colors_info=\u00bb{}\u00bb][et_pb_image src=\u00bbhttps:\/\/www.sedarauca.edu.co\/wp-content\/uploads\/2023\/05\/MENsab13-07.jpeg\u00bb title_text=\u00bbMENsab13-07&#8243; _builder_version=\u00bb4.21.0&#8243; _module_preset=\u00bbdefault\u00bb hover_enabled=\u00bb0&#8243; global_colors_info=\u00bb{}\u00bb sticky_enabled=\u00bb0&#8243;][\/et_pb_image][\/et_pb_column][et_pb_column type=\u00bb1_3&#8243; _builder_version=\u00bb4.21.0&#8243; _module_preset=\u00bbdefault\u00bb global_colors_info=\u00bb{}\u00bb][et_pb_image src=\u00bbhttps:\/\/www.sedarauca.edu.co\/wp-content\/uploads\/2023\/05\/MEN-Azul01.jpg\u00bb title_text=\u00bbMEN-Azul01&#8243; _builder_version=\u00bb4.21.0&#8243; _module_preset=\u00bbdefault\u00bb hover_enabled=\u00bb0&#8243; global_colors_info=\u00bb{}\u00bb sticky_enabled=\u00bb0&#8243;][\/et_pb_image][\/et_pb_column][\/et_pb_row][et_pb_row _builder_version=\u00bb4.21.0&#8243; _module_preset=\u00bbdefault\u00bb global_colors_info=\u00bb{}\u00bb][et_pb_column type=\u00bb4_4&#8243; _builder_version=\u00bb4.21.0&#8243; _module_preset=\u00bbdefault\u00bb global_colors_info=\u00bb{}\u00bb][et_pb_text _builder_version=\u00bb4.21.0&#8243; _module_preset=\u00bbdefault\u00bb global_colors_info=\u00bb{}\u00bb]<\/p>\n<p style=\"text-align: justify;\">Entretanto, el vocero de las organizaciones sociales, Ernesto Roa, destac\u00f3 la hoja de ruta que se traz\u00f3 para superar la crisis que se est\u00e1 viviendo y que hoy qued\u00f3 solucionada de manera parcial, logr\u00e1ndose unos importantes compromisos.<\/p>\n<p style=\"text-align: justify;\">El secretario de Educaci\u00f3n Marceliano Guerrero hizo \u00e9nfasis en la voluntad y gesti\u00f3n del Gobierno departamental para lograr que la Ministra y su equipo t\u00e9cnico viniera y conociera de primera mano la problem\u00e1tica que se presenta en el sector educativo, con acuerdos en tres de los seis puntos del pliego de peticiones relacionados con el PAE, transporte escolar, planta docente y los servicios de aseo y vigilancia.<\/p>\n<p>[\/et_pb_text][\/et_pb_column][\/et_pb_row][\/et_pb_section]<\/p>\n","protected":false},"excerpt":{"rendered":"<p>Anuncian recursos para ampliar cobertura del programa de alimentaci\u00f3n escolar y servicios de aseo y vigilancia. La negociaci\u00f3n continuar\u00e1 en Bogot\u00e1 la pr\u00f3xima semanaArauca, 13 de mayo de 2023.- A un principio de acuerdo llegaron los Gobiernos nacional y departamental con los promotores de la protesta derivada de la crisis educativa, tras los anuncios de [&hellip;]<\/p>\n","protected":false},"author":1,"featured_media":5870,"comment_status":"closed","ping_status":"closed","sticky":false,"template":"","format":"standard","meta":{"_et_pb_use_builder":"on","_et_pb_old_content":"","_et_gb_content_width":"","footnotes":""},"categories":[42,6],"tags":[],"class_list":["post-5846","post","type-post","status-publish","format-standard","has-post-thumbnail","hentry","category-men","category-noticias"],"_links":{"self":[{"href":"https:\/\/www.sedarauca.edu.co\/index.php\/wp-json\/wp\/v2\/posts\/5846","targetHints":{"allow":["GET"]}}],"collection":[{"href":"https:\/\/www.sedarauca.edu.co\/index.php\/wp-json\/wp\/v2\/posts"}],"about":[{"href":"https:\/\/www.sedarauca.edu.co\/index.php\/wp-json\/wp\/v2\/types\/post"}],"author":[{"embeddable":true,"href":"https:\/\/www.sedarauca.edu.co\/index.php\/wp-json\/wp\/v2\/users\/1"}],"replies":[{"embeddable":true,"href":"https:\/\/www.sedarauca.edu.co\/index.php\/wp-json\/wp\/v2\/comments?post=5846"}],"version-history":[{"count":7,"href":"https:\/\/www.sedarauca.edu.co\/index.php\/wp-json\/wp\/v2\/posts\/5846\/revisions"}],"predecessor-version":[{"id":5878,"href":"https:\/\/www.sedarauca.edu.co\/index.php\/wp-json\/wp\/v2\/posts\/5846\/revisions\/5878"}],"wp:featuredmedia":[{"embeddable":true,"href":"https:\/\/www.sedarauca.edu.co\/index.php\/wp-json\/wp\/v2\/media\/5870"}],"wp:attachment":[{"href":"https:\/\/www.sedarauca.edu.co\/index.php\/wp-json\/wp\/v2\/media?parent=5846"}],"wp:term":[{"taxonomy":"category","embeddable":true,"href":"https:\/\/www.sedarauca.edu.co\/index.php\/wp-json\/wp\/v2\/categories?post=5846"},{"taxonomy":"post_tag","embeddable":true,"href":"https:\/\/www.sedarauca.edu.co\/index.php\/wp-json\/wp\/v2\/tags?post=5846"}],"curies":[{"name":"wp","href":"https:\/\/api.w.org\/{rel}","templated":true}]}}