{"id":5711,"date":"2023-05-11T12:09:00","date_gmt":"2023-05-11T17:09:00","guid":{"rendered":"https:\/\/www.sedarauca.edu.co\/?p=5711"},"modified":"2023-05-15T18:38:37","modified_gmt":"2023-05-15T23:38:37","slug":"control-social-es-fundamental-para-garantizar-calidad-y-transparencia-revelo-gobierno-departamental-en-mesa-publica-del-programa-de-alimentacion-escolar-pae","status":"publish","type":"post","link":"https:\/\/www.sedarauca.edu.co\/index.php\/2023\/05\/11\/control-social-es-fundamental-para-garantizar-calidad-y-transparencia-revelo-gobierno-departamental-en-mesa-publica-del-programa-de-alimentacion-escolar-pae\/","title":{"rendered":"<strong>Control social es fundamental para garantizar calidad y transparencia, revel\u00f3 Gobierno departamental en mesa p\u00fablica del Programa de Alimentaci\u00f3n Escolar, PAE<\/strong>"},"content":{"rendered":"<p>[et_pb_section fb_built=\u00bb1&#8243; _builder_version=\u00bb4.21.0&#8243; _module_preset=\u00bbdefault\u00bb global_colors_info=\u00bb{}\u00bb][et_pb_row _builder_version=\u00bb4.21.0&#8243; _module_preset=\u00bbdefault\u00bb global_colors_info=\u00bb{}\u00bb][et_pb_column type=\u00bb4_4&#8243; _builder_version=\u00bb4.21.0&#8243; _module_preset=\u00bbdefault\u00bb global_colors_info=\u00bb{}\u00bb][et_pb_text _builder_version=\u00bb4.21.0&#8243; _module_preset=\u00bbdefault\u00bb custom_margin=\u00bb-60px||||false|false\u00bb global_colors_info=\u00bb{}\u00bb]<\/p>\n<p style=\"text-align: center;\"><em>Con la estrategia de permanencia en el sistema educativo oficial se est\u00e1n atendiendo aproximadamente 22.700 estudiantes, incluida poblaci\u00f3n ind\u00edgena.<\/em><\/p>\n<p>[\/et_pb_text][et_pb_text _builder_version=\u00bb4.21.0&#8243; _module_preset=\u00bbdefault\u00bb global_colors_info=\u00bb{}\u00bb]<\/p>\n<div class=\"x_ContentPasted1\" style=\"text-align: justify;\">Arauca, 11 de mayo de 2023.- Con \u00e9xito se adelant\u00f3 la mesa p\u00fablica para rendir un informe del Programa de Alimentaci\u00f3n Escolar, que actualmente se adelanta en el Departamento y que tuvo como objetivo dar a conocer el avance que se ha tenido a trav\u00e9s de esta estrategia de permanencia en el sistema educativo oficial.<\/div>\n<p>[\/et_pb_text][et_pb_text _builder_version=\u00bb4.21.0&#8243; _module_preset=\u00bbdefault\u00bb global_colors_info=\u00bb{}\u00bb]<\/p>\n<p style=\"text-align: justify;\">El secretario de Educaci\u00f3n, Marceliano Guerrero Alvarado, sostuvo que se est\u00e1n atendiendo aproximadamente 22.700 estudiantes, incluida la poblaci\u00f3n ind\u00edgena, abarcando 400 sedes en todo el Departamento y llegando casi a un 100 por ciento de la zona rural porque all\u00ed la necesidad es mucho m\u00e1s sentida.<\/p>\n<p>[\/et_pb_text][et_pb_image src=\u00bbhttps:\/\/www.sedarauca.edu.co\/wp-content\/uploads\/2023\/05\/A1.jpg\u00bb title_text=\u00bbA1&#8243; _builder_version=\u00bb4.21.0&#8243; _module_preset=\u00bbdefault\u00bb global_colors_info=\u00bb{}\u00bb][\/et_pb_image][et_pb_text _builder_version=\u00bb4.21.0&#8243; _module_preset=\u00bbdefault\u00bb global_colors_info=\u00bb{}\u00bb]<\/p>\n<p style=\"text-align: justify;\"><span>\u201cLa estrategia va hasta el \u00faltimo d\u00eda del calendario escolar y estamos trabajando fuertemente para canalizar recursos que permitan ampliar la cobertura el pr\u00f3ximo a\u00f1o, pues a pesar de una serie de dificultades hemos tomado los correctivos para que este servicio se preste de una manera eficiente y en t\u00e9rminos de calidad.<\/span><\/p>\n<p>[\/et_pb_text][et_pb_image src=\u00bbhttps:\/\/www.sedarauca.edu.co\/wp-content\/uploads\/2023\/05\/A2.jpg\u00bb title_text=\u00bbA2&#8243; _builder_version=\u00bb4.21.0&#8243; _module_preset=\u00bbdefault\u00bb global_colors_info=\u00bb{}\u00bb][\/et_pb_image][et_pb_text _builder_version=\u00bb4.21.0&#8243; _module_preset=\u00bbdefault\u00bb global_colors_info=\u00bb{}\u00bb]<\/p>\n<p style=\"text-align: justify;\"><span>La idea es escuchar a la comunidad porque de eso se trata la mesa y aunque es importante el trabajo de los organismos de control, porque permite mejorar, la labor de la comunidad siempre ser\u00e1 fundamental para garantizar la transparencia, como es el deseo, tanto de la Secretar\u00eda como del gobernador Wilinton Rodr\u00edguez\u201d, se\u00f1al\u00f3 el funcionario.<\/span><\/p>\n<p>[\/et_pb_text][\/et_pb_column][\/et_pb_row][et_pb_row _builder_version=\u00bb4.21.0&#8243; _module_preset=\u00bbdefault\u00bb global_colors_info=\u00bb{}\u00bb][et_pb_column type=\u00bb4_4&#8243; _builder_version=\u00bb4.21.0&#8243; _module_preset=\u00bbdefault\u00bb global_colors_info=\u00bb{}\u00bb][et_pb_video src=\u00bbhttps:\/\/youtu.be\/5xT9o1DIX-0&#8243; _builder_version=\u00bb4.21.0&#8243; _module_preset=\u00bbdefault\u00bb global_colors_info=\u00bb{}\u00bb][\/et_pb_video][\/et_pb_column][\/et_pb_row][\/et_pb_section]<\/p>\n","protected":false},"excerpt":{"rendered":"<p>Con la estrategia de permanencia en el sistema educativo oficial se est\u00e1n atendiendo aproximadamente 22.700 estudiantes, incluida poblaci\u00f3n ind\u00edgena.Arauca, 11 de mayo de 2023.- Con \u00e9xito se adelant\u00f3 la mesa p\u00fablica para rendir un informe del Programa de Alimentaci\u00f3n Escolar, que actualmente se adelanta en el Departamento y que tuvo como objetivo dar a conocer [&hellip;]<\/p>\n","protected":false},"author":1,"featured_media":5887,"comment_status":"closed","ping_status":"closed","sticky":false,"template":"","format":"standard","meta":{"_et_pb_use_builder":"on","_et_pb_old_content":"","_et_gb_content_width":"","footnotes":""},"categories":[21,6,17],"tags":[],"class_list":["post-5711","post","type-post","status-publish","format-standard","has-post-thumbnail","hentry","category-boletin","category-noticias","category-pae"],"_links":{"self":[{"href":"https:\/\/www.sedarauca.edu.co\/index.php\/wp-json\/wp\/v2\/posts\/5711","targetHints":{"allow":["GET"]}}],"collection":[{"href":"https:\/\/www.sedarauca.edu.co\/index.php\/wp-json\/wp\/v2\/posts"}],"about":[{"href":"https:\/\/www.sedarauca.edu.co\/index.php\/wp-json\/wp\/v2\/types\/post"}],"author":[{"embeddable":true,"href":"https:\/\/www.sedarauca.edu.co\/index.php\/wp-json\/wp\/v2\/users\/1"}],"replies":[{"embeddable":true,"href":"https:\/\/www.sedarauca.edu.co\/index.php\/wp-json\/wp\/v2\/comments?post=5711"}],"version-history":[{"count":5,"href":"https:\/\/www.sedarauca.edu.co\/index.php\/wp-json\/wp\/v2\/posts\/5711\/revisions"}],"predecessor-version":[{"id":5891,"href":"https:\/\/www.sedarauca.edu.co\/index.php\/wp-json\/wp\/v2\/posts\/5711\/revisions\/5891"}],"wp:featuredmedia":[{"embeddable":true,"href":"https:\/\/www.sedarauca.edu.co\/index.php\/wp-json\/wp\/v2\/media\/5887"}],"wp:attachment":[{"href":"https:\/\/www.sedarauca.edu.co\/index.php\/wp-json\/wp\/v2\/media?parent=5711"}],"wp:term":[{"taxonomy":"category","embeddable":true,"href":"https:\/\/www.sedarauca.edu.co\/index.php\/wp-json\/wp\/v2\/categories?post=5711"},{"taxonomy":"post_tag","embeddable":true,"href":"https:\/\/www.sedarauca.edu.co\/index.php\/wp-json\/wp\/v2\/tags?post=5711"}],"curies":[{"name":"wp","href":"https:\/\/api.w.org\/{rel}","templated":true}]}}