{"id":5706,"date":"2023-05-11T11:30:00","date_gmt":"2023-05-11T16:30:00","guid":{"rendered":"https:\/\/www.sedarauca.edu.co\/?p=5706"},"modified":"2023-05-12T12:21:04","modified_gmt":"2023-05-12T17:21:04","slug":"levantar-protesta-y-bloqueos-para-garantizar-la-normalidad-en-el-transito-por-las-vias-del-departamento-pide-gobernador","status":"publish","type":"post","link":"https:\/\/www.sedarauca.edu.co\/index.php\/2023\/05\/11\/levantar-protesta-y-bloqueos-para-garantizar-la-normalidad-en-el-transito-por-las-vias-del-departamento-pide-gobernador\/","title":{"rendered":"<strong>Levantar protesta y bloqueos para garantizar la normalidad en el tr\u00e1nsito por las v\u00edas del departamento, pide Gobernador<\/strong>"},"content":{"rendered":"<p>[et_pb_section fb_built=\u00bb1&#8243; _builder_version=\u00bb4.21.0&#8243; _module_preset=\u00bbdefault\u00bb global_colors_info=\u00bb{}\u00bb][et_pb_row _builder_version=\u00bb4.21.0&#8243; _module_preset=\u00bbdefault\u00bb global_colors_info=\u00bb{}\u00bb][et_pb_column type=\u00bb4_4&#8243; _builder_version=\u00bb4.21.0&#8243; _module_preset=\u00bbdefault\u00bb global_colors_info=\u00bb{}\u00bb][et_pb_text _builder_version=\u00bb4.21.0&#8243; _module_preset=\u00bbdefault\u00bb custom_margin=\u00bb-60px||||false|false\u00bb global_colors_info=\u00bb{}\u00bb]<\/p>\n<p style=\"text-align: center;\"><em>Con visita de la ministra de Educaci\u00f3n se espera que sean atendidas reclamaciones del sector educativo.<\/em><\/p>\n<p>[\/et_pb_text][et_pb_text _builder_version=\u00bb4.21.0&#8243; _module_preset=\u00bbdefault\u00bb global_colors_info=\u00bb{}\u00bb]<\/p>\n<p style=\"text-align: justify;\"><strong>Arauca, 10 de mayo de 2023.-<\/strong> Solicitud a los voceros que participaron en la reuni\u00f3n para que trasladen la petici\u00f3n de levantar las protestas en todo el territorio, con el fin de que la buena voluntad mostrada por el gobierno sea retribuida por el sector educativo y se garantice la normalidad en el tr\u00e1nsito, hizo el gobernador Wilinton Rodr\u00edguez Benavidez.<\/p>\n<p style=\"text-align: justify;\">\u201cHemos establecido una hoja de ruta que nos permita avanzar en el prop\u00f3sito de encontrar esas soluciones con la presencia de la ministra de Educaci\u00f3n Aurora Vergara Figueroa este 13 de mayo, con temas espec\u00edficos que se plantear\u00e1n al Gobierno nacional y a partir de all\u00ed deber\u00e1n surgir unas mesas t\u00e9cnicas que permitan hacerle seguimiento y verificaci\u00f3n para que esos compromisos se cumplan.<\/p>\n<p>[\/et_pb_text][et_pb_image src=\u00bbhttps:\/\/www.sedarauca.edu.co\/wp-content\/uploads\/2023\/05\/Pae01.jpeg\u00bb title_text=\u00bbPae01&#8243; _builder_version=\u00bb4.21.0&#8243; _module_preset=\u00bbdefault\u00bb global_colors_info=\u00bb{}\u00bb][\/et_pb_image][et_pb_text _builder_version=\u00bb4.21.0&#8243; _module_preset=\u00bbdefault\u00bb global_colors_info=\u00bb{}\u00bb]<\/p>\n<p style=\"text-align: justify;\">Mostramos las evidencias que el 23 de mayo se dar\u00e1 inicio formal al servicio de transporte escolar que permitir\u00e1 el acceso a los estudiantes de todas las instituciones educativas especialmente rurales en todo el departamento. Tambi\u00e9n se pedir\u00e1 el fortalecimiento del programa de alimentaci\u00f3n escolar para que los recursos alcancen al 100 por ciento\u201d, indic\u00f3 el mandatario.<\/p>\n<p style=\"text-align: justify;\">El secretario de Educaci\u00f3n, Marceliano Guerrero Alvarado, dijo es muy optimista del cambio que se viene para el sector educativo y por ello se ha solicitado levantar la protesta y los bloqueos porque se ha hecho un trabajo incansable para mejorar las condiciones de los estudiantes en el sistema educativo oficial de manera integral.<\/p>\n<p>[\/et_pb_text][et_pb_text _builder_version=\u00bb4.21.0&#8243; _module_preset=\u00bbdefault\u00bb global_colors_info=\u00bb{}\u00bb]<\/p>\n<p style=\"text-align: justify;\">Por su parte, el presidente de la Federaci\u00f3n de Juntas Comunales, Jony Alexis Castro, se\u00f1al\u00f3 que el balance ha sido satisfactorio, \u201cpues se ha presentado un pliego de peticiones a los gobiernos nacional y departamental, que requer\u00eda la presencia de la Ministra y ahora esperamos que se atiendan las peticiones\u201d.<\/p>\n<p>[\/et_pb_text][\/et_pb_column][\/et_pb_row][\/et_pb_section]<\/p>\n","protected":false},"excerpt":{"rendered":"<p>Con visita de la ministra de Educaci\u00f3n se espera que sean atendidas reclamaciones del sector educativo.Arauca, 10 de mayo de 2023.- Solicitud a los voceros que participaron en la reuni\u00f3n para que trasladen la petici\u00f3n de levantar las protestas en todo el territorio, con el fin de que la buena voluntad mostrada por el gobierno [&hellip;]<\/p>\n","protected":false},"author":1,"featured_media":5707,"comment_status":"closed","ping_status":"closed","sticky":false,"template":"","format":"standard","meta":{"_et_pb_use_builder":"on","_et_pb_old_content":"","_et_gb_content_width":"","footnotes":""},"categories":[21,42,6],"tags":[],"class_list":["post-5706","post","type-post","status-publish","format-standard","has-post-thumbnail","hentry","category-boletin","category-men","category-noticias"],"_links":{"self":[{"href":"https:\/\/www.sedarauca.edu.co\/index.php\/wp-json\/wp\/v2\/posts\/5706","targetHints":{"allow":["GET"]}}],"collection":[{"href":"https:\/\/www.sedarauca.edu.co\/index.php\/wp-json\/wp\/v2\/posts"}],"about":[{"href":"https:\/\/www.sedarauca.edu.co\/index.php\/wp-json\/wp\/v2\/types\/post"}],"author":[{"embeddable":true,"href":"https:\/\/www.sedarauca.edu.co\/index.php\/wp-json\/wp\/v2\/users\/1"}],"replies":[{"embeddable":true,"href":"https:\/\/www.sedarauca.edu.co\/index.php\/wp-json\/wp\/v2\/comments?post=5706"}],"version-history":[{"count":3,"href":"https:\/\/www.sedarauca.edu.co\/index.php\/wp-json\/wp\/v2\/posts\/5706\/revisions"}],"predecessor-version":[{"id":5717,"href":"https:\/\/www.sedarauca.edu.co\/index.php\/wp-json\/wp\/v2\/posts\/5706\/revisions\/5717"}],"wp:featuredmedia":[{"embeddable":true,"href":"https:\/\/www.sedarauca.edu.co\/index.php\/wp-json\/wp\/v2\/media\/5707"}],"wp:attachment":[{"href":"https:\/\/www.sedarauca.edu.co\/index.php\/wp-json\/wp\/v2\/media?parent=5706"}],"wp:term":[{"taxonomy":"category","embeddable":true,"href":"https:\/\/www.sedarauca.edu.co\/index.php\/wp-json\/wp\/v2\/categories?post=5706"},{"taxonomy":"post_tag","embeddable":true,"href":"https:\/\/www.sedarauca.edu.co\/index.php\/wp-json\/wp\/v2\/tags?post=5706"}],"curies":[{"name":"wp","href":"https:\/\/api.w.org\/{rel}","templated":true}]}}