{"id":5695,"date":"2023-05-11T11:02:00","date_gmt":"2023-05-11T16:02:00","guid":{"rendered":"https:\/\/www.sedarauca.edu.co\/?p=5695"},"modified":"2023-05-12T11:56:57","modified_gmt":"2023-05-12T16:56:57","slug":"gestion-del-gobierno-departamental-surtio-efecto-con-visita-este-sabado-de-la-ministra-de-educacion-para-atender-problematica-expuesta-por-comunidad-educativa","status":"publish","type":"post","link":"https:\/\/www.sedarauca.edu.co\/index.php\/2023\/05\/11\/gestion-del-gobierno-departamental-surtio-efecto-con-visita-este-sabado-de-la-ministra-de-educacion-para-atender-problematica-expuesta-por-comunidad-educativa\/","title":{"rendered":"<strong>Gesti\u00f3n del Gobierno departamental surti\u00f3 efecto con visita este s\u00e1bado de la Ministra de Educaci\u00f3n, para atender problem\u00e1tica expuesta por comunidad educativa<\/strong>"},"content":{"rendered":"<p>[et_pb_section fb_built=\u00bb1&#8243; theme_builder_area=\u00bbpost_content\u00bb _builder_version=\u00bb4.21.0&#8243; _module_preset=\u00bbdefault\u00bb][et_pb_row _builder_version=\u00bb4.21.0&#8243; _module_preset=\u00bbdefault\u00bb theme_builder_area=\u00bbpost_content\u00bb][et_pb_column _builder_version=\u00bb4.21.0&#8243; _module_preset=\u00bbdefault\u00bb type=\u00bb4_4&#8243; theme_builder_area=\u00bbpost_content\u00bb][et_pb_text _builder_version=\u00bb4.21.0&#8243; _module_preset=\u00bbdefault\u00bb theme_builder_area=\u00bbpost_content\u00bb custom_margin=\u00bb-60px||||false|false\u00bb hover_enabled=\u00bb0&#8243; sticky_enabled=\u00bb0&#8243;]<\/p>\n<p style=\"text-align: center;\"><em>Gobernador confirm\u00f3 para este s\u00e1bado presencia de la Ministra, en busca de una salida a la protesta que realizan docentes, estudiantes y padres de familia.<\/em><\/p>\n<p>[\/et_pb_text][et_pb_text _builder_version=\u00bb4.21.0&#8243; _module_preset=\u00bbdefault\u00bb theme_builder_area=\u00bbpost_content\u00bb hover_enabled=\u00bb0&#8243; sticky_enabled=\u00bb0&#8243;]<\/p>\n<p style=\"text-align: justify;\"><strong>Arauca, 10 de mayo de 2023.-<\/strong> Atendiendo la invitaci\u00f3n del gobernador encargado, Wilinton Rodr\u00edguez Benavidez, la Ministra de Educaci\u00f3n, Aurora Vergara Figueroa estar\u00e1 este s\u00e1bado en Arauca, para sostener un di\u00e1logo abierto con la comunidad educativa, que ha expresado su inconformismo ante la problem\u00e1tica que se presenta en este campo.<\/p>\n<p style=\"text-align: justify;\">La visita de la alta funcionaria fue anunciada por el mandatario seccional durante la reuni\u00f3n celebrada en la casa departamental, donde los voceros de la protesta exig\u00edan como primer punto de un pliego de peticiones, la presencia de la Ministra.<\/p>\n<p style=\"text-align: justify;\">\u201cElla estar\u00e1 en Arauca este 13 de mayo, gracias al compromiso que tiene el Gobierno del Cambio con nuestro Departamento.<\/p>\n<p>[\/et_pb_text][et_pb_image src=\u00bbhttps:\/\/www.sedarauca.edu.co\/wp-content\/uploads\/2023\/05\/Men-02.jpeg\u00bb _builder_version=\u00bb4.21.0&#8243; _module_preset=\u00bbdefault\u00bb theme_builder_area=\u00bbpost_content\u00bb title_text=\u00bbMen-02&#8243; hover_enabled=\u00bb0&#8243; sticky_enabled=\u00bb0&#8243;][\/et_pb_image][et_pb_text _builder_version=\u00bb4.21.0&#8243; _module_preset=\u00bbdefault\u00bb theme_builder_area=\u00bbpost_content\u00bb hover_enabled=\u00bb0&#8243; sticky_enabled=\u00bb0&#8243;]<\/p>\n<p style=\"text-align: justify;\">Si hay un compromiso claro con Arauca por parte del presidente de la Rep\u00fablica, Gustavo Petro Urrego, es propiciar en nuestro territorio escenarios para el di\u00e1logo abierto y ello nos impulsa a seguir trabajando por La Paz Total, pues somos unos convencidos que es en equipo que podemos encontrar las verdaderas soluciones que necesita el territorio para su transformaci\u00f3n.<\/p>\n<p style=\"text-align: justify;\">Desde la Administraci\u00f3n departamental siempre hemos estado atentos a que trav\u00e9s del di\u00e1logo podemos superar los problemas dif\u00edciles que tiene hoy nuestro territorio y es por ello que de manera prioritaria hemos atendido la situaci\u00f3n que se ha presentado en el sector educativo\u201d, enfatiz\u00f3 el Gobernador.<\/p>\n<p>[\/et_pb_text][et_pb_image src=\u00bbhttps:\/\/www.sedarauca.edu.co\/wp-content\/uploads\/2023\/05\/Men-03.jpeg\u00bb _builder_version=\u00bb4.21.0&#8243; _module_preset=\u00bbdefault\u00bb theme_builder_area=\u00bbpost_content\u00bb title_text=\u00bbMen-03&#8243; hover_enabled=\u00bb0&#8243; sticky_enabled=\u00bb0&#8243;][\/et_pb_image][et_pb_text _builder_version=\u00bb4.21.0&#8243; _module_preset=\u00bbdefault\u00bb theme_builder_area=\u00bbpost_content\u00bb hover_enabled=\u00bb0&#8243; sticky_enabled=\u00bb0&#8243;]<\/p>\n<p style=\"text-align: justify;\">Al encuentro celebrado en la capital araucana, asistieron estudiantes, docentes, l\u00edderes ind\u00edgenas, padres de familia, representantes de los j\u00f3venes, la Federaci\u00f3n de Juntas de Acci\u00f3n Comunal, Defensor\u00eda del Pueblo, ICBF, algunos secretarios de educaci\u00f3n, el Personero de Arauca y delegados de las alcald\u00edas locales.<\/p>\n<p>[\/et_pb_text][et_pb_video src=\u00bbhttps:\/\/youtu.be\/Yv70lVhO1fo\u00bb _builder_version=\u00bb4.21.0&#8243; _module_preset=\u00bbdefault\u00bb theme_builder_area=\u00bbpost_content\u00bb hover_enabled=\u00bb0&#8243; sticky_enabled=\u00bb0&#8243;][\/et_pb_video][\/et_pb_column][\/et_pb_row][et_pb_row _builder_version=\u00bb4.21.0&#8243; _module_preset=\u00bbdefault\u00bb theme_builder_area=\u00bbpost_content\u00bb hover_enabled=\u00bb0&#8243; sticky_enabled=\u00bb0&#8243;][et_pb_column _builder_version=\u00bb4.21.0&#8243; _module_preset=\u00bbdefault\u00bb type=\u00bb4_4&#8243; theme_builder_area=\u00bbpost_content\u00bb][et_pb_text _builder_version=\u00bb4.21.0&#8243; _module_preset=\u00bbdefault\u00bb theme_builder_area=\u00bbpost_content\u00bb hover_enabled=\u00bb0&#8243; sticky_enabled=\u00bb0&#8243;]<\/p>\n<p>Palabras de Jony ALexis Castro &#8211; Padre de familia &#8211; Presidente de Fedejuntas:<\/p>\n<p>[\/et_pb_text][et_pb_audio title=\u00bbPalabras de Jony ALexis Castro\u00bb _builder_version=\u00bb4.21.0&#8243; _module_preset=\u00bbdefault\u00bb theme_builder_area=\u00bbpost_content\u00bb album_name=\u00bbPadre de familia &#8211; Presidente de Fedejuntas\u00bb audio=\u00bbhttps:\/\/www.sedarauca.edu.co\/wp-content\/uploads\/2023\/05\/Palabras-de-Jony-ALexis-Castro-Padre-de-familia-presidente-de-Fedejuntas.mp3&#8243; border_color_all_image=\u00bb#0C71C3&#8243; hover_enabled=\u00bb0&#8243; sticky_enabled=\u00bb0&#8243; background_color=\u00bb#0C71C3&#8243; border_radii=\u00bbon|30px|30px|30px|30px\u00bb custom_margin=\u00bb0px||40px||false|false\u00bb][\/et_pb_audio][et_pb_text _builder_version=\u00bb4.21.0&#8243; _module_preset=\u00bbdefault\u00bb theme_builder_area=\u00bbpost_content\u00bb hover_enabled=\u00bb0&#8243; sticky_enabled=\u00bb0&#8243;]<\/p>\n<p>Palabras de Nelson Su\u00e1rez &#8211; Asesor de Paz:<\/p>\n<p>[\/et_pb_text][et_pb_audio title=\u00bbPalabras de Nelson Su\u00e1rez\u00bb _builder_version=\u00bb4.21.0&#8243; _module_preset=\u00bbdefault\u00bb theme_builder_area=\u00bbpost_content\u00bb album_name=\u00bbAsesor de Paz\u00bb audio=\u00bbhttps:\/\/www.sedarauca.edu.co\/wp-content\/uploads\/2023\/05\/Palabras-de-Nelson-Suarez-asesor-de-Paz.mp3&#8243; border_color_all_image=\u00bb#0C71C3&#8243; hover_enabled=\u00bb0&#8243; sticky_enabled=\u00bb0&#8243; background_color=\u00bb#0C71C3&#8243; border_radii=\u00bbon|30px|30px|30px|30px\u00bb custom_margin=\u00bb0px||40px||false|false\u00bb][\/et_pb_audio][et_pb_text _builder_version=\u00bb4.21.0&#8243; _module_preset=\u00bbdefault\u00bb theme_builder_area=\u00bbpost_content\u00bb hover_enabled=\u00bb0&#8243; sticky_enabled=\u00bb0&#8243;]<\/p>\n<p>Palabras de Wilinton Rodr\u00edguez Benavidez &#8211; Gobernador del Departamento de Arauca:<\/p>\n<p>[\/et_pb_text][et_pb_audio title=\u00bbPalabras de Wilinton Rodr\u00edguez Benavidez\u00bb _builder_version=\u00bb4.21.0&#8243; _module_preset=\u00bbdefault\u00bb theme_builder_area=\u00bbpost_content\u00bb album_name=\u00bbGobernador del Departamento de Arauca\u00bb audio=\u00bbhttps:\/\/www.sedarauca.edu.co\/wp-content\/uploads\/2023\/05\/Palabras-de-Wilinton-Rodriguez-Benavidez-Gobernador-del-Departamento-de-Arauca.mp3&#8243; border_color_all_image=\u00bb#0C71C3&#8243; hover_enabled=\u00bb0&#8243; sticky_enabled=\u00bb0&#8243; background_color=\u00bb#0C71C3&#8243; border_radii=\u00bbon|30px|30px|30px|30px\u00bb custom_margin=\u00bb0px||40px||false|false\u00bb][\/et_pb_audio][\/et_pb_column][\/et_pb_row][\/et_pb_section]<\/p>\n","protected":false},"excerpt":{"rendered":"<p>Gobernador confirm\u00f3 para este s\u00e1bado presencia de la Ministra, en busca de una salida a la protesta que realizan docentes, estudiantes y padres de familia.Arauca, 10 de mayo de 2023.- Atendiendo la invitaci\u00f3n del gobernador encargado, Wilinton Rodr\u00edguez Benavidez, la Ministra de Educaci\u00f3n, Aurora Vergara Figueroa estar\u00e1 este s\u00e1bado en Arauca, para sostener un di\u00e1logo [&hellip;]<\/p>\n","protected":false},"author":1,"featured_media":5696,"comment_status":"closed","ping_status":"closed","sticky":false,"template":"","format":"standard","meta":{"_et_pb_use_builder":"on","_et_pb_old_content":"","_et_gb_content_width":"","footnotes":""},"categories":[42,6],"tags":[],"class_list":["post-5695","post","type-post","status-publish","format-standard","has-post-thumbnail","hentry","category-men","category-noticias"],"_links":{"self":[{"href":"https:\/\/www.sedarauca.edu.co\/index.php\/wp-json\/wp\/v2\/posts\/5695","targetHints":{"allow":["GET"]}}],"collection":[{"href":"https:\/\/www.sedarauca.edu.co\/index.php\/wp-json\/wp\/v2\/posts"}],"about":[{"href":"https:\/\/www.sedarauca.edu.co\/index.php\/wp-json\/wp\/v2\/types\/post"}],"author":[{"embeddable":true,"href":"https:\/\/www.sedarauca.edu.co\/index.php\/wp-json\/wp\/v2\/users\/1"}],"replies":[{"embeddable":true,"href":"https:\/\/www.sedarauca.edu.co\/index.php\/wp-json\/wp\/v2\/comments?post=5695"}],"version-history":[{"count":3,"href":"https:\/\/www.sedarauca.edu.co\/index.php\/wp-json\/wp\/v2\/posts\/5695\/revisions"}],"predecessor-version":[{"id":5705,"href":"https:\/\/www.sedarauca.edu.co\/index.php\/wp-json\/wp\/v2\/posts\/5695\/revisions\/5705"}],"wp:featuredmedia":[{"embeddable":true,"href":"https:\/\/www.sedarauca.edu.co\/index.php\/wp-json\/wp\/v2\/media\/5696"}],"wp:attachment":[{"href":"https:\/\/www.sedarauca.edu.co\/index.php\/wp-json\/wp\/v2\/media?parent=5695"}],"wp:term":[{"taxonomy":"category","embeddable":true,"href":"https:\/\/www.sedarauca.edu.co\/index.php\/wp-json\/wp\/v2\/categories?post=5695"},{"taxonomy":"post_tag","embeddable":true,"href":"https:\/\/www.sedarauca.edu.co\/index.php\/wp-json\/wp\/v2\/tags?post=5695"}],"curies":[{"name":"wp","href":"https:\/\/api.w.org\/{rel}","templated":true}]}}