{"id":5676,"date":"2023-05-08T10:17:00","date_gmt":"2023-05-08T15:17:00","guid":{"rendered":"https:\/\/www.sedarauca.edu.co\/?p=5676"},"modified":"2023-05-12T11:00:14","modified_gmt":"2023-05-12T16:00:14","slug":"comunicado-a-la-opinion-publica-aclaraciones-del-gobierno-departamental-por-protestas-anunciadas","status":"publish","type":"post","link":"https:\/\/www.sedarauca.edu.co\/index.php\/2023\/05\/08\/comunicado-a-la-opinion-publica-aclaraciones-del-gobierno-departamental-por-protestas-anunciadas\/","title":{"rendered":"<strong>Comunicado a la opini\u00f3n p\u00fablica &#8211; Aclaraciones del gobierno departamental sobre protestas anunciadas<\/strong>"},"content":{"rendered":"<p>[et_pb_section fb_built=\u00bb1&#8243; _builder_version=\u00bb4.21.0&#8243; _module_preset=\u00bbdefault\u00bb global_colors_info=\u00bb{}\u00bb][et_pb_row _builder_version=\u00bb4.21.0&#8243; _module_preset=\u00bbdefault\u00bb global_colors_info=\u00bb{}\u00bb][et_pb_column type=\u00bb4_4&#8243; _builder_version=\u00bb4.21.0&#8243; _module_preset=\u00bbdefault\u00bb global_colors_info=\u00bb{}\u00bb][et_pb_text _builder_version=\u00bb4.21.0&#8243; _module_preset=\u00bbdefault\u00bb custom_margin=\u00bb-50px||||false|false\u00bb global_colors_info=\u00bb{}\u00bb]<\/p>\n<p style=\"text-align: justify;\">Ante los anuncios que vienen circulando por diferentes medios de comunicaci\u00f3n donde algunos sectores del Departamento manifiestan la realizaci\u00f3n de protestas en diferentes v\u00edas del Departamento, durante tres d\u00edas, el Gobierno departamental se permite aclarar los siguiente:<\/p>\n<p style=\"text-align: justify;\">1. El bloqueo de v\u00edas no es la soluci\u00f3n a la problem\u00e1tica que se est\u00e1 registrando. No es mediante v\u00edas de hecho que el Gobierno Nacional va a conocer las necesidades del territorio.<\/p>\n<p style=\"text-align: justify;\">2. Desde marzo pasado la Administraci\u00f3n Seccional est\u00e1 trabajando y viene estructurando el proceso de contrataci\u00f3n de transporte escolar para extenderlo hasta el primer trimestre del 2024. Los tiempos para suplir la necesidad del transporte obedecen a los establecidos en la Ley 80 de 1993, Estatuto General de Contrataci\u00f3n de la Administraci\u00f3n P\u00fablica.<\/p>\n<p style=\"text-align: justify;\">3. Este gobierno no ha sido ajeno al di\u00e1logo y la concertaci\u00f3n, siempre ha estado sobre la mesa, como puedan dar fe los representantes de las comunidades con quienes nos hemos reunido y concertado soluciones para el territorio, que nuestro accionar ha sido diligente para dar respuesta oportuna a las necesidades de la poblaci\u00f3n araucana.<\/p>\n<p style=\"text-align: justify;\">4. En ese sentido, le hacemos un llamado a los promotores de estas jornadas para que de manera conjunta nuestro clamor tenga eco en el Gobierno Nacional. Las v\u00edas de hecho no son la soluci\u00f3n para hacernos escuchar.<\/p>\n<p style=\"text-align: justify;\">5. En lo que tiene que ver con las afectaciones causadas por la ola invernal, este gobierno no ha ahorrado esfuerzos para atender a las comunidades afectadas y a destinado los recursos a su alcance para atender los inconvenientes generados por las lluvias, es as\u00ed como este a\u00f1o ya se han destinado 3 mil millones para mitigar la temporada de lluvias y m\u00e1s de 10 mil millones para atender obras definitivas en el Departamento.<\/p>\n<p style=\"text-align: justify;\">6. Reafirmamos el compromiso con cada rinc\u00f3n de nuestro territorio y reiteremos que ni un solo d\u00eda esta Administraci\u00f3n ha desamparado a sus comunidades. Somos un gobierno garante de los Derechos de cada habitante del departamento de Arauca.<\/p>\n<p style=\"text-align: justify;\">7. Invitamos a un dialogo fraterno a las comunidades y estamos abiertos a conocer sus propuestas para plantear al Gobierno Nacional las dificultades que estamos afrontando<\/p>\n<p>[\/et_pb_text][et_pb_code _builder_version=\u00bb4.21.0&#8243; _module_preset=\u00bbdefault\u00bb global_colors_info=\u00bb{}\u00bb]<a href=\"https:\/\/www.sedarauca.edu.co\/wp-content\/uploads\/2023\/05\/2023_Comunicado-de-prensa.pdf\" class=\"pdfemb-viewer\" style=\"\" data-width=\"max\" data-height=\"max\" data-toolbar=\"bottom\" data-toolbar-fixed=\"on\">2023_Comunicado-de-prensa<\/a>[\/et_pb_code][\/et_pb_column][\/et_pb_row][et_pb_row _builder_version=\u00bb4.21.0&#8243; _module_preset=\u00bbdefault\u00bb global_colors_info=\u00bb{}\u00bb][et_pb_column type=\u00bb4_4&#8243; _builder_version=\u00bb4.21.0&#8243; _module_preset=\u00bbdefault\u00bb global_colors_info=\u00bb{}\u00bb][et_pb_button button_url=\u00bbhttps:\/\/www.sedarauca.edu.co\/wp-content\/uploads\/2023\/05\/2023_Comunicado-de-prensa.pdf\u00bb url_new_window=\u00bbon\u00bb button_text=\u00bbDescargar Comunicado a la Opini\u00f3n P\u00fablica\u00bb button_alignment=\u00bbcenter\u00bb _builder_version=\u00bb4.21.0&#8243; _module_preset=\u00bbdefault\u00bb custom_button=\u00bbon\u00bb button_text_color=\u00bb#FFFFFF\u00bb button_bg_color=\u00bb#0C71C3&#8243; button_border_radius=\u00bb30px\u00bb button_icon=\u00bb&#xf1c1;||fa||900&#8243; hover_enabled=\u00bb0&#8243; global_colors_info=\u00bb{}\u00bb custom_margin=\u00bb-30px||||false|false\u00bb sticky_enabled=\u00bb0&#8243;][\/et_pb_button][et_pb_text _builder_version=\u00bb4.21.0&#8243; _module_preset=\u00bbdefault\u00bb hover_enabled=\u00bb0&#8243; sticky_enabled=\u00bb0&#8243; custom_margin=\u00bb||||false|false\u00bb]<\/p>\n<p>Palabras de la Gobernadora Encargada:<\/p>\n<p>[\/et_pb_text][et_pb_audio title=\u00bbPalabras de la Gobernadora Encargada\u00bb _builder_version=\u00bb4.21.0&#8243; _module_preset=\u00bbdefault\u00bb background_color=\u00bb#0C71C3&#8243; height=\u00bb150px\u00bb border_radii=\u00bbon|30px|30px|30px|30px\u00bb custom_margin=\u00bb||||false|false\u00bb hover_enabled=\u00bb0&#8243; sticky_enabled=\u00bb0&#8243; audio=\u00bbhttps:\/\/www.sedarauca.edu.co\/wp-content\/uploads\/2023\/05\/Palabras-de-la-Gobernadora-Encargada.mp3&#8243;][\/et_pb_audio][et_pb_text _builder_version=\u00bb4.21.0&#8243; _module_preset=\u00bbdefault\u00bb hover_enabled=\u00bb0&#8243; sticky_enabled=\u00bb0&#8243; custom_margin=\u00bb||||false|false\u00bb link_option_url=\u00bbhttps:\/\/www.sedarauca.edu.co\/wp-content\/uploads\/2023\/05\/Palabras-Secretario-de-Gobierno-Departamental.mp3&#8243;]<\/p>\n<p>Palabras Secretario de Gobierno Departamental:<\/p>\n<p>[\/et_pb_text][et_pb_audio title=\u00bbPalabras Secretario de Gobierno Departamental\u00bb _builder_version=\u00bb4.21.0&#8243; _module_preset=\u00bbdefault\u00bb background_color=\u00bb#0C71C3&#8243; height=\u00bb150px\u00bb border_radii=\u00bbon|30px|30px|30px|30px\u00bb custom_margin=\u00bb||||false|false\u00bb hover_enabled=\u00bb0&#8243; sticky_enabled=\u00bb0&#8243; audio=\u00bbhttps:\/\/www.sedarauca.edu.co\/wp-content\/uploads\/2023\/05\/Palabras-Secretario-de-Gobierno-Departamental.mp3&#8243;][\/et_pb_audio][et_pb_text _builder_version=\u00bb4.21.0&#8243; _module_preset=\u00bbdefault\u00bb hover_enabled=\u00bb0&#8243; sticky_enabled=\u00bb0&#8243; custom_margin=\u00bb||||false|false\u00bb link_option_url=\u00bbhttps:\/\/www.sedarauca.edu.co\/wp-content\/uploads\/2023\/05\/Palabras-Secretario-de-Educacion-Departamental.mp3&#8243;]<\/p>\n<p>Palabras Secretario de Educaci\u00f3n Departamental:<\/p>\n<p>[\/et_pb_text][et_pb_audio title=\u00bbPalabras Secretario de Educaci\u00f3n Departamental\u00bb _builder_version=\u00bb4.21.0&#8243; _module_preset=\u00bbdefault\u00bb background_color=\u00bb#0C71C3&#8243; height=\u00bb150px\u00bb border_radii=\u00bbon|30px|30px|30px|30px\u00bb custom_margin=\u00bb||||false|false\u00bb hover_enabled=\u00bb0&#8243; sticky_enabled=\u00bb0&#8243; audio=\u00bbhttps:\/\/www.sedarauca.edu.co\/wp-content\/uploads\/2023\/05\/Palabras-Secretario-de-Educacion-Departamental.mp3&#8243;][\/et_pb_audio][\/et_pb_column][\/et_pb_row][\/et_pb_section]<\/p>\n","protected":false},"excerpt":{"rendered":"<p>Ante los anuncios que vienen circulando por diferentes medios de comunicaci\u00f3n donde algunos sectores del Departamento manifiestan la realizaci\u00f3n de protestas en diferentes v\u00edas del Departamento, durante tres d\u00edas, el Gobierno departamental se permite aclarar los siguiente: 1. El bloqueo de v\u00edas no es la soluci\u00f3n a la problem\u00e1tica que se est\u00e1 registrando. No es [&hellip;]<\/p>\n","protected":false},"author":1,"featured_media":5678,"comment_status":"closed","ping_status":"closed","sticky":false,"template":"","format":"standard","meta":{"_et_pb_use_builder":"on","_et_pb_old_content":"","_et_gb_content_width":"","footnotes":""},"categories":[41,25],"tags":[],"class_list":["post-5676","post","type-post","status-publish","format-standard","has-post-thumbnail","hentry","category-comunicado","category-publicacion"],"_links":{"self":[{"href":"https:\/\/www.sedarauca.edu.co\/index.php\/wp-json\/wp\/v2\/posts\/5676","targetHints":{"allow":["GET"]}}],"collection":[{"href":"https:\/\/www.sedarauca.edu.co\/index.php\/wp-json\/wp\/v2\/posts"}],"about":[{"href":"https:\/\/www.sedarauca.edu.co\/index.php\/wp-json\/wp\/v2\/types\/post"}],"author":[{"embeddable":true,"href":"https:\/\/www.sedarauca.edu.co\/index.php\/wp-json\/wp\/v2\/users\/1"}],"replies":[{"embeddable":true,"href":"https:\/\/www.sedarauca.edu.co\/index.php\/wp-json\/wp\/v2\/comments?post=5676"}],"version-history":[{"count":8,"href":"https:\/\/www.sedarauca.edu.co\/index.php\/wp-json\/wp\/v2\/posts\/5676\/revisions"}],"predecessor-version":[{"id":5694,"href":"https:\/\/www.sedarauca.edu.co\/index.php\/wp-json\/wp\/v2\/posts\/5676\/revisions\/5694"}],"wp:featuredmedia":[{"embeddable":true,"href":"https:\/\/www.sedarauca.edu.co\/index.php\/wp-json\/wp\/v2\/media\/5678"}],"wp:attachment":[{"href":"https:\/\/www.sedarauca.edu.co\/index.php\/wp-json\/wp\/v2\/media?parent=5676"}],"wp:term":[{"taxonomy":"category","embeddable":true,"href":"https:\/\/www.sedarauca.edu.co\/index.php\/wp-json\/wp\/v2\/categories?post=5676"},{"taxonomy":"post_tag","embeddable":true,"href":"https:\/\/www.sedarauca.edu.co\/index.php\/wp-json\/wp\/v2\/tags?post=5676"}],"curies":[{"name":"wp","href":"https:\/\/api.w.org\/{rel}","templated":true}]}}