{"id":5464,"date":"2023-05-04T08:37:00","date_gmt":"2023-05-04T13:37:00","guid":{"rendered":"https:\/\/www.sedarauca.edu.co\/?p=5464"},"modified":"2023-05-04T14:56:58","modified_gmt":"2023-05-04T19:56:58","slug":"convocatoria-concurso-de-video-estamos-en-mision","status":"publish","type":"post","link":"https:\/\/www.sedarauca.edu.co\/index.php\/2023\/05\/04\/convocatoria-concurso-de-video-estamos-en-mision\/","title":{"rendered":"<strong>CONVOCATORIA CONCURSO DE VIDEO: \u00a1Estamos en Misi\u00f3n!<\/strong>"},"content":{"rendered":"<p>[et_pb_section fb_built=\u00bb1&#8243; _builder_version=\u00bb4.21.0&#8243; _module_preset=\u00bbdefault\u00bb global_colors_info=\u00bb{}\u00bb][et_pb_row _builder_version=\u00bb4.21.0&#8243; _module_preset=\u00bbdefault\u00bb hover_enabled=\u00bb0&#8243; global_colors_info=\u00bb{}\u00bb custom_margin=\u00bb-40px||||false|false\u00bb sticky_enabled=\u00bb0&#8243;][et_pb_column type=\u00bb4_4&#8243; _builder_version=\u00bb4.21.0&#8243; _module_preset=\u00bbdefault\u00bb global_colors_info=\u00bb{}\u00bb][et_pb_divider _builder_version=\u00bb4.21.0&#8243; _module_preset=\u00bbdefault\u00bb hover_enabled=\u00bb0&#8243; sticky_enabled=\u00bb0&#8243;][\/et_pb_divider][et_pb_image src=\u00bbhttps:\/\/www.sedarauca.edu.co\/wp-content\/uploads\/2023\/05\/Temas-a-Abordar.jpg\u00bb title_text=\u00bbTemas a Abordar\u00bb _builder_version=\u00bb4.21.0&#8243; _module_preset=\u00bbdefault\u00bb hover_enabled=\u00bb0&#8243; global_colors_info=\u00bb{}\u00bb sticky_enabled=\u00bb0&#8243;][\/et_pb_image][et_pb_divider _builder_version=\u00bb4.21.0&#8243; _module_preset=\u00bbdefault\u00bb hover_enabled=\u00bb0&#8243; sticky_enabled=\u00bb0&#8243; custom_margin=\u00bb-20px||||false|false\u00bb][\/et_pb_divider][et_pb_image src=\u00bbhttps:\/\/www.sedarauca.edu.co\/wp-content\/uploads\/2023\/05\/Instrucciones_EstamosEnMision.jpg\u00bb title_text=\u00bbInstrucciones_EstamosEnMisi\u00f3n\u00bb _builder_version=\u00bb4.21.0&#8243; _module_preset=\u00bbdefault\u00bb hover_enabled=\u00bb0&#8243; global_colors_info=\u00bb{}\u00bb sticky_enabled=\u00bb0&#8243;][\/et_pb_image][et_pb_divider _builder_version=\u00bb4.21.0&#8243; _module_preset=\u00bbdefault\u00bb hover_enabled=\u00bb0&#8243; sticky_enabled=\u00bb0&#8243; custom_margin=\u00bb40px||||false|false\u00bb][\/et_pb_divider][et_pb_text _builder_version=\u00bb4.21.0&#8243; _module_preset=\u00bbdefault\u00bb hover_enabled=\u00bb0&#8243; global_colors_info=\u00bb{}\u00bb sticky_enabled=\u00bb0&#8243; custom_margin=\u00bb||30px||false|false\u00bb]<\/p>\n<div>\n<p class=\"x_x_MsoNormal\" style=\"text-align: justify;\"><span class=\"x_x_ContentPasted4 x_ContentPasted2\">La<span class=\"x_ContentPasted2\">\u00a0<\/span><\/span><span class=\"x_x_ContentPasted4\"><span class=\"x_x_ContentPasted5 x_ContentPasted2\">organizaci\u00f3n suiza Geneva Call c<\/span><\/span><span class=\"x_x_ContentPasted4 x_ContentPasted2\">on el objetivo de dar continuidad al concurso de video: \u00a1Estamos en Misi\u00f3n!, estrategia comunicativa iniciada en 2022 y que para este a\u00f1o pretende promover entre estudiantes de 8 instituciones educativas de los municipios de Arauquita, Fortul, Saravena y Tame, el reconocimiento de las maneras de proteger a la Misi\u00f3n M\u00e9dica en el departamento de Arauca.<span class=\"x_ContentPasted2\">\u00a0<\/span><\/span><span class=\"x_x_ContentPasted4\"><span class=\"x_ContentPasted2\">\u00a0<\/span><\/span><\/p>\n<p class=\"x_x_MsoNormal\" style=\"text-align: justify;\"><span class=\"x_x_ContentPasted4 x_ContentPasted2\">De manera participativa y voluntaria, los y las participantes deber\u00e1n, haciendo uso de una c\u00e1mara de video, la c\u00e1mara de un celular u otro dispositivo electr\u00f3nico, grabar un video aficionado que tenga una duraci\u00f3n m\u00e1xima de dos minutos en el que planteen por qu\u00e9 es importante proteger a la Misi\u00f3n M\u00e9dica. Este video los estudiantes pueden realizarlo de manera hablada o por medio de un canto, baile o cualquier otra expresi\u00f3n art\u00edstica. As\u00ed mismo, pueden realizarlo de manera individual, en duplas o grupos.<\/span><span class=\"x_x_ContentPasted4\"><span class=\"x_ContentPasted2\">\u00a0<\/span><\/span><\/p>\n<p class=\"x_x_MsoNormal\" style=\"text-align: justify;\"><span class=\"x_x_ContentPasted4 x_ContentPasted2\">Esta iniciativa, hace parte de una serie de estrategias de protecci\u00f3n que, desde la promoci\u00f3n del Derecho Internacional Humanitario &#8211; DIH, la organizaci\u00f3n Geneva Call viene realizando en el departamento de Arauca desde el a\u00f1o 2021 con diferentes comunidades y p\u00fablicos.<span class=\"x_ContentPasted2\">\u00a0<\/span><\/span><span class=\"x_x_ContentPasted4\"><span class=\"x_ContentPasted2\">\u00a0<\/span><\/span><\/p>\n<p class=\"x_x_MsoNormal\" style=\"text-align: justify;\"><strong><span class=\"x_x_ContentPasted4 x_ContentPasted2\">Las instituciones educativas que pueden participar del concurso son:<span class=\"x_ContentPasted2\">\u00a0<\/span><\/span><span class=\"x_x_ContentPasted4\"><span class=\"x_ContentPasted2\">\u00a0<\/span><\/span><\/strong><\/p>\n<p class=\"x_x_MsoNormal\" style=\"text-align: justify;\"><span class=\"x_x_ContentPasted4 x_ContentPasted2\">Arauquita<\/span><span class=\"x_x_ContentPasted4 x_ContentPasted2\">: I.E. Liceo del Llano y I.E. Juan Jacobo Rousseau.<\/span><span class=\"x_x_ContentPasted4\"><span class=\"x_ContentPasted2\">\u00a0<\/span><\/span><\/p>\n<p class=\"x_x_MsoNormal\" style=\"text-align: justify;\"><span class=\"x_x_ContentPasted4 x_ContentPasted2\">Fortul:<\/span><span class=\"x_x_ContentPasted4 x_ContentPasted2\"><span class=\"x_ContentPasted2\">\u00a0<\/span>Alejandro Humboldt y I.E. Pablo VI.<\/span><span class=\"x_x_ContentPasted4\"><span class=\"x_ContentPasted2\">\u00a0<\/span><\/span><\/p>\n<p class=\"x_x_MsoNormal\" style=\"text-align: justify;\"><span class=\"x_x_ContentPasted4 x_ContentPasted2\">Saravena:<\/span><span class=\"x_x_ContentPasted4 x_ContentPasted2\"><span class=\"x_ContentPasted2\">\u00a0<\/span>I.E. Jos\u00e9 Odel Lizarazo (sede Semilleros de Paz) y I.E. Concentraci\u00f3n de Desarrollo Rural.<span class=\"x_ContentPasted2\">\u00a0<\/span><\/span><span class=\"x_x_ContentPasted4\"><span class=\"x_ContentPasted2\">\u00a0<\/span><\/span><\/p>\n<p class=\"x_x_MsoNormal\" style=\"text-align: justify;\"><span class=\"x_x_ContentPasted4 x_ContentPasted2\">Tame:<\/span><span class=\"x_x_ContentPasted4 x_ContentPasted2\"><span class=\"x_ContentPasted2\">\u00a0<\/span>I.E. Froil\u00e1n Farias y Liceo Tame.<span class=\"x_ContentPasted2\">\u00a0<\/span><\/span><span class=\"x_x_ContentPasted4\"><span class=\"x_ContentPasted2\">\u00a0<\/span><\/span><\/p>\n<p class=\"x_x_MsoNormal\" style=\"text-align: justify;\"><strong><span class=\"x_x_ContentPasted4 x_ContentPasted2\">Fecha de finalizaci\u00f3n del concurso<\/span><\/strong><span class=\"x_x_ContentPasted4 x_ContentPasted2\"><strong>:<\/strong> mi\u00e9rcoles 17 de mayo de 2023.<span class=\"x_ContentPasted2\">\u00a0<\/span><\/span><span class=\"x_x_ContentPasted4\"><span class=\"x_ContentPasted2\">\u00a0<\/span><\/span><\/p>\n<p class=\"x_x_MsoNormal\" style=\"text-align: justify;\"><span class=\"x_x_ContentPasted4\"><span class=\"x_ContentPasted2\"><\/span><\/span><\/p>\n<\/div>\n<div style=\"text-align: justify;\"><span class=\"x_ContentPasted2\"><strong>Inscripciones<\/strong> en el siguiente enlace\u00a0<\/span><a href=\"https:\/\/ee.humanitarianresponse.info\/x\/ghlQDFfL\" target=\"_blank\" rel=\"noopener noreferrer\" data-auth=\"NotApplicable\" data-safelink=\"true\" data-linkindex=\"0\" class=\"x_ContentPasted2\"><span>https:\/\/ee.humanitarianresponse.info\/x\/ghlQDFfL<\/span><\/a><\/div>\n<div style=\"text-align: justify;\"><\/div>\n<div class=\"x_x_ContentPasted3\" style=\"text-align: justify;\"><span class=\"x_ContentPasted2\">Para mayor informaci\u00f3n sobre los t\u00e9rminos y condiciones del concurso visite la cuenta en Instagram de Geneva Call:\u00a0<\/span><span class=\"x_ContentPasted2\">\u00a0<\/span><a href=\"https:\/\/www.instagram.com\/genevacallcolombia\/\" target=\"_blank\" rel=\"noopener noreferrer\" data-auth=\"NotApplicable\" data-safelink=\"true\" data-linkindex=\"1\" class=\"x_ContentPasted2\"><span>https:\/\/www.instagram.com\/genevacallcolombia\/<\/span><\/a><\/div>\n<p>[\/et_pb_text][et_pb_divider _builder_version=\u00bb4.21.0&#8243; _module_preset=\u00bbdefault\u00bb hover_enabled=\u00bb0&#8243; sticky_enabled=\u00bb0&#8243;][\/et_pb_divider][\/et_pb_column][\/et_pb_row][\/et_pb_section]<\/p>\n","protected":false},"excerpt":{"rendered":"<p>La\u00a0organizaci\u00f3n suiza Geneva Call con el objetivo de dar continuidad al concurso de video: \u00a1Estamos en Misi\u00f3n!, estrategia comunicativa iniciada en 2022 y que para este a\u00f1o pretende promover entre estudiantes de 8 instituciones educativas de los municipios de Arauquita, Fortul, Saravena y Tame, el reconocimiento de las maneras de proteger a la Misi\u00f3n M\u00e9dica [&hellip;]<\/p>\n","protected":false},"author":1,"featured_media":5472,"comment_status":"closed","ping_status":"closed","sticky":false,"template":"","format":"standard","meta":{"_et_pb_use_builder":"on","_et_pb_old_content":"","_et_gb_content_width":"","footnotes":""},"categories":[36,25],"tags":[],"class_list":["post-5464","post","type-post","status-publish","format-standard","has-post-thumbnail","hentry","category-concurso","category-publicacion"],"_links":{"self":[{"href":"https:\/\/www.sedarauca.edu.co\/index.php\/wp-json\/wp\/v2\/posts\/5464","targetHints":{"allow":["GET"]}}],"collection":[{"href":"https:\/\/www.sedarauca.edu.co\/index.php\/wp-json\/wp\/v2\/posts"}],"about":[{"href":"https:\/\/www.sedarauca.edu.co\/index.php\/wp-json\/wp\/v2\/types\/post"}],"author":[{"embeddable":true,"href":"https:\/\/www.sedarauca.edu.co\/index.php\/wp-json\/wp\/v2\/users\/1"}],"replies":[{"embeddable":true,"href":"https:\/\/www.sedarauca.edu.co\/index.php\/wp-json\/wp\/v2\/comments?post=5464"}],"version-history":[{"count":7,"href":"https:\/\/www.sedarauca.edu.co\/index.php\/wp-json\/wp\/v2\/posts\/5464\/revisions"}],"predecessor-version":[{"id":5478,"href":"https:\/\/www.sedarauca.edu.co\/index.php\/wp-json\/wp\/v2\/posts\/5464\/revisions\/5478"}],"wp:featuredmedia":[{"embeddable":true,"href":"https:\/\/www.sedarauca.edu.co\/index.php\/wp-json\/wp\/v2\/media\/5472"}],"wp:attachment":[{"href":"https:\/\/www.sedarauca.edu.co\/index.php\/wp-json\/wp\/v2\/media?parent=5464"}],"wp:term":[{"taxonomy":"category","embeddable":true,"href":"https:\/\/www.sedarauca.edu.co\/index.php\/wp-json\/wp\/v2\/categories?post=5464"},{"taxonomy":"post_tag","embeddable":true,"href":"https:\/\/www.sedarauca.edu.co\/index.php\/wp-json\/wp\/v2\/tags?post=5464"}],"curies":[{"name":"wp","href":"https:\/\/api.w.org\/{rel}","templated":true}]}}