{"id":5264,"date":"2023-03-21T10:16:00","date_gmt":"2023-03-21T15:16:00","guid":{"rendered":"https:\/\/www.sedarauca.edu.co\/?p=5264"},"modified":"2023-03-22T18:20:47","modified_gmt":"2023-03-22T23:20:47","slug":"estudiante-araucana-represento-al-departamento-en-el-evento-nacional-volvamos-seguros-al-colegio","status":"publish","type":"post","link":"https:\/\/www.sedarauca.edu.co\/index.php\/2023\/03\/21\/estudiante-araucana-represento-al-departamento-en-el-evento-nacional-volvamos-seguros-al-colegio\/","title":{"rendered":"<strong>Estudiante araucana represent\u00f3 al Departamento en el evento nacional \u201cVolvamos seguros al colegio\u201d.<\/strong>"},"content":{"rendered":"\n[et_pb_section fb_built=\u00bb1&#8243; theme_builder_area=\u00bbpost_content\u00bb _builder_version=\u00bb4.20.2&#8243; _module_preset=\u00bbdefault\u00bb][et_pb_row _builder_version=\u00bb4.20.2&#8243; _module_preset=\u00bbdefault\u00bb theme_builder_area=\u00bbpost_content\u00bb][et_pb_column _builder_version=\u00bb4.20.2&#8243; _module_preset=\u00bbdefault\u00bb type=\u00bb4_4&#8243; theme_builder_area=\u00bbpost_content\u00bb][et_pb_text _builder_version=\u00bb4.20.2&#8243; _module_preset=\u00bbdefault\u00bb theme_builder_area=\u00bbpost_content\u00bb custom_margin=\u00bb-60px||||false|false\u00bb hover_enabled=\u00bb0&#8243; sticky_enabled=\u00bb0&#8243;]<p style=\"text-align: center;\"><i class=\"x_ContentPasted1\">\u00a1Nos enorgullece destacar la participaci\u00f3n de nuestros estudiantes en escenarios del orden nacional!\u00a0<\/i><\/p>[\/et_pb_text][et_pb_text _builder_version=\u00bb4.20.2&#8243; _module_preset=\u00bbdefault\u00bb theme_builder_area=\u00bbpost_content\u00bb hover_enabled=\u00bb0&#8243; sticky_enabled=\u00bb0&#8243;]<p class=\"x_MsoNormal x_ContentPasted1\" style=\"text-align: justify;\"><b class=\"x_ContentPasted1\">Arauca, 20 de marzo de 2023.<\/b><span>\u00a0<\/span>Juliani Carolina Mart\u00ednez Nava estudiante del grado d\u00e9cimo de la Instituci\u00f3n Educativa Gustavo Villa Diaz del municipio de Arauca, represent\u00f3 al departamento de Arauca en el evento nacional \u201cVamos seguros al colegio: aprendizajes del cierre prolongado\u201d, que se realiz\u00f3 el pasado 14 de marzo en la ciudad de Bogot\u00e1.\u00a0<\/p>\n<p class=\"x_MsoNormal x_ContentPasted1\" style=\"text-align: justify;\">El evento se desarroll\u00f3 en el marco del proyecto \u201cVolvamos seguros al colegio\u201d que es ejecutado por un consorcio conformado por la Universidad de los Andes, Save The Children, RedPaPaz, Educapaz y la Fundaci\u00f3n Centro Internacional de Educaci\u00f3n, Desarrollo Humano (CINDE) y financiado por Open Society, ante la necesidad de conocer m\u00e1s sobre los impactos de la pandemia en las comunidades educativas.\u00a0<\/p>[\/et_pb_text][et_pb_image src=\u00bbhttps:\/\/www.sedarauca.edu.co\/wp-content\/uploads\/2023\/03\/NINA-ANDES-2.jpg\u00bb _builder_version=\u00bb4.20.2&#8243; _module_preset=\u00bbdefault\u00bb theme_builder_area=\u00bbpost_content\u00bb title_text=\u00bbNI\u00d1A ANDES 2&#8243; hover_enabled=\u00bb0&#8243; sticky_enabled=\u00bb0&#8243;][\/et_pb_image][et_pb_text _builder_version=\u00bb4.20.2&#8243; _module_preset=\u00bbdefault\u00bb theme_builder_area=\u00bbpost_content\u00bb hover_enabled=\u00bb0&#8243; sticky_enabled=\u00bb0&#8243;]<p class=\"x_MsoNormal x_ContentPasted1\" style=\"text-align: justify;\">En el marco de dicho proyecto se realiz\u00f3 una encuesta a 880 colegios de 11 secretar\u00edas de educaci\u00f3n del pa\u00eds ubicadas en 10 departamentos, para conocer sobre sus procesos de reapertura. Para dar a conocer los resultados encontrados por las organizaciones, fueron seleccionados algunos estudiantes con el fin de que ellos mismos narraran sus experiencias durante la pandemia y en el retorno a la presencialidad.\u00a0<\/p>\n<p class=\"x_MsoNormal x_ContentPasted1\" style=\"text-align: justify;\"><span class=\"x_ContentPasted1\">\u00a0<\/span>De all\u00ed, Juliani Carolina fue escogida para ser la vocera de los ni\u00f1os y ni\u00f1as de Arauca y de todo el pa\u00eds, contando su experiencia de estudiar desde la virtualidad en pandemia y los retos de la permanencia escolar. \u00a0<\/p>\n<p class=\"x_MsoNormal x_ContentPasted1\" style=\"text-align: justify;\">Desde la Secretar\u00eda de Educaci\u00f3n Departamental felicitamos a Juliani por su excelente representaci\u00f3n en el evento, que sirve de ejemplo para que nuestros estudiantes araucanos se motiven y aprovechen las oportunidades de compartir escenarios nacionales con grandes profesionales y ser la voz de la ni\u00f1ez de Colombia.\u00a0<\/p>[\/et_pb_text][\/et_pb_column][\/et_pb_row][\/et_pb_section]\n","protected":false},"excerpt":{"rendered":"<p>\u00a1Nos enorgullece destacar la participaci\u00f3n de nuestros estudiantes en escenarios del orden nacional!\u00a0Arauca, 20 de marzo de 2023.\u00a0Juliani Carolina Mart\u00ednez Nava estudiante del grado d\u00e9cimo de la Instituci\u00f3n Educativa Gustavo Villa Diaz del municipio de Arauca, represent\u00f3 al departamento de Arauca en el evento nacional \u201cVamos seguros al colegio: aprendizajes del cierre prolongado\u201d, que se [&hellip;]<\/p>\n","protected":false},"author":1,"featured_media":5265,"comment_status":"closed","ping_status":"closed","sticky":false,"template":"","format":"standard","meta":{"_et_pb_use_builder":"on","_et_pb_old_content":"","_et_gb_content_width":"","footnotes":""},"categories":[6],"tags":[],"class_list":["post-5264","post","type-post","status-publish","format-standard","has-post-thumbnail","hentry","category-noticias"],"_links":{"self":[{"href":"https:\/\/www.sedarauca.edu.co\/index.php\/wp-json\/wp\/v2\/posts\/5264","targetHints":{"allow":["GET"]}}],"collection":[{"href":"https:\/\/www.sedarauca.edu.co\/index.php\/wp-json\/wp\/v2\/posts"}],"about":[{"href":"https:\/\/www.sedarauca.edu.co\/index.php\/wp-json\/wp\/v2\/types\/post"}],"author":[{"embeddable":true,"href":"https:\/\/www.sedarauca.edu.co\/index.php\/wp-json\/wp\/v2\/users\/1"}],"replies":[{"embeddable":true,"href":"https:\/\/www.sedarauca.edu.co\/index.php\/wp-json\/wp\/v2\/comments?post=5264"}],"version-history":[{"count":3,"href":"https:\/\/www.sedarauca.edu.co\/index.php\/wp-json\/wp\/v2\/posts\/5264\/revisions"}],"predecessor-version":[{"id":5269,"href":"https:\/\/www.sedarauca.edu.co\/index.php\/wp-json\/wp\/v2\/posts\/5264\/revisions\/5269"}],"wp:featuredmedia":[{"embeddable":true,"href":"https:\/\/www.sedarauca.edu.co\/index.php\/wp-json\/wp\/v2\/media\/5265"}],"wp:attachment":[{"href":"https:\/\/www.sedarauca.edu.co\/index.php\/wp-json\/wp\/v2\/media?parent=5264"}],"wp:term":[{"taxonomy":"category","embeddable":true,"href":"https:\/\/www.sedarauca.edu.co\/index.php\/wp-json\/wp\/v2\/categories?post=5264"},{"taxonomy":"post_tag","embeddable":true,"href":"https:\/\/www.sedarauca.edu.co\/index.php\/wp-json\/wp\/v2\/tags?post=5264"}],"curies":[{"name":"wp","href":"https:\/\/api.w.org\/{rel}","templated":true}]}}