{"id":1538,"date":"2023-02-16T08:39:00","date_gmt":"2023-02-16T13:39:00","guid":{"rendered":"http:\/\/www.sedarauca.edu.co\/?p=1538"},"modified":"2023-02-16T17:53:56","modified_gmt":"2023-02-16T22:53:56","slug":"colegios-en-arauca-conmemoraron-el-dia-internacional-de-las-manos-rojas","status":"publish","type":"post","link":"https:\/\/www.sedarauca.edu.co\/index.php\/2023\/02\/16\/colegios-en-arauca-conmemoraron-el-dia-internacional-de-las-manos-rojas\/","title":{"rendered":"<strong>Colegios en Arauca conmemoraron el D\u00eda Internacional de las Manos Rojas\u00a0<\/strong>"},"content":{"rendered":"<p>[et_pb_section fb_built=\u00bb1&#8243; theme_builder_area=\u00bbpost_content\u00bb _builder_version=\u00bb4.20.0&#8243; _module_preset=\u00bbdefault\u00bb][et_pb_row _builder_version=\u00bb4.20.0&#8243; _module_preset=\u00bbdefault\u00bb theme_builder_area=\u00bbpost_content\u00bb][et_pb_column _builder_version=\u00bb4.20.0&#8243; _module_preset=\u00bbdefault\u00bb type=\u00bb4_4&#8243; theme_builder_area=\u00bbpost_content\u00bb][et_pb_text _builder_version=\u00bb4.20.0&#8243; _module_preset=\u00bbdefault\u00bb theme_builder_area=\u00bbpost_content\u00bb hover_enabled=\u00bb0&#8243; sticky_enabled=\u00bb0&#8243;]<\/p>\n<ul>\n<li style=\"text-align: center;\"><i><span lang=\"ES-MX\" class=\"x_ContentPasted1\">El Dia de las Manos Rojas es una iniciativa mundial que llama a la acci\u00f3n para detener la vinculaci\u00f3n de ni\u00f1os y ni\u00f1as en los conflictos armados, movilizando a la sociedad, sensibilizando y generando acciones para prevenir el reclutamiento, uso y utilizaci\u00f3n.\u00a0<\/span><\/i><\/li>\n<\/ul>\n<ul>\n<li style=\"text-align: center;\"><i><span lang=\"ES-MX\" class=\"x_ContentPasted1\">Aunque la fecha de conmemoraci\u00f3n es el 12 de febrero, los establecimientos educativos en Arauca decidieron realizar actividades durante toda la semana del 13 al 17 de febrero para exigirle a los actores armados que las \u201cescuelas sean territorios de paz\u201d.\u00a0<\/span><\/i><\/li>\n<\/ul>\n<p>[\/et_pb_text][\/et_pb_column][\/et_pb_row][et_pb_row _builder_version=\u00bb4.20.0&#8243; _module_preset=\u00bbdefault\u00bb theme_builder_area=\u00bbpost_content\u00bb][et_pb_column _builder_version=\u00bb4.20.0&#8243; _module_preset=\u00bbdefault\u00bb type=\u00bb4_4&#8243; theme_builder_area=\u00bbpost_content\u00bb][et_pb_text _builder_version=\u00bb4.20.0&#8243; _module_preset=\u00bbdefault\u00bb theme_builder_area=\u00bbpost_content\u00bb hover_enabled=\u00bb0&#8243; sticky_enabled=\u00bb0&#8243;]<\/p>\n<p class=\"x_MsoNormal\" style=\"text-align: justify;\"><b><span lang=\"ES-MX\" class=\"x_ContentPasted1\">Arauca, 15 de febrero de 2023.<\/span><\/b><span lang=\"ES-MX\" class=\"x_ContentPasted1\"><span class=\"x_ContentPasted1\">\u00a0<span>\u00a0<\/span><\/span>A trav\u00e9s de pedagog\u00eda y pint\u00e1ndose las manos de rojo como se\u00f1al de rechazo, los establecimientos educativos oficiales urbanos y rurales del departamento de Arauca, se unieron a la conmemoraci\u00f3n internacional del D\u00eda Internacional de las Manos Rojas, para generar conciencia sobre la importancia de este flagelo.<span>\u00a0<\/span><span class=\"x_ContentPasted1\">\u00a0<\/span>Seg\u00fan el Registro \u00danico de V\u00edctimas (RUV), en nuestro pa\u00eds 9.339 ni\u00f1os, ni\u00f1as y adolescentes han sido v\u00edctimas de actividades relacionadas con grupos armados.\u00a0<\/span><\/p>\n<p class=\"x_MsoNormal\" style=\"text-align: justify;\"><span lang=\"ES-MX\" class=\"x_ContentPasted1\">\u201cDesde la Secretar\u00eda de Educaci\u00f3n Departamental nos unimos al llamado urgente para seguir aunando esfuerzos en pro de los ni\u00f1os, ni\u00f1as y adolescentes, sobre todo de las zonas rurales de nuestro territorio, para que puedan gozar de una vida sana, sin violencia; que puedan crecer y desarrollarse junto a sus familias; y puedan acceder a una educaci\u00f3n de calidad\u201d, expres\u00f3 el secretario de Educaci\u00f3n Marceliano Guerrero.\u00a0<\/span><\/p>\n<p class=\"x_MsoNormal\" style=\"text-align: justify;\"><span lang=\"ES-MX\" class=\"x_ContentPasted1\">Aqu\u00ed les compartimos algunas fotograf\u00edas de lo que fue la conmemoraci\u00f3n en nuestras escuelas.\u00a0<\/span><\/p>\n<p>[\/et_pb_text][\/et_pb_column][\/et_pb_row][et_pb_row _builder_version=\u00bb4.20.0&#8243; _module_preset=\u00bbdefault\u00bb theme_builder_area=\u00bbpost_content\u00bb][et_pb_column _builder_version=\u00bb4.20.0&#8243; _module_preset=\u00bbdefault\u00bb type=\u00bb4_4&#8243; theme_builder_area=\u00bbpost_content\u00bb][et_pb_gallery _builder_version=\u00bb4.20.0&#8243; _module_preset=\u00bbdefault\u00bb theme_builder_area=\u00bbpost_content\u00bb gallery_ids=\u00bb1542,1543,1544,1545,1546,1539&#8243; hover_enabled=\u00bb0&#8243; sticky_enabled=\u00bb0&#8243;][\/et_pb_gallery][\/et_pb_column][\/et_pb_row][\/et_pb_section]<\/p>\n","protected":false},"excerpt":{"rendered":"<p>El Dia de las Manos Rojas es una iniciativa mundial que llama a la acci\u00f3n para detener la vinculaci\u00f3n de ni\u00f1os y ni\u00f1as en los conflictos armados, movilizando a la sociedad, sensibilizando y generando acciones para prevenir el reclutamiento, uso y utilizaci\u00f3n.\u00a0 Aunque la fecha de conmemoraci\u00f3n es el 12 de febrero, los establecimientos educativos [&hellip;]<\/p>\n","protected":false},"author":1,"featured_media":1541,"comment_status":"closed","ping_status":"closed","sticky":false,"template":"","format":"standard","meta":{"_et_pb_use_builder":"on","_et_pb_old_content":"","_et_gb_content_width":"","footnotes":""},"categories":[21,6],"tags":[],"class_list":["post-1538","post","type-post","status-publish","format-standard","has-post-thumbnail","hentry","category-boletin","category-noticias"],"_links":{"self":[{"href":"https:\/\/www.sedarauca.edu.co\/index.php\/wp-json\/wp\/v2\/posts\/1538","targetHints":{"allow":["GET"]}}],"collection":[{"href":"https:\/\/www.sedarauca.edu.co\/index.php\/wp-json\/wp\/v2\/posts"}],"about":[{"href":"https:\/\/www.sedarauca.edu.co\/index.php\/wp-json\/wp\/v2\/types\/post"}],"author":[{"embeddable":true,"href":"https:\/\/www.sedarauca.edu.co\/index.php\/wp-json\/wp\/v2\/users\/1"}],"replies":[{"embeddable":true,"href":"https:\/\/www.sedarauca.edu.co\/index.php\/wp-json\/wp\/v2\/comments?post=1538"}],"version-history":[{"count":2,"href":"https:\/\/www.sedarauca.edu.co\/index.php\/wp-json\/wp\/v2\/posts\/1538\/revisions"}],"predecessor-version":[{"id":1547,"href":"https:\/\/www.sedarauca.edu.co\/index.php\/wp-json\/wp\/v2\/posts\/1538\/revisions\/1547"}],"wp:featuredmedia":[{"embeddable":true,"href":"https:\/\/www.sedarauca.edu.co\/index.php\/wp-json\/wp\/v2\/media\/1541"}],"wp:attachment":[{"href":"https:\/\/www.sedarauca.edu.co\/index.php\/wp-json\/wp\/v2\/media?parent=1538"}],"wp:term":[{"taxonomy":"category","embeddable":true,"href":"https:\/\/www.sedarauca.edu.co\/index.php\/wp-json\/wp\/v2\/categories?post=1538"},{"taxonomy":"post_tag","embeddable":true,"href":"https:\/\/www.sedarauca.edu.co\/index.php\/wp-json\/wp\/v2\/tags?post=1538"}],"curies":[{"name":"wp","href":"https:\/\/api.w.org\/{rel}","templated":true}]}}