{"id":1520,"date":"2023-02-10T11:21:00","date_gmt":"2023-02-10T16:21:00","guid":{"rendered":"https:\/\/www.sedarauca.edu.co\/?p=1520"},"modified":"2023-02-10T20:33:39","modified_gmt":"2023-02-11T01:33:39","slug":"gobernacion-de-arauca-invita-a-la-ciudadania-a-conformar-la-veeduria-para-el-pae-2023","status":"publish","type":"post","link":"https:\/\/www.sedarauca.edu.co\/index.php\/2023\/02\/10\/gobernacion-de-arauca-invita-a-la-ciudadania-a-conformar-la-veeduria-para-el-pae-2023\/","title":{"rendered":"<strong>Gobernaci\u00f3n de Arauca invita a la ciudadan\u00eda a conformar la Veedur\u00eda para el PAE -2023<\/strong>"},"content":{"rendered":"<p>[et_pb_section fb_built=\u00bb1&#8243; _builder_version=\u00bb4.19.5&#8243; _module_preset=\u00bbdefault\u00bb global_colors_info=\u00bb{}\u00bb][et_pb_row _builder_version=\u00bb4.19.5&#8243; _module_preset=\u00bbdefault\u00bb global_colors_info=\u00bb{}\u00bb][et_pb_column type=\u00bb4_4&#8243; _builder_version=\u00bb4.19.5&#8243; _module_preset=\u00bbdefault\u00bb global_colors_info=\u00bb{}\u00bb][et_pb_text _builder_version=\u00bb4.19.5&#8243; _module_preset=\u00bbdefault\u00bb global_colors_info=\u00bb{}\u00bb]<\/p>\n<p style=\"text-align: center;\"><i><span lang=\"ES-MX\" class=\"x_ContentPasted1\">Este es un mecanismo propuesto por el Ministerio de Educaci\u00f3n Nacional para promover el control social sobre el Programa de Alimentaci\u00f3n Escolar. En Arauca, este servicio se presta en 367 sedes educativas oficiales de los siete municipios de Arauca.\u00a0<\/span><\/i><\/p>\n<p>[\/et_pb_text][et_pb_text _builder_version=\u00bb4.19.5&#8243; _module_preset=\u00bbdefault\u00bb hover_enabled=\u00bb0&#8243; global_colors_info=\u00bb{}\u00bb custom_padding=\u00bb||0px|||\u00bb sticky_enabled=\u00bb0&#8243;]<\/p>\n<p class=\"x_MsoNormal\" style=\"text-align: justify;\"><b><span lang=\"ES-MX\" class=\"x_ContentPasted1\">Arauca, 10 de febrero de 2023.<\/span><\/b><span lang=\"ES-MX\" class=\"x_ContentPasted1\"><span class=\"x_ContentPasted1\">\u00a0<span>\u00a0<\/span><\/span>La Administraci\u00f3n Departamental \u2018Construyendo Futuro\u201d invita a la comunidad araucana a constituir las veedur\u00edas ciudadanas para realizar control y vigilancia a la ejecuci\u00f3n del contrato No. 597-2022, a trav\u00e9s del cual opera el Programa de Alimentaci\u00f3n Escolar &#8211; PAE- para las Instituciones Educativas Oficiales Priorizadas para Poblaci\u00f3n Mayoritaria en el departamento de Arauca &#8211; vigencia 2023, a fin de promover el mejoramiento continuo y la garant\u00eda de los derechos de los ni\u00f1os, ni\u00f1as y adolescentes.\u00a0<\/span><\/p>\n<p class=\"x_MsoNormal\" style=\"text-align: justify;\"><span lang=\"ES-MX\" class=\"x_ContentPasted1\">Para este a\u00f1o escolar 2.023 se destinaron recursos por valor de 20 mil millones de pesos para el Programa de Alimentaci\u00f3n Escolar \u2013 Mayoritario, con el que se brindar\u00e1 cobertura a 19.502 estudiantes de 367 sedes educativas oficiales de todo el Departamento, de las cuales 358 son sedes rurales y 195 son instituciones con jornada extendida. \u00a0<\/span><\/p>\n<p class=\"x_MsoNormal\" style=\"text-align: justify;\"><span lang=\"ES-MX\" class=\"x_ContentPasted1\"><span class=\"x_ContentPasted1\">\u00a0<\/span>\u201cPara el gobierno departamental es muy importante el apoyo de la ciudadan\u00eda a trav\u00e9s de estos mecanismos de participaci\u00f3n, por cuanto nos ayudan a ejercer control y seguimiento a la implementaci\u00f3n del PAE en nuestros establecimientos educativos oficiales. Desde la Secretar\u00eda de Educaci\u00f3n estaremos prestos a brindarles todo el soporte e informaci\u00f3n que les permita hacer el seguimiento al presupuesto, actividades, operador y dem\u00e1s detalles correspondientes a la ejecuci\u00f3n del Programa de Alimentaci\u00f3n Escolar\u201d, indic\u00f3 el secretario de Educaci\u00f3n Departamental Marceliano Guerrero.\u00a0<\/span><\/p>\n<p class=\"x_MsoNormal\" style=\"text-align: justify;\"><span lang=\"ES-MX\" class=\"x_ContentPasted1\">\u00bfQu\u00e9 son las veedur\u00edas? Son un mecanismo que permite a los ciudadanos o a las diferentes organizaciones comunitarias, ejercer vigilancia sobre la gesti\u00f3n p\u00fablica, espec\u00edficamente en la ejecuci\u00f3n de un programa, proyecto, contrato o la prestaci\u00f3n de un servicio p\u00fablico, sin embargo, a la fecha no se han conformado veedur\u00edas para el PAE.\u00a0<\/span><\/p>\n<p class=\"x_MsoNormal\" style=\"text-align: justify;\"><span lang=\"ES-MX\" class=\"x_ContentPasted1\">Aqu\u00ed les contamos cu\u00e1l es el marco legal para la conformaci\u00f3n de las veedur\u00edas ciudadanas \u2013PAE:\u00a0<\/span><\/p>\n<p class=\"x_MsoNormal\" style=\"text-align: justify;\"><span lang=\"ES-MX\" class=\"x_ContentPasted1\">Ley 850 de 2003: que reglamenta las veedur\u00edas ciudadanas en una instituci\u00f3n jur\u00eddica que contempla las reglas espec\u00edficas para su creaci\u00f3n, los principios democr\u00e1ticos que rigen su organizaci\u00f3n interna, sus restricciones y limitaciones, as\u00ed\u0301 como las herramientas especiales para que los ciudadanos ejerzan la funci\u00f3n de vigilancia y control.\u00a0<\/span><\/p>\n<p class=\"x_MsoNormal\" style=\"text-align: justify;\"><span lang=\"ES-MX\" class=\"x_ContentPasted1\">Ley 2042 del 27 de julio de 2020: por medio de la cual se otorgan herramientas para que los padres de familia realicen un acompa\u00f1amiento eficaz con el fin de cuidar los recursos del PAE.\u00a0<\/span><\/p>\n<p class=\"x_MsoNormal\" style=\"text-align: justify;\"><b><span lang=\"ES-MX\" class=\"x_ContentPasted1\">\u00bfQui\u00e9nes pueden constituir veedur\u00edas ciudadanas -PAE?\u00a0<\/span><\/b><\/p>\n<p class=\"x_MsoNormal\" style=\"text-align: justify;\"><span lang=\"ES-MX\" class=\"x_ContentPasted1\">Por iniciativa de un n\u00famero plural de ciudadanos.\u00a0<\/span><\/p>\n<p class=\"x_MsoNormal\" style=\"text-align: justify;\"><span lang=\"ES-MX\" class=\"x_ContentPasted1\">Organizaciones civiles constituidas que deciden vigilar la gesti\u00f3n p\u00fablica.\u00a0<\/span><\/p>\n<p class=\"x_MsoNormal\" style=\"text-align: justify;\"><b><span lang=\"ES-MX\" class=\"x_ContentPasted1\">Tenga en cuenta:\u00a0<\/span><\/b><\/p>\n<p class=\"x_MsoNormal\" style=\"text-align: justify;\"><span lang=\"ES-MX\" class=\"x_ContentPasted1\">Deben estar constituidas legalmente ante la Personer\u00eda Municipal.\u00a0<\/span><\/p>\n<p class=\"x_MsoNormal\" style=\"text-align: justify;\"><span lang=\"ES-MX\" class=\"x_ContentPasted1\">La Veedur\u00eda Ciudadana -PAE- se debe ejercer con respeto.\u00a0<\/span><\/p>\n<p class=\"x_MsoNormal\" style=\"text-align: justify;\"><span lang=\"ES-MX\" class=\"x_ContentPasted1\">Ning\u00fan veedor tiene la autoridad para detener la entrega de alimentos o decomisar alimentos ya que esta competencia es del INVIMA, o las secretar\u00edas de Salud Departamental o municipales.\u00a0<\/span><\/p>\n<p class=\"x_MsoNormal\" style=\"text-align: justify;\"><span lang=\"ES-MX\" class=\"x_ContentPasted1\">Cualquier inquietud adicional sobre la conformaci\u00f3n de este mecanismo de participaci\u00f3n pueden comunicarse en el correo electr\u00f3nico <a href=\"mailto:pae@sedarauca.edu.co\">pae@sedarauca.edu.co.<\/a><\/span><\/p>\n<p>[\/et_pb_text][\/et_pb_column][\/et_pb_row][\/et_pb_section]<\/p>\n","protected":false},"excerpt":{"rendered":"<p>Este es un mecanismo propuesto por el Ministerio de Educaci\u00f3n Nacional para promover el control social sobre el Programa de Alimentaci\u00f3n Escolar. En Arauca, este servicio se presta en 367 sedes educativas oficiales de los siete municipios de Arauca.\u00a0Arauca, 10 de febrero de 2023.\u00a0\u00a0La Administraci\u00f3n Departamental \u2018Construyendo Futuro\u201d invita a la comunidad araucana a constituir [&hellip;]<\/p>\n","protected":false},"author":1,"featured_media":1526,"comment_status":"closed","ping_status":"closed","sticky":false,"template":"","format":"standard","meta":{"_et_pb_use_builder":"on","_et_pb_old_content":"","_et_gb_content_width":"","footnotes":""},"categories":[6,17],"tags":[],"class_list":["post-1520","post","type-post","status-publish","format-standard","has-post-thumbnail","hentry","category-noticias","category-pae"],"_links":{"self":[{"href":"https:\/\/www.sedarauca.edu.co\/index.php\/wp-json\/wp\/v2\/posts\/1520","targetHints":{"allow":["GET"]}}],"collection":[{"href":"https:\/\/www.sedarauca.edu.co\/index.php\/wp-json\/wp\/v2\/posts"}],"about":[{"href":"https:\/\/www.sedarauca.edu.co\/index.php\/wp-json\/wp\/v2\/types\/post"}],"author":[{"embeddable":true,"href":"https:\/\/www.sedarauca.edu.co\/index.php\/wp-json\/wp\/v2\/users\/1"}],"replies":[{"embeddable":true,"href":"https:\/\/www.sedarauca.edu.co\/index.php\/wp-json\/wp\/v2\/comments?post=1520"}],"version-history":[{"count":5,"href":"https:\/\/www.sedarauca.edu.co\/index.php\/wp-json\/wp\/v2\/posts\/1520\/revisions"}],"predecessor-version":[{"id":1528,"href":"https:\/\/www.sedarauca.edu.co\/index.php\/wp-json\/wp\/v2\/posts\/1520\/revisions\/1528"}],"wp:featuredmedia":[{"embeddable":true,"href":"https:\/\/www.sedarauca.edu.co\/index.php\/wp-json\/wp\/v2\/media\/1526"}],"wp:attachment":[{"href":"https:\/\/www.sedarauca.edu.co\/index.php\/wp-json\/wp\/v2\/media?parent=1520"}],"wp:term":[{"taxonomy":"category","embeddable":true,"href":"https:\/\/www.sedarauca.edu.co\/index.php\/wp-json\/wp\/v2\/categories?post=1520"},{"taxonomy":"post_tag","embeddable":true,"href":"https:\/\/www.sedarauca.edu.co\/index.php\/wp-json\/wp\/v2\/tags?post=1520"}],"curies":[{"name":"wp","href":"https:\/\/api.w.org\/{rel}","templated":true}]}}