{"id":1494,"date":"2023-02-08T10:42:00","date_gmt":"2023-02-08T15:42:00","guid":{"rendered":"https:\/\/www.sedarauca.edu.co\/?p=1494"},"modified":"2023-02-09T21:50:52","modified_gmt":"2023-02-10T02:50:52","slug":"secretaria-de-educacion-departamental-abre-convocatoria-interna-para-seleccion-de-tutores-pta-convocatoria-interna-no-007-de-2023","status":"publish","type":"post","link":"https:\/\/www.sedarauca.edu.co\/index.php\/2023\/02\/08\/secretaria-de-educacion-departamental-abre-convocatoria-interna-para-seleccion-de-tutores-pta-convocatoria-interna-no-007-de-2023\/","title":{"rendered":"<strong>Secretar\u00eda de Educaci\u00f3n Departamental abre Convocatoria Interna No. 007 de 2023 para selecci\u00f3n de tutores PTA<\/strong>"},"content":{"rendered":"<p>[et_pb_section fb_built=\u00bb1&#8243; _builder_version=\u00bb4.19.5&#8243; _module_preset=\u00bbdefault\u00bb hover_enabled=\u00bb0&#8243; global_colors_info=\u00bb{}\u00bb sticky_enabled=\u00bb0&#8243;][et_pb_row _builder_version=\u00bb4.19.5&#8243; _module_preset=\u00bbdefault\u00bb hover_enabled=\u00bb0&#8243; global_colors_info=\u00bb{}\u00bb sticky_enabled=\u00bb0&#8243;][et_pb_column type=\u00bb4_4&#8243; _builder_version=\u00bb4.19.5&#8243; _module_preset=\u00bbdefault\u00bb global_colors_info=\u00bb{}\u00bb][et_pb_text _builder_version=\u00bb4.19.5&#8243; _module_preset=\u00bbdefault\u00bb hover_enabled=\u00bb0&#8243; global_colors_info=\u00bb{}\u00bb sticky_enabled=\u00bb0&#8243;]<\/p>\n<div class=\"x_ContentPasted5\" style=\"text-align: justify;\">\n<p><strong>EMPLEO:<\/strong> Tutores para la Secretar\u00eda de Educaci\u00f3n de Arauca &#8211; 2023 &#8211; Programa para la Excelencia Docente y Acad\u00e9mica: Todos a Aprender \u2013 PTA.<\/p>\n<p><strong>DIRIGIDA A:<\/strong> Docentes nombrados en propiedad de los establecimientos educativos oficiales del departamento de Arauca.<\/p>\n<p><strong>APERTURA:<\/strong> A partir del 09 de febrero de 2023, cuentan con 02 d\u00edas h\u00e1biles para el env\u00edo de las propuestas a la Secretar\u00eda de Educaci\u00f3n. Los docentes que se postulen deben radicar por ventanilla \u00fanica de archivo central de la gobernaci\u00f3n de Arauca o por el sistema del Servicio de Atenci\u00f3n al Ciudadano SAC, un oficio indicando su participaci\u00f3n a la presente convocatoria. El oficio debe tener adjunto el ensayo de postulaci\u00f3n que se indica dentro de los requisitos de la convocatoria.<\/p>\n<p>Los detalles y requisitos de la convocatoria, se encuentran publicados en la p\u00e1gina web institucional de la Secretar\u00eda de Educaci\u00f3n Departamental\u00a0<strong><a href=\"https:\/\/www.sedarauca.edu.co\/\">www.sedarauca.edu.co<\/a><\/strong><\/p>\n<\/div>\n<p>[\/et_pb_text][et_pb_code _builder_version=\u00bb4.19.5&#8243; _module_preset=\u00bbdefault\u00bb hover_enabled=\u00bb0&#8243; global_colors_info=\u00bb{}\u00bb sticky_enabled=\u00bb0&#8243;]<a href=\"https:\/\/www.sedarauca.edu.co\/wp-content\/uploads\/2023\/02\/CONVOCATORIA-N-007-DE-2023-PTA.pdf\" class=\"pdfemb-viewer\" style=\"\" data-width=\"max\" data-height=\"max\" data-toolbar=\"bottom\" data-toolbar-fixed=\"on\">CONVOCATORIA-N-007-DE-2023-PTA<\/a>[\/et_pb_code][\/et_pb_column][\/et_pb_row][et_pb_row _builder_version=\u00bb4.19.5&#8243; _module_preset=\u00bbdefault\u00bb global_colors_info=\u00bb{}\u00bb][et_pb_column type=\u00bb4_4&#8243; _builder_version=\u00bb4.19.5&#8243; _module_preset=\u00bbdefault\u00bb global_colors_info=\u00bb{}\u00bb][et_pb_button button_url=\u00bbhttps:\/\/www.sedarauca.edu.co\/wp-content\/uploads\/2023\/02\/CONVOCATORIA-N-007-DE-2023-PTA.pdf\u00bb url_new_window=\u00bbon\u00bb button_text=\u00bbDescargar Convocatoria Interna 007 de 2023&#8243; button_alignment=\u00bbcenter\u00bb _builder_version=\u00bb4.19.5&#8243; _module_preset=\u00bbdefault\u00bb custom_button=\u00bbon\u00bb button_text_color=\u00bb#FFFFFF\u00bb button_bg_color=\u00bb#0C71C3&#8243; button_border_radius=\u00bb30px\u00bb button_icon=\u00bb&#xf1c1;||fa||900&#8243; hover_enabled=\u00bb0&#8243; global_colors_info=\u00bb{}\u00bb sticky_enabled=\u00bb0&#8243;][\/et_pb_button][\/et_pb_column][\/et_pb_row][\/et_pb_section]<\/p>\n","protected":false},"excerpt":{"rendered":"<p>EMPLEO: Tutores para la Secretar\u00eda de Educaci\u00f3n de Arauca &#8211; 2023 &#8211; Programa para la Excelencia Docente y Acad\u00e9mica: Todos a Aprender \u2013 PTA. DIRIGIDA A: Docentes nombrados en propiedad de los establecimientos educativos oficiales del departamento de Arauca. APERTURA: A partir del 09 de febrero de 2023, cuentan con 02 d\u00edas h\u00e1biles para el [&hellip;]<\/p>\n","protected":false},"author":1,"featured_media":1495,"comment_status":"closed","ping_status":"closed","sticky":false,"template":"","format":"standard","meta":{"_et_pb_use_builder":"on","_et_pb_old_content":"","_et_gb_content_width":"","footnotes":""},"categories":[7,25],"tags":[],"class_list":["post-1494","post","type-post","status-publish","format-standard","has-post-thumbnail","hentry","category-convocatoria","category-publicacion"],"_links":{"self":[{"href":"https:\/\/www.sedarauca.edu.co\/index.php\/wp-json\/wp\/v2\/posts\/1494","targetHints":{"allow":["GET"]}}],"collection":[{"href":"https:\/\/www.sedarauca.edu.co\/index.php\/wp-json\/wp\/v2\/posts"}],"about":[{"href":"https:\/\/www.sedarauca.edu.co\/index.php\/wp-json\/wp\/v2\/types\/post"}],"author":[{"embeddable":true,"href":"https:\/\/www.sedarauca.edu.co\/index.php\/wp-json\/wp\/v2\/users\/1"}],"replies":[{"embeddable":true,"href":"https:\/\/www.sedarauca.edu.co\/index.php\/wp-json\/wp\/v2\/comments?post=1494"}],"version-history":[{"count":18,"href":"https:\/\/www.sedarauca.edu.co\/index.php\/wp-json\/wp\/v2\/posts\/1494\/revisions"}],"predecessor-version":[{"id":1519,"href":"https:\/\/www.sedarauca.edu.co\/index.php\/wp-json\/wp\/v2\/posts\/1494\/revisions\/1519"}],"wp:featuredmedia":[{"embeddable":true,"href":"https:\/\/www.sedarauca.edu.co\/index.php\/wp-json\/wp\/v2\/media\/1495"}],"wp:attachment":[{"href":"https:\/\/www.sedarauca.edu.co\/index.php\/wp-json\/wp\/v2\/media?parent=1494"}],"wp:term":[{"taxonomy":"category","embeddable":true,"href":"https:\/\/www.sedarauca.edu.co\/index.php\/wp-json\/wp\/v2\/categories?post=1494"},{"taxonomy":"post_tag","embeddable":true,"href":"https:\/\/www.sedarauca.edu.co\/index.php\/wp-json\/wp\/v2\/tags?post=1494"}],"curies":[{"name":"wp","href":"https:\/\/api.w.org\/{rel}","templated":true}]}}