{"id":14882,"date":"2026-04-20T17:51:00","date_gmt":"2026-04-20T22:51:00","guid":{"rendered":"https:\/\/www.sedarauca.edu.co\/?p=14882"},"modified":"2026-04-28T17:57:56","modified_gmt":"2026-04-28T22:57:56","slug":"la-secretaria-de-educacion-departamental-expresa-solidaridad-y-honra-lamemoria-de-la-directiva-docente-paola-infante-jaimes","status":"publish","type":"post","link":"https:\/\/www.sedarauca.edu.co\/index.php\/2026\/04\/20\/la-secretaria-de-educacion-departamental-expresa-solidaridad-y-honra-lamemoria-de-la-directiva-docente-paola-infante-jaimes\/","title":{"rendered":"La Secretar\u00eda de Educaci\u00f3n Departamental expresa solidaridad y honra lamemoria de la directiva docente Paola Infante Jaimes."},"content":{"rendered":"<p>[et_pb_section fb_built=\u00bb1&#8243; theme_builder_area=\u00bbpost_content\u00bb _builder_version=\u00bb4.27.6&#8243; _module_preset=\u00bbdefault\u00bb][et_pb_row _builder_version=\u00bb4.27.6&#8243; _module_preset=\u00bbdefault\u00bb theme_builder_area=\u00bbpost_content\u00bb][et_pb_column _builder_version=\u00bb4.27.6&#8243; _module_preset=\u00bbdefault\u00bb type=\u00bb4_4&#8243; theme_builder_area=\u00bbpost_content\u00bb][et_pb_text _builder_version=\u00bb4.27.6&#8243; _module_preset=\u00bbdefault\u00bb theme_builder_area=\u00bbpost_content\u00bb hover_enabled=\u00bb0&#8243; sticky_enabled=\u00bb0&#8243;]<\/p>\n<p style=\"text-align: left;\">Desde la Secretar\u00eda de Educaci\u00f3n Departamental de Arauca lamentamos profundamente el fallecimiento de la directiva docente Paola Infante Jaimes, quien durante 17 a\u00f1os hizo parte del magisterio araucano, y en los \u00faltimos cinco ejerci\u00f3 como directora del Centro Educativo Rural Atanasio Girardot, dedicando su vocaci\u00f3n, compromiso y liderazgo a la educaci\u00f3n de ni\u00f1as, ni\u00f1os y j\u00f3venes del municipio de Saravena.<\/p>\n<p>Expresamos nuestras m\u00e1s sentidas condolencias y solidaridad a su familia, a la comunidad educativa, al magisterio araucano y a todos quienes hoy lamentan su partida. Su vida y trayectoria dejan una huella imborrable en la educaci\u00f3n rural y en las comunidades a las que sirvi\u00f3 con dedicaci\u00f3n.<\/p>\n<p>Rechazamos los hechos de violencia en los que tr\u00e1gicamente perdi\u00f3 la vida, hechos que hoy enlutan al sector educativo del departamento. Ning\u00fan maestro o maestra, y en general ninguna persona, debe ser v\u00edctima de la violencia. Este doloroso suceso nos llama a insistir en la defensa de la vida, la paz y la protecci\u00f3n de nuestras comunidades educativas. Asimismo, hacemos un llamado a las autoridades competentes para que se adelanten investigaciones exhaustivas que permitan esclarecer estos hechos.<\/p>\n<p style=\"text-align: justify;\">Como homenaje a su memoria, convocamos a las instituciones educativas oficiales y no oficiales del departamento a realizar, en el marco de su jornada escolar, un acto simb\u00f3lico por la vida y la paz, e invitamos a las instituciones del municipio de Saravena a adoptar medidas de flexibilizaci\u00f3n de la jornada que permitan acompa\u00f1ar a sus comunidades<br \/>educativas en este momento de dolor.<\/p>\n<p>Honramos la memoria de la Directiva Docente Paola Infante Jaimes y elevamos nuestra voz para que su legado permanezca como testimonio de servicio, vocaci\u00f3n y compromiso con la educaci\u00f3n en Arauca.<\/p>\n<p>Arauca, 20 de abril de 2026<\/p>\n<p>[\/et_pb_text][\/et_pb_column][\/et_pb_row][\/et_pb_section]<\/p>\n","protected":false},"excerpt":{"rendered":"<p>Desde la Secretar\u00eda de Educaci\u00f3n Departamental de Arauca lamentamos profundamente el fallecimiento de la directiva docente Paola Infante Jaimes, quien durante 17 a\u00f1os hizo parte del magisterio araucano, y en los \u00faltimos cinco ejerci\u00f3 como directora del Centro Educativo Rural Atanasio Girardot, dedicando su vocaci\u00f3n, compromiso y liderazgo a la educaci\u00f3n de ni\u00f1as, ni\u00f1os y [&hellip;]<\/p>\n","protected":false},"author":1,"featured_media":14884,"comment_status":"closed","ping_status":"closed","sticky":false,"template":"","format":"standard","meta":{"_et_pb_use_builder":"on","_et_pb_old_content":"","_et_gb_content_width":"","footnotes":""},"categories":[21,6],"tags":[],"class_list":["post-14882","post","type-post","status-publish","format-standard","has-post-thumbnail","hentry","category-boletin","category-noticias"],"_links":{"self":[{"href":"https:\/\/www.sedarauca.edu.co\/index.php\/wp-json\/wp\/v2\/posts\/14882","targetHints":{"allow":["GET"]}}],"collection":[{"href":"https:\/\/www.sedarauca.edu.co\/index.php\/wp-json\/wp\/v2\/posts"}],"about":[{"href":"https:\/\/www.sedarauca.edu.co\/index.php\/wp-json\/wp\/v2\/types\/post"}],"author":[{"embeddable":true,"href":"https:\/\/www.sedarauca.edu.co\/index.php\/wp-json\/wp\/v2\/users\/1"}],"replies":[{"embeddable":true,"href":"https:\/\/www.sedarauca.edu.co\/index.php\/wp-json\/wp\/v2\/comments?post=14882"}],"version-history":[{"count":3,"href":"https:\/\/www.sedarauca.edu.co\/index.php\/wp-json\/wp\/v2\/posts\/14882\/revisions"}],"predecessor-version":[{"id":14887,"href":"https:\/\/www.sedarauca.edu.co\/index.php\/wp-json\/wp\/v2\/posts\/14882\/revisions\/14887"}],"wp:featuredmedia":[{"embeddable":true,"href":"https:\/\/www.sedarauca.edu.co\/index.php\/wp-json\/wp\/v2\/media\/14884"}],"wp:attachment":[{"href":"https:\/\/www.sedarauca.edu.co\/index.php\/wp-json\/wp\/v2\/media?parent=14882"}],"wp:term":[{"taxonomy":"category","embeddable":true,"href":"https:\/\/www.sedarauca.edu.co\/index.php\/wp-json\/wp\/v2\/categories?post=14882"},{"taxonomy":"post_tag","embeddable":true,"href":"https:\/\/www.sedarauca.edu.co\/index.php\/wp-json\/wp\/v2\/tags?post=14882"}],"curies":[{"name":"wp","href":"https:\/\/api.w.org\/{rel}","templated":true}]}}