{"id":14868,"date":"2026-04-09T17:39:00","date_gmt":"2026-04-09T22:39:00","guid":{"rendered":"https:\/\/www.sedarauca.edu.co\/?p=14868"},"modified":"2026-04-28T17:49:16","modified_gmt":"2026-04-28T22:49:16","slug":"gobernador-de-arauca-sigue-impulsando-la-educacion-superior-para-ampliar-oportunidades-en-el-territorio","status":"publish","type":"post","link":"https:\/\/www.sedarauca.edu.co\/index.php\/2026\/04\/09\/gobernador-de-arauca-sigue-impulsando-la-educacion-superior-para-ampliar-oportunidades-en-el-territorio\/","title":{"rendered":"Gobernador de Arauca sigue impulsando la educaci\u00f3n superior para ampliar oportunidades en el territorio"},"content":{"rendered":"<p>[et_pb_section fb_built=\u00bb1&#8243; theme_builder_area=\u00bbpost_content\u00bb _builder_version=\u00bb4.27.6&#8243; _module_preset=\u00bbdefault\u00bb][et_pb_row _builder_version=\u00bb4.27.6&#8243; _module_preset=\u00bbdefault\u00bb theme_builder_area=\u00bbpost_content\u00bb][et_pb_column _builder_version=\u00bb4.27.6&#8243; _module_preset=\u00bbdefault\u00bb type=\u00bb4_4&#8243; theme_builder_area=\u00bbpost_content\u00bb][et_pb_text _builder_version=\u00bb4.27.6&#8243; _module_preset=\u00bbdefault\u00bb theme_builder_area=\u00bbpost_content\u00bb hover_enabled=\u00bb0&#8243; sticky_enabled=\u00bb0&#8243;]<\/p>\n<p style=\"text-align: justify;\"><strong>Arauca, 09 de abril de 2026.\u00a0<\/strong>En su apuesta por fortalecer la educaci\u00f3n superior y generar m\u00e1s oportunidades para los j\u00f3venes, el gobernador Renson Mart\u00ednez recibi\u00f3 la visita del rector de la Universidad Nacional de Colombia, Jos\u00e9 Ismael Pe\u00f1a, en una jornada de trabajo que marca nuevos avances para el departamento.<\/p>\n<p style=\"text-align: justify;\">Durante este encuentro se definieron compromisos clave para ampliar la cobertura y la oferta acad\u00e9mica en la sede Orinoqu\u00eda, entre ellos la gesti\u00f3n ante el Ministerio de Educaci\u00f3n Nacional para la ampliaci\u00f3n de cohortes en los programas de Trabajo Social, Enfermer\u00eda, Ingenier\u00eda Industrial, Ingenier\u00eda Administrativa, Ciencias de la Computaci\u00f3n, Arquitectura y Ling\u00fc\u00edstica.<\/p>\n<p style=\"text-align: justify;\">Adem\u00e1s, se proyecta la apertura de nuevos programas de pregrado como Ingenier\u00eda de Alimentos, Dise\u00f1o Integrado, Ingenier\u00eda Ambiental e Ingenier\u00eda Agroindustrial, lo que permitir\u00e1 seguir consolidando una oferta acad\u00e9mica pertinente para el territorio.<\/p>\n<p>[\/et_pb_text][\/et_pb_column][\/et_pb_row][et_pb_row _builder_version=\u00bb4.27.6&#8243; _module_preset=\u00bbdefault\u00bb theme_builder_area=\u00bbpost_content\u00bb][et_pb_column _builder_version=\u00bb4.27.6&#8243; _module_preset=\u00bbdefault\u00bb type=\u00bb4_4&#8243; theme_builder_area=\u00bbpost_content\u00bb][et_pb_gallery _builder_version=\u00bb4.27.6&#8243; _module_preset=\u00bbdefault\u00bb theme_builder_area=\u00bbpost_content\u00bb gallery_ids=\u00bb14873,14874,14875,14876,14877,14878,14879&#8243; gallery_orderby=\u00bbrand\u00bb hover_enabled=\u00bb0&#8243; sticky_enabled=\u00bb0&#8243;][\/et_pb_gallery][\/et_pb_column][\/et_pb_row][et_pb_row _builder_version=\u00bb4.27.6&#8243; _module_preset=\u00bbdefault\u00bb theme_builder_area=\u00bbpost_content\u00bb][et_pb_column _builder_version=\u00bb4.27.6&#8243; _module_preset=\u00bbdefault\u00bb type=\u00bb4_4&#8243; theme_builder_area=\u00bbpost_content\u00bb][et_pb_text _builder_version=\u00bb4.27.6&#8243; _module_preset=\u00bbdefault\u00bb theme_builder_area=\u00bbpost_content\u00bb custom_margin=\u00bb-50px||||false|false\u00bb hover_enabled=\u00bb0&#8243; sticky_enabled=\u00bb0&#8243;]<\/p>\n<p style=\"text-align: justify;\">Como parte de este trabajo articulado, se acord\u00f3 la radicaci\u00f3n del proyecto para la construcci\u00f3n de un nuevo bloque de aulas en la sede Orinoqu\u00eda y la realizaci\u00f3n de una Feria Sociocupacional para acercar la educaci\u00f3n superior a los j\u00f3venes del departamento.<\/p>\n<p style=\"text-align: justify;\">As\u00ed mismo, se anunci\u00f3 la entrega simb\u00f3lica de las obras de mejoramiento de la sede actual en el mes de mayo, en el marco de la conmemoraci\u00f3n de los 30 a\u00f1os de la Universidad Nacional \u2013 Sede Orinoqu\u00eda, consolidando avances concretos en infraestructura y fortalecimiento acad\u00e9mico.<\/p>\n<p style=\"text-align: justify;\">Que instituciones de alto nivel como la Universidad Industrial de Santander- UIS y la Universidad Nacional sigan creciendo en el territorio, permitiendo que m\u00e1s j\u00f3venes accedan a educaci\u00f3n superior de calidad sin salir de su departamento, ratifican el compromiso del Gobernador de Arauca por la formaci\u00f3n del talento humano como eje fundamental para el desarrollo y la transformaci\u00f3n de Arauca.<\/p>\n<p>[\/et_pb_text][\/et_pb_column][\/et_pb_row][\/et_pb_section]<\/p>\n","protected":false},"excerpt":{"rendered":"<p>Arauca, 09 de abril de 2026.\u00a0En su apuesta por fortalecer la educaci\u00f3n superior y generar m\u00e1s oportunidades para los j\u00f3venes, el gobernador Renson Mart\u00ednez recibi\u00f3 la visita del rector de la Universidad Nacional de Colombia, Jos\u00e9 Ismael Pe\u00f1a, en una jornada de trabajo que marca nuevos avances para el departamento. Durante este encuentro se definieron [&hellip;]<\/p>\n","protected":false},"author":1,"featured_media":14869,"comment_status":"closed","ping_status":"closed","sticky":false,"template":"","format":"standard","meta":{"_et_pb_use_builder":"on","_et_pb_old_content":"","_et_gb_content_width":"","footnotes":""},"categories":[1],"tags":[],"class_list":["post-14868","post","type-post","status-publish","format-standard","has-post-thumbnail","hentry","category-sin-categoria"],"_links":{"self":[{"href":"https:\/\/www.sedarauca.edu.co\/index.php\/wp-json\/wp\/v2\/posts\/14868","targetHints":{"allow":["GET"]}}],"collection":[{"href":"https:\/\/www.sedarauca.edu.co\/index.php\/wp-json\/wp\/v2\/posts"}],"about":[{"href":"https:\/\/www.sedarauca.edu.co\/index.php\/wp-json\/wp\/v2\/types\/post"}],"author":[{"embeddable":true,"href":"https:\/\/www.sedarauca.edu.co\/index.php\/wp-json\/wp\/v2\/users\/1"}],"replies":[{"embeddable":true,"href":"https:\/\/www.sedarauca.edu.co\/index.php\/wp-json\/wp\/v2\/comments?post=14868"}],"version-history":[{"count":3,"href":"https:\/\/www.sedarauca.edu.co\/index.php\/wp-json\/wp\/v2\/posts\/14868\/revisions"}],"predecessor-version":[{"id":14880,"href":"https:\/\/www.sedarauca.edu.co\/index.php\/wp-json\/wp\/v2\/posts\/14868\/revisions\/14880"}],"wp:featuredmedia":[{"embeddable":true,"href":"https:\/\/www.sedarauca.edu.co\/index.php\/wp-json\/wp\/v2\/media\/14869"}],"wp:attachment":[{"href":"https:\/\/www.sedarauca.edu.co\/index.php\/wp-json\/wp\/v2\/media?parent=14868"}],"wp:term":[{"taxonomy":"category","embeddable":true,"href":"https:\/\/www.sedarauca.edu.co\/index.php\/wp-json\/wp\/v2\/categories?post=14868"},{"taxonomy":"post_tag","embeddable":true,"href":"https:\/\/www.sedarauca.edu.co\/index.php\/wp-json\/wp\/v2\/tags?post=14868"}],"curies":[{"name":"wp","href":"https:\/\/api.w.org\/{rel}","templated":true}]}}