{"id":14853,"date":"2026-04-10T17:22:00","date_gmt":"2026-04-10T22:22:00","guid":{"rendered":"https:\/\/www.sedarauca.edu.co\/?p=14853"},"modified":"2026-04-28T17:32:45","modified_gmt":"2026-04-28T22:32:45","slug":"con-balance-positivo-culmino-asistencia-tecnica-integral-del-ministerio-de-educacion-en-arauca","status":"publish","type":"post","link":"https:\/\/www.sedarauca.edu.co\/index.php\/2026\/04\/10\/con-balance-positivo-culmino-asistencia-tecnica-integral-del-ministerio-de-educacion-en-arauca\/","title":{"rendered":"Con balance positivo culmin\u00f3 asistencia t\u00e9cnica integral del Ministerio de Educaci\u00f3n en Arauca"},"content":{"rendered":"<p>[et_pb_section fb_built=\u00bb1&#8243; theme_builder_area=\u00bbpost_content\u00bb _builder_version=\u00bb4.27.6&#8243; _module_preset=\u00bbdefault\u00bb][et_pb_row _builder_version=\u00bb4.27.6&#8243; _module_preset=\u00bbdefault\u00bb theme_builder_area=\u00bbpost_content\u00bb][et_pb_column _builder_version=\u00bb4.27.6&#8243; _module_preset=\u00bbdefault\u00bb type=\u00bb4_4&#8243; theme_builder_area=\u00bbpost_content\u00bb][et_pb_text _builder_version=\u00bb4.27.6&#8243; _module_preset=\u00bbdefault\u00bb theme_builder_area=\u00bbpost_content\u00bb hover_enabled=\u00bb0&#8243; sticky_enabled=\u00bb0&#8243;]<\/p>\n<p style=\"text-align: justify;\"><strong>Arauca, 10 de abril de 2026.\u00a0<\/strong>Con resultados favorables para la Entidad Territorial Certificada (ETC) Arauca culmin\u00f3 la visita de Asistencia T\u00e9cnica Integral (ATI) adelantada por el Ministerio de Educaci\u00f3n Nacional, un ejercicio de seguimiento, revisi\u00f3n y fortalecimiento institucional que permiti\u00f3 evidenciar avances en la implementaci\u00f3n de apuestas estrat\u00e9gicas de la pol\u00edtica educativa en el departamento.<\/p>\n<p style=\"text-align: justify;\">Durante tres d\u00edas de agenda t\u00e9cnica, la Secretar\u00eda de Educaci\u00f3n Departamental present\u00f3 avances en componentes clave como la planta de personal docente, la estrategia SIMES, el fortalecimiento de la educaci\u00f3n media, residencias escolares, vinculaciones y nombramientos en Primera Infancia, ampliaci\u00f3n de la educaci\u00f3n inicial, gesti\u00f3n de los recursos de gratuidad y la implementaci\u00f3n de la Ruta de Acceso y Permanencia para garantizar el derecho a la educaci\u00f3n de poblaci\u00f3n v\u00edctima del conflicto armado.<\/p>\n<p style=\"text-align: justify;\">Como resultado de este ejercicio, el Ministerio realiz\u00f3 una valoraci\u00f3n favorable sobre la gesti\u00f3n adelantada por la ETC Arauca, destacando avances t\u00e9cnicos, capacidades de implementaci\u00f3n y el compromiso institucional en la consolidaci\u00f3n de una hoja de ruta para seguir fortaleciendo la prestaci\u00f3n del servicio educativo.<\/p>\n<p>[\/et_pb_text][\/et_pb_column][\/et_pb_row][et_pb_row _builder_version=\u00bb4.27.6&#8243; _module_preset=\u00bbdefault\u00bb theme_builder_area=\u00bbpost_content\u00bb][et_pb_column _builder_version=\u00bb4.27.6&#8243; _module_preset=\u00bbdefault\u00bb type=\u00bb4_4&#8243; theme_builder_area=\u00bbpost_content\u00bb][et_pb_gallery _builder_version=\u00bb4.27.6&#8243; _module_preset=\u00bbdefault\u00bb theme_builder_area=\u00bbpost_content\u00bb gallery_ids=\u00bb14859,14860,14861,14862,14863,14864,14865&#8243; gallery_orderby=\u00bbrand\u00bb hover_enabled=\u00bb0&#8243; sticky_enabled=\u00bb0&#8243;][\/et_pb_gallery][\/et_pb_column][\/et_pb_row][et_pb_row _builder_version=\u00bb4.27.6&#8243; _module_preset=\u00bbdefault\u00bb theme_builder_area=\u00bbpost_content\u00bb][et_pb_column _builder_version=\u00bb4.27.6&#8243; _module_preset=\u00bbdefault\u00bb type=\u00bb4_4&#8243; theme_builder_area=\u00bbpost_content\u00bb][et_pb_text _builder_version=\u00bb4.27.6&#8243; _module_preset=\u00bbdefault\u00bb theme_builder_area=\u00bbpost_content\u00bb custom_margin=\u00bb-50px||||false|false\u00bb hover_enabled=\u00bb0&#8243; sticky_enabled=\u00bb0&#8243;]<\/p>\n<p style=\"text-align: justify;\">El secretario de Educaci\u00f3n departamental, Ariel Pedraza Pinz\u00f3n, destac\u00f3 la importancia de este balance y se\u00f1al\u00f3 que la visita permiti\u00f3 ratificar el trabajo que se viene desarrollando desde la entidad.<\/p>\n<p style=\"text-align: justify;\">\u201cRecibimos con satisfacci\u00f3n este balance positivo por parte del Ministerio de Educaci\u00f3n Nacional, porque reconoce el esfuerzo t\u00e9cnico, administrativo y misional que venimos realizando para fortalecer nuestro sistema educativo. Esta asistencia t\u00e9cnica nos deja orientaciones importantes, pero tambi\u00e9n ratifica que vamos por buen camino en la implementaci\u00f3n de nuestras estrategias\u201d, afirm\u00f3 el funcionario.<\/p>\n<p style=\"text-align: justify;\">Pedraza Pinz\u00f3n agreg\u00f3 que estos resultados responden al trabajo articulado entre el equipo t\u00e9cnico de la Secretar\u00eda, las instituciones educativas y el respaldo del gobierno departamental.<\/p>\n<p style=\"text-align: justify;\">\u201cSeguiremos avanzando, bajo el liderazgo del gobernador Renzo Mart\u00ednez, en acciones que permitan consolidar una educaci\u00f3n con mayor cobertura, calidad y permanencia para los m\u00e1s de 58 mil ni\u00f1os, ni\u00f1as y adolescentes matriculados en el sistema educativo del departamento\u201d, puntualiz\u00f3.<\/p>\n<p>[\/et_pb_text][\/et_pb_column][\/et_pb_row][\/et_pb_section]<\/p>\n","protected":false},"excerpt":{"rendered":"<p>Arauca, 10 de abril de 2026.\u00a0Con resultados favorables para la Entidad Territorial Certificada (ETC) Arauca culmin\u00f3 la visita de Asistencia T\u00e9cnica Integral (ATI) adelantada por el Ministerio de Educaci\u00f3n Nacional, un ejercicio de seguimiento, revisi\u00f3n y fortalecimiento institucional que permiti\u00f3 evidenciar avances en la implementaci\u00f3n de apuestas estrat\u00e9gicas de la pol\u00edtica educativa en el departamento. [&hellip;]<\/p>\n","protected":false},"author":1,"featured_media":14855,"comment_status":"closed","ping_status":"closed","sticky":false,"template":"","format":"standard","meta":{"_et_pb_use_builder":"on","_et_pb_old_content":"","_et_gb_content_width":"","footnotes":""},"categories":[21,6],"tags":[],"class_list":["post-14853","post","type-post","status-publish","format-standard","has-post-thumbnail","hentry","category-boletin","category-noticias"],"_links":{"self":[{"href":"https:\/\/www.sedarauca.edu.co\/index.php\/wp-json\/wp\/v2\/posts\/14853","targetHints":{"allow":["GET"]}}],"collection":[{"href":"https:\/\/www.sedarauca.edu.co\/index.php\/wp-json\/wp\/v2\/posts"}],"about":[{"href":"https:\/\/www.sedarauca.edu.co\/index.php\/wp-json\/wp\/v2\/types\/post"}],"author":[{"embeddable":true,"href":"https:\/\/www.sedarauca.edu.co\/index.php\/wp-json\/wp\/v2\/users\/1"}],"replies":[{"embeddable":true,"href":"https:\/\/www.sedarauca.edu.co\/index.php\/wp-json\/wp\/v2\/comments?post=14853"}],"version-history":[{"count":3,"href":"https:\/\/www.sedarauca.edu.co\/index.php\/wp-json\/wp\/v2\/posts\/14853\/revisions"}],"predecessor-version":[{"id":14866,"href":"https:\/\/www.sedarauca.edu.co\/index.php\/wp-json\/wp\/v2\/posts\/14853\/revisions\/14866"}],"wp:featuredmedia":[{"embeddable":true,"href":"https:\/\/www.sedarauca.edu.co\/index.php\/wp-json\/wp\/v2\/media\/14855"}],"wp:attachment":[{"href":"https:\/\/www.sedarauca.edu.co\/index.php\/wp-json\/wp\/v2\/media?parent=14853"}],"wp:term":[{"taxonomy":"category","embeddable":true,"href":"https:\/\/www.sedarauca.edu.co\/index.php\/wp-json\/wp\/v2\/categories?post=14853"},{"taxonomy":"post_tag","embeddable":true,"href":"https:\/\/www.sedarauca.edu.co\/index.php\/wp-json\/wp\/v2\/tags?post=14853"}],"curies":[{"name":"wp","href":"https:\/\/api.w.org\/{rel}","templated":true}]}}