{"id":14841,"date":"2026-04-17T09:14:00","date_gmt":"2026-04-17T14:14:00","guid":{"rendered":"https:\/\/www.sedarauca.edu.co\/?p=14841"},"modified":"2026-04-28T09:19:32","modified_gmt":"2026-04-28T14:19:32","slug":"gobernador-de-arauca-impulsa-puesta-en-marcha-de-la-unad-en-arauquita-para-ampliar-acceso-a-educacion-superior","status":"publish","type":"post","link":"https:\/\/www.sedarauca.edu.co\/index.php\/2026\/04\/17\/gobernador-de-arauca-impulsa-puesta-en-marcha-de-la-unad-en-arauquita-para-ampliar-acceso-a-educacion-superior\/","title":{"rendered":"Gobernador de Arauca impulsa puesta en marcha de la UNAD en Arauquita para ampliar acceso a educaci\u00f3n superior"},"content":{"rendered":"<p>[et_pb_section fb_built=\u00bb1&#8243; theme_builder_area=\u00bbpost_content\u00bb _builder_version=\u00bb4.27.6&#8243; _module_preset=\u00bbdefault\u00bb][et_pb_row _builder_version=\u00bb4.27.6&#8243; _module_preset=\u00bbdefault\u00bb theme_builder_area=\u00bbpost_content\u00bb][et_pb_column _builder_version=\u00bb4.27.6&#8243; _module_preset=\u00bbdefault\u00bb type=\u00bb4_4&#8243; theme_builder_area=\u00bbpost_content\u00bb][et_pb_text _builder_version=\u00bb4.27.6&#8243; _module_preset=\u00bbdefault\u00bb theme_builder_area=\u00bbpost_content\u00bb hover_enabled=\u00bb0&#8243; sticky_enabled=\u00bb0&#8243;]<\/p>\n<p style=\"text-align: justify;\"><strong>Arauca, 17 de abril de 2026.<\/strong>\u00a0En una nueva gesti\u00f3n para ampliar las oportunidades de educaci\u00f3n superior en el territorio, el gobernador Renson Mart\u00ednez Prada\u00a0lider\u00f3 una reuni\u00f3n en Bogot\u00e1 con el rector de la Universidad Nacional Abierta y a Distancia (UNAD), Jaime Leal Afanador; la vicerrectora Jenny Sierra Olarte; el director de infraestructura Willis Jim\u00e9nez\u00a0y el alcalde de Arauquita, Luis Fernando Panqueba.<\/p>\n<p style=\"text-align: justify;\">El encuentro permiti\u00f3 avanzar en acciones concretas para cerrar brechas en el acceso a la educaci\u00f3n superior en Arauca, con \u00e9nfasis en la apertura de nuevos programas acad\u00e9micos y el fortalecimiento de la oferta en el municipio de Arauquita.<\/p>\n<p>[\/et_pb_text][\/et_pb_column][\/et_pb_row][et_pb_row _builder_version=\u00bb4.27.6&#8243; _module_preset=\u00bbdefault\u00bb column_structure=\u00bb1_5,3_5,1_5&#8243; theme_builder_area=\u00bbpost_content\u00bb][et_pb_column _builder_version=\u00bb4.27.6&#8243; _module_preset=\u00bbdefault\u00bb type=\u00bb1_5&#8243; theme_builder_area=\u00bbpost_content\u00bb][\/et_pb_column][et_pb_column _builder_version=\u00bb4.27.6&#8243; _module_preset=\u00bbdefault\u00bb type=\u00bb3_5&#8243; theme_builder_area=\u00bbpost_content\u00bb][et_pb_image src=\u00bbhttps:\/\/www.sedarauca.edu.co\/wp-content\/uploads\/2026\/04\/Inicio-de-Obra.jpg\u00bb _builder_version=\u00bb4.27.6&#8243; _module_preset=\u00bbdefault\u00bb theme_builder_area=\u00bbpost_content\u00bb title_text=\u00bbInicio de Obra\u00bb][\/et_pb_image][\/et_pb_column][et_pb_column _builder_version=\u00bb4.27.6&#8243; _module_preset=\u00bbdefault\u00bb type=\u00bb1_5&#8243; theme_builder_area=\u00bbpost_content\u00bb][\/et_pb_column][\/et_pb_row][et_pb_row _builder_version=\u00bb4.27.6&#8243; _module_preset=\u00bbdefault\u00bb theme_builder_area=\u00bbpost_content\u00bb][et_pb_column _builder_version=\u00bb4.27.6&#8243; _module_preset=\u00bbdefault\u00bb type=\u00bb4_4&#8243; theme_builder_area=\u00bbpost_content\u00bb][et_pb_text _builder_version=\u00bb4.27.6&#8243; _module_preset=\u00bbdefault\u00bb theme_builder_area=\u00bbpost_content\u00bb hover_enabled=\u00bb0&#8243; sticky_enabled=\u00bb0&#8243;]<\/p>\n<p style=\"text-align: justify;\">Uno de los puntos clave fue la revisi\u00f3n de la infraestructura de la UNAD en Arauquita, una obra que el actual gobierno logr\u00f3 reactivar para garantizar su culminaci\u00f3n. El proyecto contempla 3.258 metros cuadrados de construcci\u00f3n y capacidad para atender hasta 5.000 estudiantes, y se espera su entrega a mitad de a\u00f1o, con el objetivo de iniciar la oferta acad\u00e9mica en el segundo semestre de 2026.<\/p>\n<p style=\"text-align: justify;\">Como resultado de la reuni\u00f3n, se acord\u00f3 que las directivas de la UNAD visitar\u00e1n el municipio de Arauquita para, junto al gobernador y el alcalde, realizar un recorrido por la obra, verificar su estado actual y continuar articulando acciones para la puesta en marcha de la oferta educativa.<\/p>\n<p style=\"text-align: justify;\">Con esta gesti\u00f3n, el Gobierno Departamental sigue consolidando una estrategia que busca llevar la educaci\u00f3n superior al territorio, permitiendo que m\u00e1s j\u00f3venes puedan estudiar sin salir de su regi\u00f3n y fortaleciendo el desarrollo de Arauca a trav\u00e9s de la formaci\u00f3n de su gente.<\/p>\n<p>[\/et_pb_text][\/et_pb_column][\/et_pb_row][\/et_pb_section]<\/p>\n","protected":false},"excerpt":{"rendered":"<p>Arauca, 17 de abril de 2026.\u00a0En una nueva gesti\u00f3n para ampliar las oportunidades de educaci\u00f3n superior en el territorio, el gobernador Renson Mart\u00ednez Prada\u00a0lider\u00f3 una reuni\u00f3n en Bogot\u00e1 con el rector de la Universidad Nacional Abierta y a Distancia (UNAD), Jaime Leal Afanador; la vicerrectora Jenny Sierra Olarte; el director de infraestructura Willis Jim\u00e9nez\u00a0y el [&hellip;]<\/p>\n","protected":false},"author":1,"featured_media":14842,"comment_status":"closed","ping_status":"closed","sticky":false,"template":"","format":"standard","meta":{"_et_pb_use_builder":"on","_et_pb_old_content":"","_et_gb_content_width":"","footnotes":""},"categories":[21,6],"tags":[],"class_list":["post-14841","post","type-post","status-publish","format-standard","has-post-thumbnail","hentry","category-boletin","category-noticias"],"_links":{"self":[{"href":"https:\/\/www.sedarauca.edu.co\/index.php\/wp-json\/wp\/v2\/posts\/14841","targetHints":{"allow":["GET"]}}],"collection":[{"href":"https:\/\/www.sedarauca.edu.co\/index.php\/wp-json\/wp\/v2\/posts"}],"about":[{"href":"https:\/\/www.sedarauca.edu.co\/index.php\/wp-json\/wp\/v2\/types\/post"}],"author":[{"embeddable":true,"href":"https:\/\/www.sedarauca.edu.co\/index.php\/wp-json\/wp\/v2\/users\/1"}],"replies":[{"embeddable":true,"href":"https:\/\/www.sedarauca.edu.co\/index.php\/wp-json\/wp\/v2\/comments?post=14841"}],"version-history":[{"count":3,"href":"https:\/\/www.sedarauca.edu.co\/index.php\/wp-json\/wp\/v2\/posts\/14841\/revisions"}],"predecessor-version":[{"id":14847,"href":"https:\/\/www.sedarauca.edu.co\/index.php\/wp-json\/wp\/v2\/posts\/14841\/revisions\/14847"}],"wp:featuredmedia":[{"embeddable":true,"href":"https:\/\/www.sedarauca.edu.co\/index.php\/wp-json\/wp\/v2\/media\/14842"}],"wp:attachment":[{"href":"https:\/\/www.sedarauca.edu.co\/index.php\/wp-json\/wp\/v2\/media?parent=14841"}],"wp:term":[{"taxonomy":"category","embeddable":true,"href":"https:\/\/www.sedarauca.edu.co\/index.php\/wp-json\/wp\/v2\/categories?post=14841"},{"taxonomy":"post_tag","embeddable":true,"href":"https:\/\/www.sedarauca.edu.co\/index.php\/wp-json\/wp\/v2\/tags?post=14841"}],"curies":[{"name":"wp","href":"https:\/\/api.w.org\/{rel}","templated":true}]}}