{"id":14823,"date":"2026-04-15T09:06:00","date_gmt":"2026-04-15T14:06:00","guid":{"rendered":"https:\/\/www.sedarauca.edu.co\/?p=14823"},"modified":"2026-04-28T09:11:21","modified_gmt":"2026-04-28T14:11:21","slug":"instituciones-educativas-de-arauca-celebran-el-mes-de-la-ninez-haciendo-del-juego-una-herramienta-para-aprender","status":"publish","type":"post","link":"https:\/\/www.sedarauca.edu.co\/index.php\/2026\/04\/15\/instituciones-educativas-de-arauca-celebran-el-mes-de-la-ninez-haciendo-del-juego-una-herramienta-para-aprender\/","title":{"rendered":"Instituciones educativas de Arauca celebran el Mes de la Ni\u00f1ez haciendo del juego una herramienta para aprender"},"content":{"rendered":"<p>[et_pb_section fb_built=\u00bb1&#8243; theme_builder_area=\u00bbpost_content\u00bb _builder_version=\u00bb4.27.6&#8243; _module_preset=\u00bbdefault\u00bb][et_pb_row _builder_version=\u00bb4.27.6&#8243; _module_preset=\u00bbdefault\u00bb theme_builder_area=\u00bbpost_content\u00bb][et_pb_column _builder_version=\u00bb4.27.6&#8243; _module_preset=\u00bbdefault\u00bb type=\u00bb4_4&#8243; theme_builder_area=\u00bbpost_content\u00bb][et_pb_text _builder_version=\u00bb4.27.6&#8243; _module_preset=\u00bbdefault\u00bb theme_builder_area=\u00bbpost_content\u00bb hover_enabled=\u00bb0&#8243; sticky_enabled=\u00bb0&#8243;]<\/p>\n<p style=\"text-align: justify;\"><strong>Arauca, 15 de abril de 2026.\u00a0<\/strong>En cumplimiento de las orientaciones de la Circular Externa 137 de 2026 de la Secretar\u00eda de Educaci\u00f3n Departamental, las instituciones educativas de Arauca vienen desarrollando actividades en el marco del Mes de la Ni\u00f1ez, integrando el juego como una herramienta pedag\u00f3gica, un derecho y una experiencia fundamental para el aprendizaje y el desarrollo integral de ni\u00f1as, ni\u00f1os y adolescentes.<\/p>\n<p style=\"text-align: justify;\">\n<p style=\"text-align: justify;\">Bajo el liderazgo del gobernador Renson Mart\u00ednez Prada, la gestora social Gleydis Torres, y en articulaci\u00f3n con la Secretar\u00eda de Educaci\u00f3n y Desarrollo Social, durante esta mes se vienen desarrollando actividades l\u00fadicas, recreativas y pedag\u00f3gicas en distintas instituciones educativas, integrando el juego en las horas de clase, en los espacios de descanso y tambi\u00e9n como una invitaci\u00f3n para compartir en familia.<\/p>\n<p style=\"text-align: justify;\">\n<p style=\"text-align: justify;\">La programaci\u00f3n tambi\u00e9n contempla jornadas recreativas con el INDER, el impulso al concurso Familias Jugando, para promover el juego en el hogar, y la estrategia del PAE Loncheras divertidas, ni\u00f1os saludables, que incorpora actividades l\u00fadicas para fomentar h\u00e1bitos de vida saludable dentro de la comunidad educativa.\u00a0<\/p>\n<p>[\/et_pb_text][\/et_pb_column][\/et_pb_row][et_pb_row _builder_version=\u00bb4.27.6&#8243; _module_preset=\u00bbdefault\u00bb theme_builder_area=\u00bbpost_content\u00bb][et_pb_column _builder_version=\u00bb4.27.6&#8243; _module_preset=\u00bbdefault\u00bb type=\u00bb4_4&#8243; theme_builder_area=\u00bbpost_content\u00bb][et_pb_gallery _builder_version=\u00bb4.27.6&#8243; _module_preset=\u00bbdefault\u00bb theme_builder_area=\u00bbpost_content\u00bb gallery_ids=\u00bb14828,14829,14830,14831,14832,14833,14834,14835,14836,14837,14838,14839&#8243; gallery_orderby=\u00bbrand\u00bb hover_enabled=\u00bb0&#8243; sticky_enabled=\u00bb0&#8243;][\/et_pb_gallery][\/et_pb_column][\/et_pb_row][et_pb_row _builder_version=\u00bb4.27.6&#8243; _module_preset=\u00bbdefault\u00bb theme_builder_area=\u00bbpost_content\u00bb][et_pb_column _builder_version=\u00bb4.27.6&#8243; _module_preset=\u00bbdefault\u00bb type=\u00bb4_4&#8243; theme_builder_area=\u00bbpost_content\u00bb][et_pb_text _builder_version=\u00bb4.27.6&#8243; _module_preset=\u00bbdefault\u00bb theme_builder_area=\u00bbpost_content\u00bb custom_margin=\u00bb-50px||||false|false\u00bb hover_enabled=\u00bb0&#8243; sticky_enabled=\u00bb0&#8243;]<\/p>\n<p>Como parte de estas orientaciones, el viernes 24 de abril se desarrollar\u00e1 una gran jornada en simult\u00e1neo en las instituciones educativas del departamento, en articulaci\u00f3n con el INDER, promoviendo actividades recreativas dirigidas y musicalizadas para fortalecer la integraci\u00f3n, el bienestar y la participaci\u00f3n estudiantil a trav\u00e9s del juego y la recreaci\u00f3n. Una jornada que busca convertir a las escuelas, al mismo tiempo, en grandes escenarios para jugar.<\/p>\n<p>\u201cEl juego no es un complemento del aprendizaje, es una herramienta esencial para ense\u00f1ar, para convivir y para formar. Con estas orientaciones estamos promoviendo que nuestras instituciones educativas reconozcan el juego como parte de la experiencia escolar y como un derecho que debemos garantizar\u201d, expres\u00f3 el secretario de Educaci\u00f3n Departamental, Ariel Pedraza Pinz\u00f3n.<\/p>\n<p>La celebraci\u00f3n continuar\u00e1 durante abril con nuevas actividades en las instituciones educativas del departamento, reafirmando el compromiso de seguir consolidando la escuela como un espacio protector, participativo y un verdadero territorio para jugar.<\/p>\n<p>[\/et_pb_text][\/et_pb_column][\/et_pb_row][\/et_pb_section]<\/p>\n","protected":false},"excerpt":{"rendered":"<p>Arauca, 15 de abril de 2026.\u00a0En cumplimiento de las orientaciones de la Circular Externa 137 de 2026 de la Secretar\u00eda de Educaci\u00f3n Departamental, las instituciones educativas de Arauca vienen desarrollando actividades en el marco del Mes de la Ni\u00f1ez, integrando el juego como una herramienta pedag\u00f3gica, un derecho y una experiencia fundamental para el aprendizaje [&hellip;]<\/p>\n","protected":false},"author":1,"featured_media":14824,"comment_status":"closed","ping_status":"closed","sticky":false,"template":"","format":"standard","meta":{"_et_pb_use_builder":"on","_et_pb_old_content":"","_et_gb_content_width":"","footnotes":""},"categories":[21,6],"tags":[],"class_list":["post-14823","post","type-post","status-publish","format-standard","has-post-thumbnail","hentry","category-boletin","category-noticias"],"_links":{"self":[{"href":"https:\/\/www.sedarauca.edu.co\/index.php\/wp-json\/wp\/v2\/posts\/14823","targetHints":{"allow":["GET"]}}],"collection":[{"href":"https:\/\/www.sedarauca.edu.co\/index.php\/wp-json\/wp\/v2\/posts"}],"about":[{"href":"https:\/\/www.sedarauca.edu.co\/index.php\/wp-json\/wp\/v2\/types\/post"}],"author":[{"embeddable":true,"href":"https:\/\/www.sedarauca.edu.co\/index.php\/wp-json\/wp\/v2\/users\/1"}],"replies":[{"embeddable":true,"href":"https:\/\/www.sedarauca.edu.co\/index.php\/wp-json\/wp\/v2\/comments?post=14823"}],"version-history":[{"count":3,"href":"https:\/\/www.sedarauca.edu.co\/index.php\/wp-json\/wp\/v2\/posts\/14823\/revisions"}],"predecessor-version":[{"id":14840,"href":"https:\/\/www.sedarauca.edu.co\/index.php\/wp-json\/wp\/v2\/posts\/14823\/revisions\/14840"}],"wp:featuredmedia":[{"embeddable":true,"href":"https:\/\/www.sedarauca.edu.co\/index.php\/wp-json\/wp\/v2\/media\/14824"}],"wp:attachment":[{"href":"https:\/\/www.sedarauca.edu.co\/index.php\/wp-json\/wp\/v2\/media?parent=14823"}],"wp:term":[{"taxonomy":"category","embeddable":true,"href":"https:\/\/www.sedarauca.edu.co\/index.php\/wp-json\/wp\/v2\/categories?post=14823"},{"taxonomy":"post_tag","embeddable":true,"href":"https:\/\/www.sedarauca.edu.co\/index.php\/wp-json\/wp\/v2\/tags?post=14823"}],"curies":[{"name":"wp","href":"https:\/\/api.w.org\/{rel}","templated":true}]}}