{"id":14814,"date":"2026-04-17T08:53:00","date_gmt":"2026-04-17T13:53:00","guid":{"rendered":"https:\/\/www.sedarauca.edu.co\/?p=14814"},"modified":"2026-04-28T09:00:01","modified_gmt":"2026-04-28T14:00:01","slug":"arauca-impulsa-su-apuesta-por-la-educacion-superior-con-cerca-de-40-mil-millones-y-la-consolidacion-de-universidades-publicas","status":"publish","type":"post","link":"https:\/\/www.sedarauca.edu.co\/index.php\/2026\/04\/17\/arauca-impulsa-su-apuesta-por-la-educacion-superior-con-cerca-de-40-mil-millones-y-la-consolidacion-de-universidades-publicas\/","title":{"rendered":"Arauca impulsa su apuesta por la educaci\u00f3n superior con cerca de $40 mil millones y la consolidaci\u00f3n de universidades p\u00fablicas"},"content":{"rendered":"<p>[et_pb_section fb_built=\u00bb1&#8243; theme_builder_area=\u00bbpost_content\u00bb _builder_version=\u00bb4.27.6&#8243; _module_preset=\u00bbdefault\u00bb][et_pb_row _builder_version=\u00bb4.27.6&#8243; _module_preset=\u00bbdefault\u00bb theme_builder_area=\u00bbpost_content\u00bb][et_pb_column _builder_version=\u00bb4.27.6&#8243; _module_preset=\u00bbdefault\u00bb type=\u00bb4_4&#8243; theme_builder_area=\u00bbpost_content\u00bb][et_pb_text _builder_version=\u00bb4.27.6&#8243; _module_preset=\u00bbdefault\u00bb theme_builder_area=\u00bbpost_content\u00bb hover_enabled=\u00bb0&#8243; sticky_enabled=\u00bb0&#8243;]<\/p>\n<p style=\"text-align: justify;\"><strong>Arauca, 17 de abril de 2026.\u00a0<\/strong>En un departamento hist\u00f3ricamente rezagado en acceso a educaci\u00f3n superior, el gobierno de Renson Mart\u00ednez Prada lidera una de las apuestas m\u00e1s ambiciosas para cerrar brechas, con inversiones cercanas a $40 mil millones y la consolidaci\u00f3n de universidades p\u00fablicas en el territorio.<\/p>\n<p style=\"text-align: justify;\">Las cifras reflejan el desaf\u00edo: Arauca registra una cobertura bruta de apenas 6,8 %, una de las m\u00e1s bajas del pa\u00eds, y aunque el 31,88 % de los j\u00f3venes logra hacer tr\u00e1nsito inmediato a la educaci\u00f3n superior, la mayor\u00eda deb\u00eda salir del departamento para continuar sus estudios, con altos niveles de deserci\u00f3n y bajo retorno profesional.<\/p>\n<p style=\"text-align: justify;\">Frente a este panorama, la estrategia del gobierno departamental ha sido llevar la universidad al territorio. Hoy, 1.463 estudiantes cursan programas de educaci\u00f3n superior en Arauca, en instituciones como la Universidad Nacional de Colombia, la Universidad Industrial de Santander (UIS), la Escuela Superior de Administraci\u00f3n P\u00fablica (ESAP), el Instituto Superior de Educaci\u00f3n Rural (ISER), la Universidad Nacional Abierta y a Distancia (UNAD) y la Universidad de los Llanos (Unillanos), lo que evidencia un crecimiento progresivo en la oferta local.<\/p>\n<p style=\"text-align: justify;\">Uno de los ejes clave ha sido la articulaci\u00f3n con el Gobierno Nacional, especialmente en el caso de la Universidad Industrial de Santander, cuya llegada al departamento ha contado con respaldo institucional y ha permitido poner en marcha programas acad\u00e9micos presenciales, mientras avanza el proyecto de infraestructura.<\/p>\n<p>[\/et_pb_text][\/et_pb_column][\/et_pb_row][et_pb_row _builder_version=\u00bb4.27.6&#8243; _module_preset=\u00bbdefault\u00bb theme_builder_area=\u00bbpost_content\u00bb][et_pb_column _builder_version=\u00bb4.27.6&#8243; _module_preset=\u00bbdefault\u00bb type=\u00bb4_4&#8243; theme_builder_area=\u00bbpost_content\u00bb][et_pb_gallery _builder_version=\u00bb4.27.6&#8243; _module_preset=\u00bbdefault\u00bb theme_builder_area=\u00bbpost_content\u00bb gallery_ids=\u00bb14818,14819,14820,14821&#8243; gallery_orderby=\u00bbrand\u00bb hover_enabled=\u00bb0&#8243; sticky_enabled=\u00bb0&#8243;][\/et_pb_gallery][\/et_pb_column][\/et_pb_row][et_pb_row _builder_version=\u00bb4.27.6&#8243; _module_preset=\u00bbdefault\u00bb theme_builder_area=\u00bbpost_content\u00bb][et_pb_column _builder_version=\u00bb4.27.6&#8243; _module_preset=\u00bbdefault\u00bb type=\u00bb4_4&#8243; theme_builder_area=\u00bbpost_content\u00bb][et_pb_text _builder_version=\u00bb4.27.6&#8243; _module_preset=\u00bbdefault\u00bb theme_builder_area=\u00bbpost_content\u00bb hover_enabled=\u00bb0&#8243; sticky_enabled=\u00bb0&#8243;]<\/p>\n<p style=\"text-align: justify;\">En paralelo, la Universidad Nacional de Colombia \u2013 Sede Orinoqu\u00eda avanza en la consolidaci\u00f3n de su presencia en la regi\u00f3n. Las obras de mejoramiento de laboratorios y aula m\u00faltiple est\u00e1n en su fase final y se espera su entrega en mayo, mientras que ya se proyecta una nueva inversi\u00f3n para la construcci\u00f3n de un bloque de aulas que ampliar\u00e1 la capacidad de atenci\u00f3n hacia 2027.<\/p>\n<p style=\"text-align: justify;\">A esto se suma la infraestructura de la Universidad Nacional Abierta y a Distancia (UNAD) en el municipio de Arauquita, cuya entrega se prev\u00e9 a mitad de a\u00f1o, fortaleciendo la cobertura y ampliando las opciones de acceso a educaci\u00f3n superior en el territorio.<\/p>\n<p style=\"text-align: justify;\">M\u00e1s all\u00e1 de la infraestructura, el departamento avanza en la ampliaci\u00f3n de programas y cupos en \u00e1reas estrat\u00e9gicas como ingenier\u00eda, arquitectura y ciencias aplicadas, con el objetivo de formar talento humano alineado con las necesidades productivas de la regi\u00f3n.<\/p>\n<p style=\"text-align: justify;\">En un contexto donde hist\u00f3ricamente estudiar implicaba salir del departamento, Arauca comienza a cambiar su narrativa: la de un territorio donde la educaci\u00f3n superior deja de ser una limitaci\u00f3n y se convierte en una herramienta real de desarrollo.<\/p>\n<p>[\/et_pb_text][\/et_pb_column][\/et_pb_row][\/et_pb_section]<\/p>\n","protected":false},"excerpt":{"rendered":"<p>Arauca, 17 de abril de 2026.\u00a0En un departamento hist\u00f3ricamente rezagado en acceso a educaci\u00f3n superior, el gobierno de Renson Mart\u00ednez Prada lidera una de las apuestas m\u00e1s ambiciosas para cerrar brechas, con inversiones cercanas a $40 mil millones y la consolidaci\u00f3n de universidades p\u00fablicas en el territorio. Las cifras reflejan el desaf\u00edo: Arauca registra una [&hellip;]<\/p>\n","protected":false},"author":1,"featured_media":14816,"comment_status":"closed","ping_status":"closed","sticky":false,"template":"","format":"standard","meta":{"_et_pb_use_builder":"on","_et_pb_old_content":"","_et_gb_content_width":"","footnotes":""},"categories":[21,6,1],"tags":[],"class_list":["post-14814","post","type-post","status-publish","format-standard","has-post-thumbnail","hentry","category-boletin","category-noticias","category-sin-categoria"],"_links":{"self":[{"href":"https:\/\/www.sedarauca.edu.co\/index.php\/wp-json\/wp\/v2\/posts\/14814","targetHints":{"allow":["GET"]}}],"collection":[{"href":"https:\/\/www.sedarauca.edu.co\/index.php\/wp-json\/wp\/v2\/posts"}],"about":[{"href":"https:\/\/www.sedarauca.edu.co\/index.php\/wp-json\/wp\/v2\/types\/post"}],"author":[{"embeddable":true,"href":"https:\/\/www.sedarauca.edu.co\/index.php\/wp-json\/wp\/v2\/users\/1"}],"replies":[{"embeddable":true,"href":"https:\/\/www.sedarauca.edu.co\/index.php\/wp-json\/wp\/v2\/comments?post=14814"}],"version-history":[{"count":2,"href":"https:\/\/www.sedarauca.edu.co\/index.php\/wp-json\/wp\/v2\/posts\/14814\/revisions"}],"predecessor-version":[{"id":14822,"href":"https:\/\/www.sedarauca.edu.co\/index.php\/wp-json\/wp\/v2\/posts\/14814\/revisions\/14822"}],"wp:featuredmedia":[{"embeddable":true,"href":"https:\/\/www.sedarauca.edu.co\/index.php\/wp-json\/wp\/v2\/media\/14816"}],"wp:attachment":[{"href":"https:\/\/www.sedarauca.edu.co\/index.php\/wp-json\/wp\/v2\/media?parent=14814"}],"wp:term":[{"taxonomy":"category","embeddable":true,"href":"https:\/\/www.sedarauca.edu.co\/index.php\/wp-json\/wp\/v2\/categories?post=14814"},{"taxonomy":"post_tag","embeddable":true,"href":"https:\/\/www.sedarauca.edu.co\/index.php\/wp-json\/wp\/v2\/tags?post=14814"}],"curies":[{"name":"wp","href":"https:\/\/api.w.org\/{rel}","templated":true}]}}