{"id":14806,"date":"2026-04-21T14:21:00","date_gmt":"2026-04-21T19:21:00","guid":{"rendered":"https:\/\/www.sedarauca.edu.co\/?p=14806"},"modified":"2026-04-27T16:26:18","modified_gmt":"2026-04-27T21:26:18","slug":"gobernador-de-arauca-decreta-un-dia-de-duelo-departamental-en-memoria-de-la-directiva-docente-paola-infante-jaimes","status":"publish","type":"post","link":"https:\/\/www.sedarauca.edu.co\/index.php\/2026\/04\/21\/gobernador-de-arauca-decreta-un-dia-de-duelo-departamental-en-memoria-de-la-directiva-docente-paola-infante-jaimes\/","title":{"rendered":"Gobernador de Arauca decreta un d\u00eda de duelo departamental en memoria de la directiva docente Paola Infante Jaimes"},"content":{"rendered":"\n[et_pb_section fb_built=\u00bb1&#8243; theme_builder_area=\u00bbpost_content\u00bb _builder_version=\u00bb4.27.6&#8243; _module_preset=\u00bbdefault\u00bb][et_pb_row _builder_version=\u00bb4.27.6&#8243; _module_preset=\u00bbdefault\u00bb theme_builder_area=\u00bbpost_content\u00bb][et_pb_column _builder_version=\u00bb4.27.6&#8243; _module_preset=\u00bbdefault\u00bb type=\u00bb4_4&#8243; theme_builder_area=\u00bbpost_content\u00bb][et_pb_text _builder_version=\u00bb4.27.6&#8243; _module_preset=\u00bbdefault\u00bb theme_builder_area=\u00bbpost_content\u00bb hover_enabled=\u00bb0&#8243; sticky_enabled=\u00bb0&#8243;]<p style=\"text-align: justify;\"><strong>Arauca, 21 de abril de 2026.<\/strong> La Gobernaci\u00f3n de Arauca informa que, mediante Decreto No. 314 de 2026, el gobernador Renson Jes\u00fas Mart\u00ednez Prada decret\u00f3 d\u00eda de duelo simb\u00f3lico departamental este mi\u00e9rcoles 22 de abril, en memoria de la directiva docente Paola Infante Jaimes (Q.E.P.D.), como homenaje p\u00f3stumo y expresi\u00f3n de solidaridad por su vida, su labor y su invaluable aporte a la educaci\u00f3n en el departamento.<\/p>\n<p style=\"text-align: justify;\">En el marco de esta declaratoria, se dispone izar las banderas a media asta en las entidades p\u00fablicas del orden departamental, as\u00ed como en las instituciones educativas oficiales, y se invita a las instituciones p\u00fablicas y privadas a realizar actos simb\u00f3licos de conmemoraci\u00f3n, como minutos de silencio y espacios de reflexi\u00f3n. Esta medida tiene car\u00e1cter simb\u00f3lico e institucional, por lo cual no implica la suspensi\u00f3n de actividades laborales, administrativas ni acad\u00e9micas.<\/p>[\/et_pb_text][\/et_pb_column][\/et_pb_row][et_pb_row _builder_version=\u00bb4.27.6&#8243; _module_preset=\u00bbdefault\u00bb column_structure=\u00bb1_5,3_5,1_5&#8243; theme_builder_area=\u00bbpost_content\u00bb][et_pb_column _builder_version=\u00bb4.27.6&#8243; _module_preset=\u00bbdefault\u00bb type=\u00bb1_5&#8243; theme_builder_area=\u00bbpost_content\u00bb][\/et_pb_column][et_pb_column _builder_version=\u00bb4.27.6&#8243; _module_preset=\u00bbdefault\u00bb type=\u00bb3_5&#8243; theme_builder_area=\u00bbpost_content\u00bb][et_pb_image src=\u00bbhttps:\/\/www.sedarauca.edu.co\/wp-content\/uploads\/2026\/04\/En-memoria-de-Paola-Infante-Jaimes.jpeg\u00bb _builder_version=\u00bb4.27.6&#8243; _module_preset=\u00bbdefault\u00bb theme_builder_area=\u00bbpost_content\u00bb title_text=\u00bbEn memoria de Paola Infante Jaimes\u00bb hover_enabled=\u00bb0&#8243; sticky_enabled=\u00bb0&#8243;][\/et_pb_image][\/et_pb_column][et_pb_column _builder_version=\u00bb4.27.6&#8243; _module_preset=\u00bbdefault\u00bb type=\u00bb1_5&#8243; theme_builder_area=\u00bbpost_content\u00bb][\/et_pb_column][\/et_pb_row][et_pb_row _builder_version=\u00bb4.27.6&#8243; _module_preset=\u00bbdefault\u00bb theme_builder_area=\u00bbpost_content\u00bb][et_pb_column _builder_version=\u00bb4.27.6&#8243; _module_preset=\u00bbdefault\u00bb type=\u00bb4_4&#8243; theme_builder_area=\u00bbpost_content\u00bb][et_pb_text _builder_version=\u00bb4.27.6&#8243; _module_preset=\u00bbdefault\u00bb theme_builder_area=\u00bbpost_content\u00bb hover_enabled=\u00bb0&#8243; sticky_enabled=\u00bb0&#8243;]<p style=\"text-align: justify;\">De igual manera, se informa que este mi\u00e9rcoles 22 de abril se llevar\u00e1n a cabo sus honras f\u00fanebres en el municipio de Saravena, con velaci\u00f3n en la sede de ASEDAR y ceremonia religiosa a las 2:30 p. m. en la iglesia central Cristo Rey. Se invita a la comunidad en general, especialmente al magisterio, a acompa\u00f1ar a su familia como un acto de respeto, solidaridad y despedida.<\/p>\n<p style=\"text-align: justify;\">Desde la Gobernaci\u00f3n de Arauca, reiteramos nuestro compromiso con la defensa de la vida y, continuamos acompa\u00f1ando a sus seres queridos y a la comunidad educativa en este momento de profundo dolor.<\/p>[\/et_pb_text][\/et_pb_column][\/et_pb_row][\/et_pb_section]\n","protected":false},"excerpt":{"rendered":"<p>Arauca, 21 de abril de 2026. La Gobernaci\u00f3n de Arauca informa que, mediante Decreto No. 314 de 2026, el gobernador Renson Jes\u00fas Mart\u00ednez Prada decret\u00f3 d\u00eda de duelo simb\u00f3lico departamental este mi\u00e9rcoles 22 de abril, en memoria de la directiva docente Paola Infante Jaimes (Q.E.P.D.), como homenaje p\u00f3stumo y expresi\u00f3n de solidaridad por su vida, [&hellip;]<\/p>\n","protected":false},"author":1,"featured_media":14810,"comment_status":"closed","ping_status":"closed","sticky":false,"template":"","format":"standard","meta":{"_et_pb_use_builder":"on","_et_pb_old_content":"","_et_gb_content_width":"","footnotes":""},"categories":[21,6],"tags":[],"class_list":["post-14806","post","type-post","status-publish","format-standard","has-post-thumbnail","hentry","category-boletin","category-noticias"],"_links":{"self":[{"href":"https:\/\/www.sedarauca.edu.co\/index.php\/wp-json\/wp\/v2\/posts\/14806","targetHints":{"allow":["GET"]}}],"collection":[{"href":"https:\/\/www.sedarauca.edu.co\/index.php\/wp-json\/wp\/v2\/posts"}],"about":[{"href":"https:\/\/www.sedarauca.edu.co\/index.php\/wp-json\/wp\/v2\/types\/post"}],"author":[{"embeddable":true,"href":"https:\/\/www.sedarauca.edu.co\/index.php\/wp-json\/wp\/v2\/users\/1"}],"replies":[{"embeddable":true,"href":"https:\/\/www.sedarauca.edu.co\/index.php\/wp-json\/wp\/v2\/comments?post=14806"}],"version-history":[{"count":4,"href":"https:\/\/www.sedarauca.edu.co\/index.php\/wp-json\/wp\/v2\/posts\/14806\/revisions"}],"predecessor-version":[{"id":14813,"href":"https:\/\/www.sedarauca.edu.co\/index.php\/wp-json\/wp\/v2\/posts\/14806\/revisions\/14813"}],"wp:featuredmedia":[{"embeddable":true,"href":"https:\/\/www.sedarauca.edu.co\/index.php\/wp-json\/wp\/v2\/media\/14810"}],"wp:attachment":[{"href":"https:\/\/www.sedarauca.edu.co\/index.php\/wp-json\/wp\/v2\/media?parent=14806"}],"wp:term":[{"taxonomy":"category","embeddable":true,"href":"https:\/\/www.sedarauca.edu.co\/index.php\/wp-json\/wp\/v2\/categories?post=14806"},{"taxonomy":"post_tag","embeddable":true,"href":"https:\/\/www.sedarauca.edu.co\/index.php\/wp-json\/wp\/v2\/tags?post=14806"}],"curies":[{"name":"wp","href":"https:\/\/api.w.org\/{rel}","templated":true}]}}