{"id":14788,"date":"2026-04-22T15:11:00","date_gmt":"2026-04-22T20:11:00","guid":{"rendered":"https:\/\/www.sedarauca.edu.co\/?p=14788"},"modified":"2026-04-22T17:36:07","modified_gmt":"2026-04-22T22:36:07","slug":"secretaria-de-educacion-departamental-de-arauca-invita-a-diligenciar-instrumento-de-seguimiento-a-la-catedra-de-estudios-afrocolombianos","status":"publish","type":"post","link":"https:\/\/www.sedarauca.edu.co\/index.php\/2026\/04\/22\/secretaria-de-educacion-departamental-de-arauca-invita-a-diligenciar-instrumento-de-seguimiento-a-la-catedra-de-estudios-afrocolombianos\/","title":{"rendered":"Secretar\u00eda de Educaci\u00f3n Departamental de Arauca invita a los establecimientos educativos a diligenciar instrumento de seguimiento a la C\u00e1tedra de Estudios Afrocolombianos"},"content":{"rendered":"\n[et_pb_section fb_built=\u00bb1&#8243; theme_builder_area=\u00bbpost_content\u00bb _builder_version=\u00bb4.27.6&#8243; _module_preset=\u00bbdefault\u00bb][et_pb_row _builder_version=\u00bb4.27.6&#8243; _module_preset=\u00bbdefault\u00bb theme_builder_area=\u00bbpost_content\u00bb][et_pb_column _builder_version=\u00bb4.27.6&#8243; _module_preset=\u00bbdefault\u00bb type=\u00bb4_4&#8243; theme_builder_area=\u00bbpost_content\u00bb][et_pb_text _builder_version=\u00bb4.27.6&#8243; _module_preset=\u00bbdefault\u00bb theme_builder_area=\u00bbpost_content\u00bb hover_enabled=\u00bb0&#8243; sticky_enabled=\u00bb0&#8243;]<p style=\"text-align: justify;\">La <strong>Secretar\u00eda de Educaci\u00f3n Departamental de Arauca<\/strong>, a trav\u00e9s del <strong>\u00c1rea de Calidad Educativa<\/strong>, invita a los <strong>Directivos Docentes y Docentes<\/strong> de los establecimientos educativos oficiales y no oficiales del departamento a diligenciar el <strong>Instrumento de Seguimiento y Monitoreo para la Implementaci\u00f3n de la C\u00e1tedra de Estudios Afrocolombianos (CEA)<\/strong>.<\/p>\n<p style=\"text-align: justify;\">Este instrumento tiene como prop\u00f3sito <strong>consolidar informaci\u00f3n oficial<\/strong> que permita fortalecer los procesos de <strong>seguimiento, monitoreo y mejoramiento institucional<\/strong>, en concordancia con los lineamientos establecidos en la <strong>Gu\u00eda 34 del Ministerio de Educaci\u00f3n Nacional<\/strong>.<\/p>\n<p style=\"text-align: justify;\">La informaci\u00f3n recolectada ser\u00e1 utilizada <strong>exclusivamente con fines pedag\u00f3gicos, t\u00e9cnicos y estad\u00edsticos<\/strong>, orientados al fortalecimiento de la calidad educativa, el enfoque intercultural y la implementaci\u00f3n efectiva de la C\u00e1tedra de Estudios Afrocolombianos en las instituciones educativas del departamento.<\/p>\n<p style=\"text-align: justify;\">El formulario contempla aspectos relacionados con:<\/p>\n<ul style=\"text-align: justify;\">\n<li>Identificaci\u00f3n institucional y caracterizaci\u00f3n de la poblaci\u00f3n estudiantil.<\/li>\n<li>Evaluaci\u00f3n de la implementaci\u00f3n de la CEA en las \u00e1reas de <strong>Gesti\u00f3n Directiva, Acad\u00e9mica y Pedag\u00f3gica, Administrativa y Financiera, y Comunitaria<\/strong>.<\/li>\n<li>Observaciones y compromisos institucionales frente a los avances y desaf\u00edos del proceso.<\/li>\n<\/ul>\n<p style=\"text-align: justify;\">\ud83d\uddd3 <strong>Fecha l\u00edmite de diligenciamiento:<\/strong> <strong>15 de mayo de 2026<\/strong><br \/>\ud83d\udd17 <strong>Enlace al formulario:<\/strong><br \/>\ud83d\udc49 <a href=\"https:\/\/forms.cloud.microsoft\/r\/CD5gAwzrLx\">https:\/\/forms.cloud.microsoft\/r\/CD5gAwzrLx<\/a>\u00a0<\/p>\n<p style=\"text-align: justify;\">El diligenciamiento oportuno y responsable de este instrumento permitir\u00e1 a la Secretar\u00eda de Educaci\u00f3n Departamental brindar <strong>acompa\u00f1amiento t\u00e9cnico pertinente<\/strong>, promover pr\u00e1cticas pedag\u00f3gicas interculturales y avanzar en el reconocimiento y valoraci\u00f3n de la diversidad \u00e9tnica y cultural en el sistema educativo de Arauca.<\/p>\n<p style=\"text-align: justify;\"><strong>Secretar\u00eda de Educaci\u00f3n Departamental de Arauca<\/strong><br \/><em>Comprometidos con una educaci\u00f3n inclusiva, diversa y de calidad.<\/em><\/p>[\/et_pb_text][\/et_pb_column][\/et_pb_row][\/et_pb_section]\n","protected":false},"excerpt":{"rendered":"<p>La Secretar\u00eda de Educaci\u00f3n Departamental de Arauca, a trav\u00e9s del \u00c1rea de Calidad Educativa, invita a los Directivos Docentes y Docentes de los establecimientos educativos oficiales y no oficiales del departamento a diligenciar el Instrumento de Seguimiento y Monitoreo para la Implementaci\u00f3n de la C\u00e1tedra de Estudios Afrocolombianos (CEA). Este instrumento tiene como prop\u00f3sito consolidar [&hellip;]<\/p>\n","protected":false},"author":1,"featured_media":14795,"comment_status":"closed","ping_status":"closed","sticky":false,"template":"","format":"standard","meta":{"_et_pb_use_builder":"on","_et_pb_old_content":"","_et_gb_content_width":"","footnotes":""},"categories":[6],"tags":[],"class_list":["post-14788","post","type-post","status-publish","format-standard","has-post-thumbnail","hentry","category-noticias"],"_links":{"self":[{"href":"https:\/\/www.sedarauca.edu.co\/index.php\/wp-json\/wp\/v2\/posts\/14788","targetHints":{"allow":["GET"]}}],"collection":[{"href":"https:\/\/www.sedarauca.edu.co\/index.php\/wp-json\/wp\/v2\/posts"}],"about":[{"href":"https:\/\/www.sedarauca.edu.co\/index.php\/wp-json\/wp\/v2\/types\/post"}],"author":[{"embeddable":true,"href":"https:\/\/www.sedarauca.edu.co\/index.php\/wp-json\/wp\/v2\/users\/1"}],"replies":[{"embeddable":true,"href":"https:\/\/www.sedarauca.edu.co\/index.php\/wp-json\/wp\/v2\/comments?post=14788"}],"version-history":[{"count":4,"href":"https:\/\/www.sedarauca.edu.co\/index.php\/wp-json\/wp\/v2\/posts\/14788\/revisions"}],"predecessor-version":[{"id":14794,"href":"https:\/\/www.sedarauca.edu.co\/index.php\/wp-json\/wp\/v2\/posts\/14788\/revisions\/14794"}],"wp:featuredmedia":[{"embeddable":true,"href":"https:\/\/www.sedarauca.edu.co\/index.php\/wp-json\/wp\/v2\/media\/14795"}],"wp:attachment":[{"href":"https:\/\/www.sedarauca.edu.co\/index.php\/wp-json\/wp\/v2\/media?parent=14788"}],"wp:term":[{"taxonomy":"category","embeddable":true,"href":"https:\/\/www.sedarauca.edu.co\/index.php\/wp-json\/wp\/v2\/categories?post=14788"},{"taxonomy":"post_tag","embeddable":true,"href":"https:\/\/www.sedarauca.edu.co\/index.php\/wp-json\/wp\/v2\/tags?post=14788"}],"curies":[{"name":"wp","href":"https:\/\/api.w.org\/{rel}","templated":true}]}}