{"id":14764,"date":"2026-04-21T08:34:00","date_gmt":"2026-04-21T13:34:00","guid":{"rendered":"https:\/\/www.sedarauca.edu.co\/?p=14764"},"modified":"2026-04-22T11:58:37","modified_gmt":"2026-04-22T16:58:37","slug":"la-gobernacion-de-arauca-realizo-con-exito-la-primera-mesa-publica-departamental-del-programa-de-alimentacion-escolar-para-la-vigencia-2026","status":"publish","type":"post","link":"https:\/\/www.sedarauca.edu.co\/index.php\/2026\/04\/21\/la-gobernacion-de-arauca-realizo-con-exito-la-primera-mesa-publica-departamental-del-programa-de-alimentacion-escolar-para-la-vigencia-2026\/","title":{"rendered":"La Gobernaci\u00f3n de Arauca realiz\u00f3 con \u00e9xito la Primera Mesa P\u00fablica Departamental del Programa de Alimentaci\u00f3n Escolar para la vigencia 2026"},"content":{"rendered":"<p>[et_pb_section fb_built=\u00bb1&#8243; theme_builder_area=\u00bbpost_content\u00bb _builder_version=\u00bb4.27.6&#8243; _module_preset=\u00bbdefault\u00bb][et_pb_row _builder_version=\u00bb4.27.6&#8243; _module_preset=\u00bbdefault\u00bb theme_builder_area=\u00bbpost_content\u00bb][et_pb_column _builder_version=\u00bb4.27.6&#8243; _module_preset=\u00bbdefault\u00bb type=\u00bb4_4&#8243; theme_builder_area=\u00bbpost_content\u00bb][et_pb_text _builder_version=\u00bb4.27.6&#8243; _module_preset=\u00bbdefault\u00bb theme_builder_area=\u00bbpost_content\u00bb custom_margin=\u00bb-20px||||false|false\u00bb hover_enabled=\u00bb0&#8243; sticky_enabled=\u00bb0&#8243;]<\/p>\n<p style=\"text-align: center;\"><em>En el departamento se garantiza la alimentaci\u00f3n de 48.734 estudiantes, manteniendo la cobertura del 100% rural y avanzando progresivamente en la urbana que alcanza el 80.27%.<\/em><\/p>\n<p>[\/et_pb_text][\/et_pb_column][\/et_pb_row][et_pb_row _builder_version=\u00bb4.27.6&#8243; _module_preset=\u00bbdefault\u00bb theme_builder_area=\u00bbpost_content\u00bb][et_pb_column _builder_version=\u00bb4.27.6&#8243; _module_preset=\u00bbdefault\u00bb type=\u00bb4_4&#8243; theme_builder_area=\u00bbpost_content\u00bb][et_pb_text _builder_version=\u00bb4.27.6&#8243; _module_preset=\u00bbdefault\u00bb theme_builder_area=\u00bbpost_content\u00bb hover_enabled=\u00bb0&#8243; sticky_enabled=\u00bb0&#8243;]<\/p>\n<p style=\"text-align: justify;\"><strong>Arauquita, 20 de abril de 2026.<\/strong> Con un balance contundente en eficiencia y transparencia, la Gobernaci\u00f3n de Arauca, liderada por el gobernador Renson Mart\u00ednez Prada, llev\u00f3 a cabo con \u00e9xito la Primera Mesa P\u00fablica Departamental del Programa de Alimentaci\u00f3n Escolar (PAE) para la vigencia 2026. El evento, desarrollado en el Centro de Convivencia de Arauquita, ratific\u00f3 que hoy 48.734 ni\u00f1os, ni\u00f1as, adolescentes y j\u00f3venes asisten a las aulas con la garant\u00eda de una nutrici\u00f3n de calidad; de esta cifra, 36.341 estudiantes son atendidos directamente por la administraci\u00f3n departamental y 12.393 a trav\u00e9s de las alcald\u00edas de Arauca, Arauquita, Fortul, Saravena y Tame.<\/p>\n<p style=\"text-align: justify;\">Para cumplir con este compromiso, el Gobierno Departamental ha priorizado la educaci\u00f3n mediante la gesti\u00f3n y aseguramiento de los recursos financieros que permiten operar el PAE desde el primer d\u00eda del calendario escolar. Actualmente, el PAE Mayoritario funciona con una inversi\u00f3n superior a los 42 mil millones de pesos para 33.434 beneficiarios, mientras que el PAE Ind\u00edgena, con una inversi\u00f3n de 9.646 millones de pesos, atiende a 2.870 estudiantes adicionales a trav\u00e9s de las asociaciones Asocata y Ascatidar. De igual forma, destaca el modelo del PAE Rural Disperso en el municipio de Cravo Norte, donde con una inversi\u00f3n superior a los 63 millones de pesos, la Asociaci\u00f3n de Padres de Familia ASOGALAN opera de manera oportuna la prestaci\u00f3n del servicio a 37 estudiantes en tres sedes educativas. Estas sedes, ubicadas en zonas tan remotas que una de ellas colinda con el departamento del Vichada y reciben los insumos por v\u00eda fluvial.<\/p>\n<p>[\/et_pb_text][\/et_pb_column][\/et_pb_row][et_pb_row _builder_version=\u00bb4.27.6&#8243; _module_preset=\u00bbdefault\u00bb theme_builder_area=\u00bbpost_content\u00bb][et_pb_column _builder_version=\u00bb4.27.6&#8243; _module_preset=\u00bbdefault\u00bb type=\u00bb4_4&#8243; theme_builder_area=\u00bbpost_content\u00bb][et_pb_gallery _builder_version=\u00bb4.27.6&#8243; _module_preset=\u00bbdefault\u00bb theme_builder_area=\u00bbpost_content\u00bb gallery_ids=\u00bb14769,14770,14771,14772,14773,14774,14775,14776,14777,14778,14779,14780,14781,14782,14783,14784,14785,14786&#8243; gallery_orderby=\u00bbrand\u00bb hover_enabled=\u00bb0&#8243; sticky_enabled=\u00bb0&#8243;][\/et_pb_gallery][\/et_pb_column][\/et_pb_row][et_pb_row _builder_version=\u00bb4.27.6&#8243; _module_preset=\u00bbdefault\u00bb theme_builder_area=\u00bbpost_content\u00bb][et_pb_column _builder_version=\u00bb4.27.6&#8243; _module_preset=\u00bbdefault\u00bb type=\u00bb4_4&#8243; theme_builder_area=\u00bbpost_content\u00bb][et_pb_text _builder_version=\u00bb4.27.6&#8243; _module_preset=\u00bbdefault\u00bb theme_builder_area=\u00bbpost_content\u00bb custom_margin=\u00bb-50px||||false|false\u00bb hover_enabled=\u00bb0&#8243; sticky_enabled=\u00bb0&#8243;]<\/p>\n<p style=\"text-align: justify;\">Al respecto, el secretario de Educaci\u00f3n Departamental, licenciado Ariel Pedraza Pinz\u00f3n, destac\u00f3 que se mantiene la cobertura del 100% en el sector rural y se trabaja articuladamente con el Gobierno Nacional para alcanzar la cobertura universal en el casco urbano, que hoy se sit\u00faa en el 80.27%. El funcionario enfatiz\u00f3 que el servicio se presta principalmente bajo las modalidades de preparado en sitio y comida caliente transportada, evitando el uso de raciones industrializadas para asegurar la frescura y calidad de los alimentos. Es importante resaltar que el tama\u00f1o de las porciones y gramajes est\u00e1n definidos estrictamente por el Gobierno Nacional seg\u00fan el nivel educativo, organizados en cinco grupos que van desde preescolar hasta media; de esta manera, los estudiantes de grados superiores reciben porciones mayores, garantizando el aporte nutricional exacto exigido por la norma nacional para cada etapa de desarrollo.<\/p>\n<p style=\"text-align: justify;\">La operatividad del programa incluye diversas modalidades de entrega: complementos tipo almuerzo para jornada extendida y zona rural, complementos para la jornada ma\u00f1ana en preescolar y primaria, y la garant\u00eda de cinco tiempos de comida (desayuno, refrigerio ma\u00f1ana, almuerzo, refrigerio tarde y cena) para quienes se encuentran en residencias escolares. Finalmente, el encuentro cont\u00f3 con la participaci\u00f3n activa de padres de familia, docentes, Comit\u00e9s de Alimentaci\u00f3n Escolar (CAE), entes de control, el enlace territorial de la Unidad Alimentos para Aprender (UAPA), operadores e interventor\u00edas, dando cumplimiento integral a la Resoluci\u00f3n 0335 de 2021 y su anexo t\u00e9cnico de participaci\u00f3n ciudadana.<\/p>\n<p>[\/et_pb_text][\/et_pb_column][\/et_pb_row][\/et_pb_section]<\/p>\n","protected":false},"excerpt":{"rendered":"<p>En el departamento se garantiza la alimentaci\u00f3n de 48.734 estudiantes, manteniendo la cobertura del 100% rural y avanzando progresivamente en la urbana que alcanza el 80.27%.Arauquita, 20 de abril de 2026. Con un balance contundente en eficiencia y transparencia, la Gobernaci\u00f3n de Arauca, liderada por el gobernador Renson Mart\u00ednez Prada, llev\u00f3 a cabo con \u00e9xito [&hellip;]<\/p>\n","protected":false},"author":1,"featured_media":14766,"comment_status":"closed","ping_status":"closed","sticky":false,"template":"","format":"standard","meta":{"_et_pb_use_builder":"on","_et_pb_old_content":"","_et_gb_content_width":"","footnotes":""},"categories":[6,17],"tags":[],"class_list":["post-14764","post","type-post","status-publish","format-standard","has-post-thumbnail","hentry","category-noticias","category-pae"],"_links":{"self":[{"href":"https:\/\/www.sedarauca.edu.co\/index.php\/wp-json\/wp\/v2\/posts\/14764","targetHints":{"allow":["GET"]}}],"collection":[{"href":"https:\/\/www.sedarauca.edu.co\/index.php\/wp-json\/wp\/v2\/posts"}],"about":[{"href":"https:\/\/www.sedarauca.edu.co\/index.php\/wp-json\/wp\/v2\/types\/post"}],"author":[{"embeddable":true,"href":"https:\/\/www.sedarauca.edu.co\/index.php\/wp-json\/wp\/v2\/users\/1"}],"replies":[{"embeddable":true,"href":"https:\/\/www.sedarauca.edu.co\/index.php\/wp-json\/wp\/v2\/comments?post=14764"}],"version-history":[{"count":3,"href":"https:\/\/www.sedarauca.edu.co\/index.php\/wp-json\/wp\/v2\/posts\/14764\/revisions"}],"predecessor-version":[{"id":14787,"href":"https:\/\/www.sedarauca.edu.co\/index.php\/wp-json\/wp\/v2\/posts\/14764\/revisions\/14787"}],"wp:featuredmedia":[{"embeddable":true,"href":"https:\/\/www.sedarauca.edu.co\/index.php\/wp-json\/wp\/v2\/media\/14766"}],"wp:attachment":[{"href":"https:\/\/www.sedarauca.edu.co\/index.php\/wp-json\/wp\/v2\/media?parent=14764"}],"wp:term":[{"taxonomy":"category","embeddable":true,"href":"https:\/\/www.sedarauca.edu.co\/index.php\/wp-json\/wp\/v2\/categories?post=14764"},{"taxonomy":"post_tag","embeddable":true,"href":"https:\/\/www.sedarauca.edu.co\/index.php\/wp-json\/wp\/v2\/tags?post=14764"}],"curies":[{"name":"wp","href":"https:\/\/api.w.org\/{rel}","templated":true}]}}